{"id":121537,"date":"2025-12-20T14:27:09","date_gmt":"2025-12-20T14:27:09","guid":{"rendered":"https:\/\/www.europesays.com\/fi\/121537\/"},"modified":"2025-12-20T14:27:09","modified_gmt":"2025-12-20T14:27:09","slug":"onnettomuus-keha-iiilla-ilta-sanomat","status":"publish","type":"post","link":"https:\/\/www.europesays.com\/fi\/121537\/","title":{"rendered":"Onnettomuus Keh\u00e4 III:lla &#8211; Ilta-Sanomat"},"content":{"rendered":"<p>Ruuhka on helpottamassa.<\/p>\n<p class=\"article-body mb-nof-24 px-nof-16\">Vantaalla Keh\u00e4 III:lla sattui kolmen j\u00e4lkeen liikenneonnettomuus. Kyseess\u00e4 oli kolmen auton per\u00e4\u00e4najo, kertoo It\u00e4-Uudenmaan poliisi.<\/p>\n<p class=\"article-body mb-nof-24 px-nof-16\">Onnettomuus tapahtui kilometri ennen H\u00e4meenlinnanv\u00e4yl\u00e4n liittym\u00e4\u00e4.<\/p>\n<p class=\"article-body mb-nof-24 px-nof-16\">Toinen ajokaista jouduttiin sulkemaan liikenteelt\u00e4. Nyt partio on suorittanut teht\u00e4v\u00e4n loppuun, ja liikenne palautuu v\u00e4hitellen normaaliksi.<\/p>\n","protected":false},"excerpt":{"rendered":"Ruuhka on helpottamassa. Vantaalla Keh\u00e4 III:lla sattui kolmen j\u00e4lkeen liikenneonnettomuus. Kyseess\u00e4 oli kolmen auton per\u00e4\u00e4najo, kertoo It\u00e4-Uudenmaan poliisi.&hellip;\n","protected":false},"author":2,"featured_media":1024,"comment_status":"","ping_status":"","sticky":false,"template":"","format":"standard","meta":{"footnotes":""},"categories":[12],"tags":[22,23,26,27,33,31,30,17,34,24,25,28,29,15,18,21,32,19,20,16],"class_list":{"0":"post-121537","1":"post","2":"type-post","3":"status-publish","4":"format-standard","5":"has-post-thumbnail","7":"category-suomi","8":"tag-breaking-news","9":"tag-breakingnews","10":"tag-featured-news","11":"tag-featurednews","12":"tag-fi","13":"tag-finland","14":"tag-finnish","15":"tag-headlines","16":"tag-ilta-sanomat","17":"tag-latest-news","18":"tag-latestnews","19":"tag-main-news","20":"tag-mainnews","21":"tag-news","22":"tag-otsikot","23":"tag-paauutiset","24":"tag-suomi","25":"tag-top-stories","26":"tag-topstories","27":"tag-uutiset"},"share_on_mastodon":{"url":"https:\/\/pubeurope.com\/@fi\/115752366548955370","error":""},"_links":{"self":[{"href":"https:\/\/www.europesays.com\/fi\/wp-json\/wp\/v2\/posts\/121537","targetHints":{"allow":["GET"]}}],"collection":[{"href":"https:\/\/www.europesays.com\/fi\/wp-json\/wp\/v2\/posts"}],"about":[{"href":"https:\/\/www.europesays.com\/fi\/wp-json\/wp\/v2\/types\/post"}],"author":[{"embeddable":true,"href":"https:\/\/www.europesays.com\/fi\/wp-json\/wp\/v2\/users\/2"}],"replies":[{"embeddable":true,"href":"https:\/\/www.europesays.com\/fi\/wp-json\/wp\/v2\/comments?post=121537"}],"version-history":[{"count":0,"href":"https:\/\/www.europesays.com\/fi\/wp-json\/wp\/v2\/posts\/121537\/revisions"}],"wp:featuredmedia":[{"embeddable":true,"href":"https:\/\/www.europesays.com\/fi\/wp-json\/wp\/v2\/media\/1024"}],"wp:attachment":[{"href":"https:\/\/www.europesays.com\/fi\/wp-json\/wp\/v2\/media?parent=121537"}],"wp:term":[{"taxonomy":"category","embeddable":true,"href":"https:\/\/www.europesays.com\/fi\/wp-json\/wp\/v2\/categories?post=121537"},{"taxonomy":"post_tag","embeddable":true,"href":"https:\/\/www.europesays.com\/fi\/wp-json\/wp\/v2\/tags?post=121537"}],"curies":[{"name":"wp","href":"https:\/\/api.w.org\/{rel}","templated":true}]}}