{"id":121538,"date":"2025-12-20T14:28:09","date_gmt":"2025-12-20T14:28:09","guid":{"rendered":"https:\/\/www.europesays.com\/fi\/121538\/"},"modified":"2025-12-20T14:28:09","modified_gmt":"2025-12-20T14:28:09","slug":"republikaanien-elise-stefanik-jattaytyy-pois-new-yorkin-kuvernoorikilpailusta-uutisia-lyhyesti","status":"publish","type":"post","link":"https:\/\/www.europesays.com\/fi\/121538\/","title":{"rendered":"Republikaanien Elise Stefanik j\u00e4tt\u00e4ytyy pois New Yorkin kuvern\u00f6\u00f6rikilpailusta | Uutisia lyhyesti"},"content":{"rendered":"<p class=\"aw-1gybjub aw-1p7kakr kEtdKx cEmitX yle__article__paragraph\">Yhdysvalloissa republikaanipuolueen kongressiedustaja <strong class=\"aw-ak79eh KyCXm yle__article__strong\">Elise Stefanik<\/strong> j\u00e4tt\u00e4ytyy pois New Yorkin kuvern\u00f6\u00f6rikilpailusta. Lis\u00e4ksi h\u00e4n j\u00e4tt\u00e4\u00e4 paikkansa kongressissa tulevana vuonna. Stefanik kertoo asiasta viestipalvelu X:ss\u00e4.<\/p>\n<p class=\"aw-1gybjub aw-1p7kakr kEtdKx cEmitX yle__article__paragraph\">Stefanikin mukaan p\u00e4\u00e4t\u00f6ksen taustalla ovat muun muassa perhesyyt.<\/p>\n<p class=\"aw-1gybjub aw-1p7kakr kEtdKx cEmitX yle__article__paragraph\">Stefanik oli aiemmin t\u00e4n\u00e4 vuonna ehdokkaana Yhdysvaltain YK-suurl\u00e4hettil\u00e4\u00e4ksi, mutta presidentti <strong class=\"aw-ak79eh KyCXm yle__article__strong\">Donald Trump<\/strong> veti ehdokkuuden pois ennen lopullista valintaa.<\/p>\n<p class=\"aw-1gybjub aw-1p7kakr kEtdKx cEmitX yle__article__paragraph\">Republikaanipuolueen oikeistosiipeen kuuluvaa Stefanikia on kuvailtu Trumpin vankaksi liittolaiseksi ja Israelin tukijaksi.<\/p>\n","protected":false},"excerpt":{"rendered":"Yhdysvalloissa republikaanipuolueen kongressiedustaja Elise Stefanik j\u00e4tt\u00e4ytyy pois New Yorkin kuvern\u00f6\u00f6rikilpailusta. Lis\u00e4ksi h\u00e4n j\u00e4tt\u00e4\u00e4 paikkansa kongressissa tulevana vuonna. Stefanik&hellip;\n","protected":false},"author":2,"featured_media":121539,"comment_status":"","ping_status":"","sticky":false,"template":"","format":"standard","meta":{"footnotes":""},"categories":[5],"tags":[22,23,585,21876,26,27,33,31,30,17,24,25,28,29,5581,15,18,21,32,19,20,56,16,2196,619,5087],"class_list":{"0":"post-121538","1":"post","2":"type-post","3":"status-publish","4":"format-standard","5":"has-post-thumbnail","7":"category-otsikot","8":"tag-breaking-news","9":"tag-breakingnews","10":"tag-donald-trump","11":"tag-elise-stefanik","12":"tag-featured-news","13":"tag-featurednews","14":"tag-fi","15":"tag-finland","16":"tag-finnish","17":"tag-headlines","18":"tag-latest-news","19":"tag-latestnews","20":"tag-main-news","21":"tag-mainnews","22":"tag-new-york-osavaltio","23":"tag-news","24":"tag-otsikot","25":"tag-paauutiset","26":"tag-suomi","27":"tag-top-stories","28":"tag-topstories","29":"tag-ulkomaat","30":"tag-uutiset","31":"tag-vaalit","32":"tag-yhdysvallat","33":"tag-yhdysvaltain-republikaaninen-puolue"},"share_on_mastodon":{"url":"https:\/\/pubeurope.com\/@fi\/115752370395913968","error":""},"_links":{"self":[{"href":"https:\/\/www.europesays.com\/fi\/wp-json\/wp\/v2\/posts\/121538","targetHints":{"allow":["GET"]}}],"collection":[{"href":"https:\/\/www.europesays.com\/fi\/wp-json\/wp\/v2\/posts"}],"about":[{"href":"https:\/\/www.europesays.com\/fi\/wp-json\/wp\/v2\/types\/post"}],"author":[{"embeddable":true,"href":"https:\/\/www.europesays.com\/fi\/wp-json\/wp\/v2\/users\/2"}],"replies":[{"embeddable":true,"href":"https:\/\/www.europesays.com\/fi\/wp-json\/wp\/v2\/comments?post=121538"}],"version-history":[{"count":0,"href":"https:\/\/www.europesays.com\/fi\/wp-json\/wp\/v2\/posts\/121538\/revisions"}],"wp:featuredmedia":[{"embeddable":true,"href":"https:\/\/www.europesays.com\/fi\/wp-json\/wp\/v2\/media\/121539"}],"wp:attachment":[{"href":"https:\/\/www.europesays.com\/fi\/wp-json\/wp\/v2\/media?parent=121538"}],"wp:term":[{"taxonomy":"category","embeddable":true,"href":"https:\/\/www.europesays.com\/fi\/wp-json\/wp\/v2\/categories?post=121538"},{"taxonomy":"post_tag","embeddable":true,"href":"https:\/\/www.europesays.com\/fi\/wp-json\/wp\/v2\/tags?post=121538"}],"curies":[{"name":"wp","href":"https:\/\/api.w.org\/{rel}","templated":true}]}}