{"id":121542,"date":"2025-12-20T14:47:10","date_gmt":"2025-12-20T14:47:10","guid":{"rendered":"https:\/\/www.europesays.com\/fi\/121542\/"},"modified":"2025-12-20T14:47:10","modified_gmt":"2025-12-20T14:47:10","slug":"suvi-minkkisen-olympiahaaveet-nousussa-tulee-varmasti-mielenkiintoiset-kaksi-viikkoa","status":"publish","type":"post","link":"https:\/\/www.europesays.com\/fi\/121542\/","title":{"rendered":"Suvi Minkkisen olympiahaaveet nousussa: \u201dTulee varmasti mielenkiintoiset kaksi viikkoa\u201d"},"content":{"rendered":"<p>Ampumahiihto|Suvi Minkkinen k\u00e4rsi alkuviikosta ruokamyrkytyksest\u00e4. Sairastelu n\u00e4kyi lauantaina ainakin hieman.<\/p>\n<p class=\"article-body mb-nof-24 px-nof-16\">Suomen ampumahiihtot\u00e4hti <a class=\"article-personlink\" href=\"https:\/\/www.hs.fi\/haku\/?query=Suvi%20Minkkinen\" rel=\"nofollow noopener\" target=\"_blank\">Suvi Minkkinen<\/a> nousi mahtavasti kakkoseksi maailmancupin takaa-ajossa Ranskan Annecyssa lauantaina. H\u00e4n l\u00e4hti kisaan kuutostilalta.<\/p>\n<p class=\"article-body mb-nof-24 px-nof-16\">Minkkinen oli ruokamyrkytyksen kourissa alkuviikosta. Siksi vire ei ollut lauantaina paras mahdollinen hienosta lopputuloksesta huolimatta.<\/p>\n<p class=\"article-body mb-nof-24 px-nof-16\">\u201dPerjantaina oloni oli kohtuullisen normaali jo, siis normaalissa mittakaavassa. Mutta huippu-urheilu ja huippusuoritukset vaativat v\u00e4h\u00e4n enemm\u00e4n viel\u00e4\u201d, Minkkinen kertoi kisan j\u00e4lkeen.<\/p>\n<p class=\"article-body mb-nof-24 px-nof-16\">\u201dVaikka olin saanut sy\u00f6ty\u00e4 ihan hyvin, nelj\u00e4nnell\u00e4 kierroksella alkoi painaa ja se oli hirve\u00e4 taistelu lopulta. Yhdess\u00e4 m\u00e4ess\u00e4 pohkeeseenkin meinasi alkaa tulla kramppia.\u201d<\/p>\n<p class=\"article-body mb-nof-24 px-nof-16\">Minkkinen oli todella voipunut ja ker\u00e4si voimia pitk\u00e4\u00e4n kisan j\u00e4lkeen.<\/p>\n<p class=\"article-body mb-nof-24 px-nof-16\">\u201dLoppui t\u00e4ysin veto maalissa. Oli sellainen olo, ett\u00e4 jos nyt vaan voisin hetken olla t\u00e4ss\u00e4.\u201d<\/p>\n<p class=\"article-body mb-nof-24 px-nof-16\">Minkkinen otti uransa ensimm\u00e4isen voiton maailmancupissa \u00d6stersundissa kaksi viikkoa sitten.<\/p>\n<p class=\"article-body mb-nof-24 px-nof-16\">\u201dT\u00e4ll\u00e4 hetkell\u00e4 ei l\u00f6ydy samanlaista kiristysvaraa viimeiselle kierrokselle kuin siell\u00e4 viesteiss\u00e4 ja pikakisassa. Mutta vaikka se olisi l\u00f6ytynyt t\u00e4n\u00e4\u00e4n, sijoitus ei olisi parantunut\u201d, 30,2 sekuntia Ranskan <a class=\"article-personlink\" href=\"https:\/\/www.hs.fi\/haku\/?query=Lou%20Jeanmonnot%E2%80%99lle\" rel=\"nofollow noopener\" target=\"_blank\">Lou Jeanmonnot\u2019lle<\/a> h\u00e4vinnyt Minkkinen sanoi.<\/p>\n<p class=\"article-body mb-nof-24 px-nof-16\">Minkkinen rakensi kisataktiikkansa ammunnan varaan lauantaina.<\/p>\n<p class=\"article-body mb-nof-24 px-nof-16\">Se onnistui t\u00e4ydellisesti. Kaikki 20 laikkaa putosivat nopeassa tahdissa.<\/p>\n<p class=\"article-body mb-nof-24 px-nof-16\">\u201dKun ei ollut semmoinen hy\u00f6kk\u00e4\u00e4vin fiilis ladulla, vahva ajatukseni oli ett\u00e4 tehd\u00e4\u00e4n paras mahdollinen ampumahiihtokisa. Yritin tehd\u00e4 pelin itselleni mahdollisimman helpoksi penkalle t\u00e4n\u00e4\u00e4n, ja olen tosi iloinen ett\u00e4 onnistuin siin\u00e4.\u201d<\/p>\n<p class=\"article-body mb-nof-24 px-nof-16\">Minkkinen kuittaa kakkossijastaan palkintorahaa 16\u202f000 euroa. H\u00e4nen palkintorahapottinsa kuluvalta kaudelta on jo yli 70\u202f000 euroa.<\/p>\n<p><img decoding=\"async\" src=\"https:\/\/www.europesays.com\/fi\/wp-content\/uploads\/2025\/12\/1766242030_353_468.jpg\" alt=\"Annecyn kisat ovat jo nyt olleet menestys Suvi Minkkiselle. J\u00e4ljell\u00e4 on viel\u00e4 massal\u00e4ht\u00f6 sunnuntaina.\" class=\"_Img_1rerz_1\" style=\"aspect-ratio:0.75\" loading=\"eager\"\/><\/p>\n<p class=\"article-picture-caption\">Annecyn kisat ovat jo nyt olleet menestys Suvi Minkkiselle. J\u00e4ljell\u00e4 on viel\u00e4 massal\u00e4ht\u00f6 sunnuntaina. Kuva:\u00a0Pauline FIGUET<\/p>\n<p class=\"article-body mb-nof-24 px-nof-16\">Minkkinen on Suomen suurimpia mitalitoivoja Milano-Cortinan talviolympialaisissa helmikuussa.<\/p>\n<p class=\"article-body mb-nof-24 px-nof-16\">H\u00e4n on kertonut monta kertaa, ett\u00e4 treenasi kes\u00e4ll\u00e4 mitalimieless\u00e4. Ja miksi ei olisi treenannut, kun MM-kisoista tuli jo mitali viime kaudella.<\/p>\n<p class=\"article-body mb-nof-24 px-nof-16\">\u201dAlkukauden kisat ovat olleet hurjan arvokkaita kokemuksia, kun olen p\u00e4\u00e4ssyt taistelemaan palkintopallisijoista viimeisiss\u00e4 ammunnoissa. Uskon, ett\u00e4 ne tekev\u00e4t minusta koko ajan paremman ja vahvemman urheilijan.\u201d<\/p>\n<p class=\"article-body mb-nof-24 px-nof-16\">H\u00e4nell\u00e4 ei ole varsinaista p\u00e4\u00e4matkaa olympialaisissa.<\/p>\n<p class=\"article-body mb-nof-24 px-nof-16\">\u201dKuten tuloksista n\u00e4kee, siell\u00e4 on monta naista, jotka voivat voittaa ja olla podiumilla. Koen, ett\u00e4 kuulun itse heihin ja jokainen matka on mahdollisuus.\u201d<\/p>\n<p class=\"article-body mb-nof-24 px-nof-16\">\u201dSiell\u00e4 tulee varmasti mielenkiintoiset kaksi viikkoa.\u201d<\/p>\n<p>Naisten takaa-ajo 10 km, Annecyn maailmancup, tulokset<\/p>\n<ol class=\"mb-nof-16 px-nof-16 article-ordered-list ordered-list\">\n<li class=\"ordered-list-item\">\n<p class=\"article-body\">Lou Jeanmonnot (FRA), 27.58,8<\/p>\n<\/li>\n<li class=\"ordered-list-item\">\n<p class=\"article-body\">Suvi Minkkinen (FIN) +30,2 s<\/p>\n<\/li>\n<li class=\"ordered-list-item\">\n<p class=\"article-body\">Dorothea Wierer (ITA) +32,7 s<\/p>\n<\/li>\n<li class=\"ordered-list-item\">\n<p class=\"article-body\">Julia Simon (FRA) +35,0 s<\/p>\n<\/li>\n<li class=\"ordered-list-item\">\n<p class=\"article-body\">Paulina Batovska-Fialkova (SVK) +35,5 s<\/p>\n<\/li>\n<li class=\"ordered-list-item\">\n<p class=\"article-body\">Lisa Vittozzi (ITA) +42,0 s<\/p>\n<\/li>\n<li class=\"ordered-list-item\">\n<p class=\"article-body\">Hanna \u00d6berg (SWE) +47,2 s<\/p>\n<\/li>\n<li class=\"ordered-list-item\">\n<p class=\"article-body\">Lisa Hauset (AUT) +48,1 s<\/p>\n<\/li>\n<li class=\"ordered-list-item\">\n<p class=\"article-body\">Justine Braisaz-Bouchet (FRA) +49,7 s<\/p>\n<\/li>\n<li class=\"ordered-list-item\">\n<p class=\"article-body\">Elvira \u00d6berg (SWE) +1.02,4<\/p>\n<\/li>\n<\/ol>\n<p class=\"article-body mb-nof-24 px-nof-16\">***<\/p>\n<p class=\"article-body mb-nof-24 px-nof-16\">50. Venla Lehtonen +4.07,5<\/p>\n<p>Ampumahiihdon maailmancup, naisten tilanne<\/p>\n<p class=\"article-body mb-nof-24 px-nof-16\">Minkkinen nousi maailmancupin kokonaistilanteessa nelj\u00e4nneksi lauantaina.<\/p>\n<ol class=\"mb-nof-16 px-nof-16 article-ordered-list ordered-list\">\n<li class=\"ordered-list-item\">\n<p class=\"article-body\">Lou Jeanmonnot 406 p.<\/p>\n<\/li>\n<li class=\"ordered-list-item\">\n<p class=\"article-body\">Dorothea Wierer 355 p.<\/p>\n<\/li>\n<li class=\"ordered-list-item\">\n<p class=\"article-body\">Anna Magnusson 342 p.<\/p>\n<\/li>\n<li class=\"ordered-list-item\">\n<p class=\"article-body\">Suvi Minkkinen 339 p.<\/p>\n<\/li>\n<li class=\"ordered-list-item\">\n<p class=\"article-body\">Maren Kirkeeide 323 p.<\/p>\n<\/li>\n<li class=\"ordered-list-item\">\n<p class=\"article-body\">Lisa Vittozi 304 p.<\/p>\n<\/li>\n<li class=\"ordered-list-item\">\n<p class=\"article-body\">Hanna \u00d6berg 275 p.<\/p>\n<\/li>\n<li class=\"ordered-list-item\">\n<p class=\"article-body\">Camille Bened 258 p.<\/p>\n<\/li>\n<li class=\"ordered-list-item\">\n<p class=\"article-body\">Elvira \u00d6berg 218 p.<\/p>\n<\/li>\n<li class=\"ordered-list-item\">\n<p class=\"article-body\">Lisa Hauser 203 p.<\/p>\n<\/li>\n<\/ol>\n<p class=\"article-body mb-nof-24 px-nof-16\">***<\/p>\n<p class=\"article-body mb-nof-24 px-nof-16\">32. Sonja Leinamo 75 p.<\/p>\n<p class=\"article-body mb-nof-24 px-nof-16\">38. Inka H\u00e4m\u00e4l\u00e4inen 59 p.<\/p>\n<p class=\"article-body mb-nof-24 px-nof-16\">62. Venla Lehtonen 18 p.<\/p>\n","protected":false},"excerpt":{"rendered":"Ampumahiihto|Suvi Minkkinen k\u00e4rsi alkuviikosta ruokamyrkytyksest\u00e4. Sairastelu n\u00e4kyi lauantaina ainakin hieman. Suomen ampumahiihtot\u00e4hti Suvi Minkkinen nousi mahtavasti kakkoseksi maailmancupin&hellip;\n","protected":false},"author":2,"featured_media":121543,"comment_status":"","ping_status":"","sticky":false,"template":"","format":"standard","meta":{"footnotes":""},"categories":[158],"tags":[33,31,30,46,159,32,160],"class_list":{"0":"post-121542","1":"post","2":"type-post","3":"status-publish","4":"format-standard","5":"has-post-thumbnail","7":"category-urheilu","8":"tag-fi","9":"tag-finland","10":"tag-finnish","11":"tag-helsingin-sanomat","12":"tag-sports","13":"tag-suomi","14":"tag-urheilu"},"share_on_mastodon":{"url":"https:\/\/pubeurope.com\/@fi\/115752445742782850","error":""},"_links":{"self":[{"href":"https:\/\/www.europesays.com\/fi\/wp-json\/wp\/v2\/posts\/121542","targetHints":{"allow":["GET"]}}],"collection":[{"href":"https:\/\/www.europesays.com\/fi\/wp-json\/wp\/v2\/posts"}],"about":[{"href":"https:\/\/www.europesays.com\/fi\/wp-json\/wp\/v2\/types\/post"}],"author":[{"embeddable":true,"href":"https:\/\/www.europesays.com\/fi\/wp-json\/wp\/v2\/users\/2"}],"replies":[{"embeddable":true,"href":"https:\/\/www.europesays.com\/fi\/wp-json\/wp\/v2\/comments?post=121542"}],"version-history":[{"count":0,"href":"https:\/\/www.europesays.com\/fi\/wp-json\/wp\/v2\/posts\/121542\/revisions"}],"wp:featuredmedia":[{"embeddable":true,"href":"https:\/\/www.europesays.com\/fi\/wp-json\/wp\/v2\/media\/121543"}],"wp:attachment":[{"href":"https:\/\/www.europesays.com\/fi\/wp-json\/wp\/v2\/media?parent=121542"}],"wp:term":[{"taxonomy":"category","embeddable":true,"href":"https:\/\/www.europesays.com\/fi\/wp-json\/wp\/v2\/categories?post=121542"},{"taxonomy":"post_tag","embeddable":true,"href":"https:\/\/www.europesays.com\/fi\/wp-json\/wp\/v2\/tags?post=121542"}],"curies":[{"name":"wp","href":"https:\/\/api.w.org\/{rel}","templated":true}]}}