{"id":121544,"date":"2025-12-20T14:48:39","date_gmt":"2025-12-20T14:48:39","guid":{"rendered":"https:\/\/www.europesays.com\/fi\/121544\/"},"modified":"2025-12-20T14:48:39","modified_gmt":"2025-12-20T14:48:39","slug":"sanna-marin-suosittu-tv-sarja-auttoi-ymmartamaan-eron-syita","status":"publish","type":"post","link":"https:\/\/www.europesays.com\/fi\/121544\/","title":{"rendered":"Sanna Marin: Suosittu tv-sarja auttoi ymm\u00e4rt\u00e4m\u00e4\u00e4n eron syit\u00e4"},"content":{"rendered":"<p class=\"sc-e683d47a-0 dzYyoM is-block has-drop-cap is-body-m\">S<strong>anna Marin<\/strong> on t\u00e4sm\u00e4llisesti aikataulussa, vaikka aamuun on mahtunut jo yksi sammutettava tulipalo.<\/p>\n<p class=\"sc-e683d47a-0 dzYyoM is-block is-body-m\">\u201dKaadoin kahvit s\u00e4ngylleni ja olen siis pessyt pyykki\u00e4kin t\u00e4n\u00e4 aamuna. Onneksi meni vain puoli kuppia\u201d, h\u00e4n sanoo ja naurahtaa.<\/p>\n<p class=\"sc-e683d47a-0 dzYyoM is-block is-body-m\">Sannan kalenteri on ollut entist\u00e4kin t\u00e4ydempi kuluneiden puolentoista vuoden ajan. H\u00e4n on kirjoittanut muistelmateostaan Toivo on tekoja. Kirjan sivuille siirtyi maailman nuorimman p\u00e4\u00e4ministerin matka tamperelaisesta kuntapoliitikosta vallan huipulle.<\/p>\n<p class=\"sc-e683d47a-0 dzYyoM is-block is-body-m\">\u201dTytt\u00e4reni <strong>Emma<\/strong> on muutaman kerran vihjaillut minulle, ett\u00e4 \u00e4iti, s\u00e4 istut aina vain kotona l\u00e4pp\u00e4ri syliss\u00e4. Milloin se kirja oikein on valmis?\u201d <\/p>\n<p class=\"sc-e683d47a-0 dzYyoM is-block is-body-m\">Teos on juuri julkaistu, mutta kiire ei ole ohi. Kirjan englanninkielinen painos Hope in Action ilmestyy 17 maassa, ja marraskuussa alkava kirjakiertue vie Sannan kotimaan lis\u00e4ksi Yhdysvaltoihin, Iso-Britanniaan, Saksaan ja Ruotsiin. <\/p>\n<p class=\"sc-e683d47a-0 dzYyoM is-block is-body-m\">Kiertueen ohella Sanna ty\u00f6skentelee normaalisti Tony Blair -instituutin strategisena neuvonantajana. Siell\u00e4 h\u00e4n toimii neuvonantajana eri maiden hallitusten ja hallintojen poliittisissa kysymyksiss\u00e4. <\/p>\n<p class=\"sc-e683d47a-0 dzYyoM is-block is-body-m\">Silti perhe-el\u00e4m\u00e4\u00e4n on huomattavasti enemm\u00e4n aikaa kuin oli Suomen p\u00e4\u00e4ministerin\u00e4.<\/p>\n<p class=\"sc-e683d47a-0 dzYyoM is-block is-body-m\">\u201dP\u00e4\u00e4ministerin teht\u00e4v\u00e4ss\u00e4 tunsin p\u00e4ivitt\u00e4in riitt\u00e4m\u00e4tt\u00f6myytt\u00e4 siit\u00e4, etten pystynyt antamaan tarpeeksi aikaa perheelle ja lapselleni.\u201d<\/p>\n<p class=\"sc-e683d47a-0 dzYyoM is-block is-body-m\">Erityisesti kriisiaikana ty\u00f6 meni kaiken muun edelle. <\/p>\n<p class=\"sc-e683d47a-0 dzYyoM is-block is-body-m\">\u201dSit\u00e4 ei voinut antaa kenenk\u00e4\u00e4n muun teht\u00e4v\u00e4ksi. En\u00e4\u00e4 en halua el\u00e4\u00e4 el\u00e4m\u00e4\u00e4, jossa minulla ei ole aikaa Emmalle.\u201d<\/p>\n<p><img decoding=\"async\" src=\"https:\/\/www.europesays.com\/fi\/wp-content\/uploads\/2025\/12\/sm1_H9Gv1.jpg\" class=\"sc-9276d04f-1 eOigld\"\/><img alt=\"\" loading=\"lazy\" width=\"1024\" height=\"1024\" decoding=\"async\" data-nimg=\"1\" class=\"sc-9276d04f-2 bMlATM has-placeholder\" style=\"color:transparent\"   src=\"https:\/\/www.europesays.com\/fi\/wp-content\/uploads\/2025\/12\/1766242097_196_sm1_H9Gv1.jpg\"\/>Sanna Marin ty\u00f6skentelee edelleen samojen aihepiirien parissa kuin poliitikkona. Ymm\u00e4rrys niist\u00e4 on syventynyt. \u201dPolitiikassa ei ehk\u00e4 viel\u00e4 hahmoteta, kuinka paljon esimerkiksi teknologia muuttaa maailmaa seuraavien vuosien aikana.&#8221;<\/p>\n<p class=\"sc-e683d47a-0 dzYyoM is-block is-body-m\">New York, Lontoo, Amsterdam.<strong> <\/strong>Ty\u00f6 vie Sannaa edelleen usein maailmalle. H\u00e4n pyrkii ajoittamaan ty\u00f6matkat niille viikoille, kun tyt\u00e4r on is\u00e4ll\u00e4\u00e4n. <\/p>\n<p class=\"sc-e683d47a-0 dzYyoM is-block is-body-m\">Sanna ja Emman is\u00e4 <strong>Markus R\u00e4ikk\u00f6nen<\/strong> erosivat kaksi ja puoli vuotta sitten. Seitsem\u00e4nvuotias Emma asuu vanhemmillaan vuoroviikoin. <\/p>\n<p class=\"sc-e683d47a-0 dzYyoM is-block is-body-m\">\u201dKun Emma on minulla, pystyn olemaan h\u00e4nelle l\u00e4sn\u00e4. Nyky\u00e4\u00e4n minulla on aikaa l\u00e4heisilleni. P\u00e4\u00e4ministerin\u00e4 olin k\u00e4yt\u00e4nn\u00f6ss\u00e4 t\u00f6iss\u00e4 aina, lukuun ottamatta lyhyit\u00e4 kes\u00e4lomia.\u201d<\/p>\n<p class=\"sc-e683d47a-0 dzYyoM is-block is-body-m\">El\u00e4m\u00e4\u00e4n on tullut rytmi, jota p\u00e4\u00e4ministerin el\u00e4m\u00e4\u00e4n ei olisi voinut sovittaa. \u00c4idin ja tytt\u00e4ren yhteisiin viikkoihin on jo muodostunut perinne. Kun Emma saapuu \u00e4idilleen perjantaisin, viikko aloitetaan leffaillalla ja popcorneilla. <\/p>\n<p class=\"sc-e683d47a-0 dzYyoM is-block is-body-m\">Rytmit silti el\u00e4v\u00e4t etenkin nyt, kun Emma aloitti koulun syksyll\u00e4.<\/p>\n<p class=\"sc-e683d47a-0 dzYyoM is-block is-body-m\">\u201dH\u00e4nell\u00e4 on paljon kavereita ja h\u00e4nen sosiaalinen el\u00e4m\u00e4ns\u00e4 kukoistaa. Voi olla, ett\u00e4 vaikka suunnittelisimme tekev\u00e4mme jotain kahdestaan, yht\u00e4kki\u00e4 meill\u00e4 onkin nelj\u00e4 lasta leikkitreffeill\u00e4. \u00c4iti ei ehk\u00e4 olekaan en\u00e4\u00e4 se ykk\u00f6svaihtoehto. Siihenkin minun pit\u00e4\u00e4 antaa tilaa.\u201d<\/p>\n<p class=\"sc-e683d47a-0 dzYyoM is-block is-body-m\">Suuri muutos on tapahtunut my\u00f6s Sannan mielenmaisemassa. H\u00e4n sanoo olleensa aina ennen uraorientoitunut, mutta nyt ty\u00f6 on vain yksi osa koko pakettia. <\/p>\n<p class=\"sc-e683d47a-0 dzYyoM is-block is-body-m\">Viime vuosina Sanna on miettinyt entist\u00e4 enemm\u00e4n sit\u00e4, miten mikin asia vaikuttaa lapsen kanssa k\u00e4ytett\u00e4v\u00e4\u00e4n aikaan.<\/p>\n<p class=\"sc-e683d47a-0 dzYyoM is-block is-body-m\">\u201dKunnianhimoni taso on ehk\u00e4 v\u00e4h\u00e4n laskenut. Se ei johdu siit\u00e4, ett\u00e4 en haluaisi tehd\u00e4, vaan siit\u00e4, ett\u00e4 haluan l\u00f6yt\u00e4\u00e4 tasapainon \u2013 en vain suorittaa ja saavuttaa. Sen tasapainon kanssa olen kamppaillut pitk\u00e4\u00e4n, ja etsin sit\u00e4 osittain edelleen.\u201d<\/p>\n<p><img decoding=\"async\" src=\"https:\/\/www.europesays.com\/fi\/wp-content\/uploads\/2025\/12\/sm2_qPD4C.jpg\" class=\"sc-9276d04f-1 eOigld\"\/><img alt=\"\" loading=\"lazy\" width=\"1024\" height=\"1024\" decoding=\"async\" data-nimg=\"1\" class=\"sc-9276d04f-2 bMlATM has-placeholder\" style=\"color:transparent\"   src=\"https:\/\/www.europesays.com\/fi\/wp-content\/uploads\/2025\/12\/1766242102_267_sm2_qPD4C.jpg\"\/><\/p>\n<p class=\"sc-e683d47a-0 dzYyoM is-block is-body-m\">Miten kukaan voi uhrata parisuhteensa uran takia? Niin Sanna muistaa ajatelleensa, kun vuosia sitten katsoi yhdess\u00e4 Markuksen kanssa tanskalaista Vallan linnake -televisiosarjaa. Fiktiosarjassa naispoliitikko nousee p\u00e4\u00e4ministeriksi, ja ministeriteht\u00e4v\u00e4n alussa parisuhde on mit\u00e4 onnellisin. P\u00e4\u00e4ministerikauden kuluessa se kuitenkin p\u00e4\u00e4ttyy.<\/p>\n<p class=\"sc-e683d47a-0 dzYyoM is-block is-body-m\">\u201dKun katsoimme sarjaa, pidin surullisena, ett\u00e4 avioliitto p\u00e4\u00e4ttyi ty\u00f6n takia. Nyt ymm\u00e4rr\u00e4n, ett\u00e4 avioliiton hajoaminen ty\u00f6n vuoksi ei ole valinta. Siin\u00e4 vain k\u00e4y niin. Ty\u00f6 vie niin ison osan ajasta ja henkisest\u00e4 kapasiteetista, ett\u00e4 v\u00e4ist\u00e4m\u00e4tt\u00e4kin jotenkin erkaantuu l\u00e4heisist\u00e4. Kun joutuu olemaan isojen asioiden kanssa tekemisiss\u00e4, kotona ei v\u00e4ltt\u00e4m\u00e4tt\u00e4 en\u00e4\u00e4 jaksa edes jutella.\u201d<\/p>\n<p class=\"sc-e683d47a-0 dzYyoM is-block is-body-m\">Sanna ja Markus meniv\u00e4t yhteen 18-vuotiaina. Liitto kesti 19 vuotta. <\/p>\n<p class=\"sc-e683d47a-0 dzYyoM is-block is-body-m\">\u201dOlemme Markuksen kanssa yh\u00e4 hyvi\u00e4 yst\u00e4vi\u00e4. V\u00e4lill\u00e4mme ei ikin\u00e4 ole ollut kitkaa, ei parisuhteessa eik\u00e4 eron aikana. Voin suoraan sanoa, ett\u00e4 Markus on parhaita ihmisi\u00e4, joita tied\u00e4n. Tied\u00e4n, ett\u00e4 h\u00e4n sanoisi minusta samoin.\u201d<\/p>\n<p class=\"sc-e683d47a-0 dzYyoM is-block is-body-m\">L\u00e4pi muistelmateoksensa Sanna kuvaa Markusta yhten\u00e4 el\u00e4m\u00e4ns\u00e4 t\u00e4rkeimmist\u00e4 tukijoista ja kiitt\u00e4\u00e4 t\u00e4t\u00e4 loppusanoissa.<\/p>\n<p class=\"sc-e683d47a-0 dzYyoM is-block is-body-m\">\u201dEron j\u00e4lkeenk\u00e4\u00e4n meill\u00e4 ei ole ollut konflikteja tai ristiriitoja. Ajattelemme hyvin samalla tavalla ja kunnioitamme toistemme rajoja. Se on tosi arvokasta, ja siksi varmasti vuoroviikkovanhemmuuskin on sujunut niin hyvin.\u201d<\/p>\n<p class=\"sc-e683d47a-0 dzYyoM is-block is-body-m\">Sannalle on t\u00e4rke\u00e4\u00e4, ett\u00e4 asioissa joustetaan.<\/p>\n<p class=\"sc-e683d47a-0 dzYyoM is-block is-body-m\">\u201dVanhemmuudessamme ei ole sellaista j\u00e4ykkyytt\u00e4, joka ei sopisi todelliseen el\u00e4m\u00e4\u00e4n. Oma el\u00e4m\u00e4ni ja lapseni el\u00e4m\u00e4 on j\u00e4rjestetty niin, ettei siihen ole tarvinnut laittaa liian tiukkoja rajoja.\u201d<\/p>\n<p class=\"sc-e683d47a-0 dzYyoM is-block is-body-m\">Sanna iloitsee siit\u00e4, ett\u00e4 vanhempina h\u00e4n ja Markus tuovat Emman el\u00e4m\u00e4\u00e4n erilaisia asioita. Sanna on huolehtija ja hoivaaja, jonka kanssa tyt\u00e4r saa tutkia, lukea ja opetella rauhassa uusia asioita.<\/p>\n<p class=\"sc-e683d47a-0 dzYyoM is-block is-body-m\">\u201dMarkus tekee sitten Emman kanssa niit\u00e4 urheilullisempia juttuja, pelaa jalkapalloa ja keksii riehakkaita leikkej\u00e4.\u201d<\/p>\n<p><img decoding=\"async\" src=\"https:\/\/www.europesays.com\/fi\/wp-content\/uploads\/2025\/12\/sm3_A6HT8.jpg\" class=\"sc-9276d04f-1 eOigld\"\/><img alt=\"\" loading=\"lazy\" width=\"1024\" height=\"1024\" decoding=\"async\" data-nimg=\"1\" class=\"sc-9276d04f-2 bMlATM has-placeholder\" style=\"color:transparent\"   src=\"https:\/\/www.europesays.com\/fi\/wp-content\/uploads\/2025\/12\/1766242106_66_sm3_A6HT8.jpg\"\/>Sanna kirjoitti kirjansa englanniksi, mutta oli vahvasti mukana my\u00f6s suomennoksessa. K\u00e4\u00e4nn\u00f6s vaati osin uudelleenkirjoittamista, sill\u00e4 kontekstia piti mukauttaa suomalaiselle yleis\u00f6lle. <\/p>\n<p class=\"sc-e683d47a-0 dzYyoM is-block is-body-m\">My\u00f6s Sannan \u00e4iti auttaa Emman hoitamisessa. T\u00e4m\u00e4 asuu muutaman korttelin p\u00e4\u00e4ss\u00e4 Sannan kodista. <\/p>\n<p class=\"sc-e683d47a-0 dzYyoM is-block is-body-m\">\u00c4iti oli t\u00e4rke\u00e4 voimahahmo Sannalle jo lapsuudessa. Pirkkalassa asuvan perheen muodostivat Sanna, \u00e4iti ja \u00e4idin naisyst\u00e4v\u00e4. <\/p>\n<p class=\"sc-e683d47a-0 dzYyoM is-block is-body-m\">\u201dVaikka \u00e4idill\u00e4ni oli vaikea lapsuus, h\u00e4nen el\u00e4m\u00e4nasenteensa on aina ollut valoisa ja avara. H\u00e4n ei ole rajannut maailmankuvaani vaan avannut sit\u00e4.\u201d <\/p>\n<p class=\"sc-e683d47a-0 dzYyoM is-block is-body-m\">Sannan arvo- ja aatemaailma syntyiv\u00e4t jo lapsena. Perhe asui vuokrakolmiossa eik\u00e4 rahaa kuluttamiseen juuri ollut, mutta Sanna piti monista maksuttomista asioista kuten liikunnasta, lukemisesta ja koiran ulkoiluttamisesta. <\/p>\n<p class=\"sc-e683d47a-0 dzYyoM is-block is-body-m\">\u201dSe, ett\u00e4 tulen v\u00e4h\u00e4varaisesta sateenkaariperheest\u00e4, on tietenkin vaikuttanut minuun syv\u00e4sti. Taustani vuoksi arvostan erityisesti hyvinvointipalveluitamme ja koulutusj\u00e4rjestelm\u00e4\u00e4mme.\u201d<\/p>\n<p class=\"sc-e683d47a-0 dzYyoM is-block is-body-m\">Sanna on perheens\u00e4 ensimm\u00e4inen ylioppilas, ja juuri \u00e4iti kannusti h\u00e4nt\u00e4 aikanaan yliopistoon. Vaikka rahaa ei ollut, \u00e4iti ei koskaan toppuutellut Sannan haaveita esimerkiksi matkustelusta.<\/p>\n<p class=\"sc-e683d47a-0 dzYyoM is-block is-body-m\">\u201dP\u00e4invastoin h\u00e4n sanoi, ett\u00e4 tulevaisuudessa voit kiert\u00e4\u00e4 vaikka koko maailman. Teet vain siit\u00e4 itse totta\u201d, Sanna sanoo. <\/p>\n<p class=\"sc-e683d47a-0 dzYyoM is-block is-body-m\">\u201d\u00c4iti ei j\u00e4\u00e4nyt kiinni senhetkiseen realismiin, vaan korosti, ett\u00e4 my\u00f6hemmin asiat voivat olla eri tavalla. Minua ei tyrm\u00e4tty heti alkuun. Varmasti siksi minulla on ollut el\u00e4m\u00e4ss\u00e4ni rohkeutta tarttua asioihin.\u201d <\/p>\n<p class=\"sc-e683d47a-0 dzYyoM is-block is-body-m\">Sannan vanhemmat erosivat, kun h\u00e4n oli kaksivuotias. Sen j\u00e4lkeen is\u00e4 ei ole ollut Sannan el\u00e4m\u00e4ss\u00e4 mukana. Sanna ei oikeastaan edes ajattele muutamia vuosia sitten edesmenneen is\u00e4n puuttumista el\u00e4m\u00e4st\u00e4\u00e4n.<\/p>\n<p class=\"sc-e683d47a-0 dzYyoM is-block is-body-m\">\u201dEi minulla ole vertailukohtaa. Voisin k\u00e4ytt\u00e4\u00e4 kaiken aikani sen murehtimiseen, miksei minulla ollut jotain, mit\u00e4 joillakin muilla oli. Mutta olen el\u00e4nyt el\u00e4m\u00e4ni sellaisena kuin se on enk\u00e4 voivottele.\u201d<\/p>\n<blockquote class=\"sc-623c1195-0 fYJlrv without-media-background without-color\">\n<p>\u201dOn huvittavaa, ett\u00e4 ulkoap\u00e4in el\u00e4m\u00e4ni ja urani voivat n\u00e4ytt\u00e4\u00e4 todella hyvin suunnitellulta. Sit\u00e4 ne eiv\u00e4t ole olleet. \u201d<\/p>\n<\/blockquote>\n<p class=\"sc-e683d47a-0 dzYyoM is-block is-body-m\">Tampereen kaupunginvaltuuston puheenjohtajaksi 27-vuotiaana. Kansanedustajaksi Pirkanmaan \u00e4\u00e4niharavana 29-vuotiaana. Suomen ja samalla maailman nuorimmaksi p\u00e4\u00e4ministeriksi 34-vuotiaana. Vakaa ja pitk\u00e4 liitto 18-vuotiaana l\u00f6ytyneen kumppanin kanssa. Voisiko ajatella, ett\u00e4 Sannan s\u00e4velet olivat selv\u00e4t jo hyvin nuorena?<\/p>\n<p class=\"sc-e683d47a-0 dzYyoM is-block is-body-m\">\u201dEiv\u00e4t todellakaan!\u201d h\u00e4n hym\u00e4ht\u00e4\u00e4.<\/p>\n<p class=\"sc-e683d47a-0 dzYyoM is-block is-body-m\">\u201dOn huvittavaa, ett\u00e4 ulkoap\u00e4in el\u00e4m\u00e4ni ja urani voivat n\u00e4ytt\u00e4\u00e4 todella hyvin suunnitellulta. Mutta sit\u00e4 ne eiv\u00e4t ole olleet. Satuin vain l\u00f6yt\u00e4m\u00e4\u00e4n ihmisen, joka oli minulle silloin oikea.\u201d<\/p>\n<p class=\"sc-e683d47a-0 dzYyoM is-block is-body-m\">Samoin h\u00e4n ajattelee k\u00e4yneen politiikassa.<\/p>\n<p class=\"sc-e683d47a-0 dzYyoM is-block is-body-m\">\u201dKun liityin puolueeseen, en ajatellut, ett\u00e4 minusta tulee p\u00e4\u00e4ministeri vuonna 2019. Minua vei politiikkaan halu muuttaa maailmaa ja tehd\u00e4 asioita.\u201d<\/p>\n<p class=\"sc-e683d47a-0 dzYyoM is-block is-body-m\">Sanna ei koskaan ole tehnyt viisi- tai kymmenvuotissuunnitelmia eik\u00e4 aio tehd\u00e4 niit\u00e4 jatkossakaan.<\/p>\n<p class=\"sc-e683d47a-0 dzYyoM is-block is-body-m\">\u201dOtan el\u00e4m\u00e4n enemm\u00e4n niin, ett\u00e4 se on t\u00e4ss\u00e4. Vastaan tulee mahdollisuuksia ja vastoink\u00e4ymisi\u00e4. Niiss\u00e4 hetkiss\u00e4 pit\u00e4\u00e4 mietti\u00e4, miten niihin suhtautu.\u201d<\/p>\n<p class=\"sc-e683d47a-0 dzYyoM is-block is-body-m\">Uran varrelle on jo mahtunut vastoink\u00e4ymisi\u00e4. Skandaalejakin, kuten Sanna itse niist\u00e4 osaa kirjassaan nimitt\u00e4\u00e4. P\u00e4\u00e4ministeriaikana sek\u00e4 perinteisess\u00e4 ett\u00e4 sosiaalisessa mediassa ruodittiin n\u00e4kyv\u00e4sti Sannan pukeutumista, virka-asunnon aamiaisiin k\u00e4ytetty\u00e4 rahasummaa ja julkisuuteen levinnytt\u00e4 tanssivideota. <\/p>\n<p class=\"sc-e683d47a-0 dzYyoM is-block is-body-m\">Niin isoihin kun pienempiinkin turbulensseihin Sannalla on kuitenkin jo varhain ollut sis\u00e4\u00e4n rakennettu selviytymisstrategia: huku tai ui.<\/p>\n<p class=\"sc-e683d47a-0 dzYyoM is-block is-body-m\">\u201dMit\u00e4 kovempi haaste ja vaikeampi paikka, sit\u00e4 varmemmin menen siit\u00e4 l\u00e4pi. Silloin ei luovuteta, kun tuntuu vaikealta, vaan taistellaan niin kauan, ett\u00e4 selviydyt\u00e4\u00e4n. Se johtuu varmaankin lapsuudestani ja taustastani. Siit\u00e4 sukuni vaikeasta perinn\u00f6st\u00e4, ettei meill\u00e4 ikin\u00e4 ole oikein ollut yht\u00e4\u00e4n mit\u00e4\u00e4n.\u201d<\/p>\n<p><img decoding=\"async\" src=\"https:\/\/www.europesays.com\/fi\/wp-content\/uploads\/2025\/12\/sm4_NhGRH.jpg\" class=\"sc-9276d04f-1 eOigld\"\/><img alt=\"\" loading=\"lazy\" width=\"1024\" height=\"1024\" decoding=\"async\" data-nimg=\"1\" class=\"sc-9276d04f-2 bMlATM has-placeholder\" style=\"color:transparent\"   src=\"https:\/\/www.europesays.com\/fi\/wp-content\/uploads\/2025\/12\/1766242111_944_sm4_NhGRH.jpg\"\/><\/p>\n<p class=\"sc-e683d47a-0 dzYyoM is-block is-body-m\">Jokainen vaikea hetki<strong> <\/strong>on entisest\u00e4\u00e4n vahvistanut yht\u00e4 erityisen t\u00e4rke\u00e4\u00e4 oppia. <\/p>\n<p class=\"sc-e683d47a-0 dzYyoM is-block is-body-m\">\u201dVaikka t\u00e4n\u00e4\u00e4n tuntuisi kuinka vaikealta, t\u00e4m\u00e4kin p\u00e4iv\u00e4 menee ohi. Kun vain jaksaa ja kest\u00e4\u00e4, ja ottaa vaikka pienenpieni\u00e4 askelia eteenp\u00e4in, jonain p\u00e4iv\u00e4n\u00e4 tulee hetki, kun helpottaa.\u201d<\/p>\n<p class=\"sc-e683d47a-0 dzYyoM is-block is-body-m\">Sanna sanoo, ett\u00e4 oppi p\u00e4tee niin politiikkaan kuin muuhunkin el\u00e4m\u00e4\u00e4n.<\/p>\n<p class=\"sc-e683d47a-0 dzYyoM is-block is-body-m\">\u201dMuistutan itse\u00e4ni siit\u00e4, ett\u00e4 tila, jossa olen sill\u00e4 hetkell\u00e4, ei ole pysyv\u00e4. Sill\u00e4 tavalla olen pystynyt kest\u00e4m\u00e4\u00e4n aikamoista h\u00f6ykytyst\u00e4kin.\u201d<\/p>\n<p class=\"sc-e683d47a-0 dzYyoM is-block is-body-m\">Kun Emma t\u00e4n\u00e4 syksyn\u00e4 aloitti koulun, Sanna k\u00e4vi opettajan kanssa oppimiskeskustelun, jonka yht\u00e4 teemaa h\u00e4n j\u00e4i miettim\u00e4\u00e4n. Kyseess\u00e4 oli yksi niin lapsen kuin aikuisenkin t\u00e4rkeist\u00e4 taidoista: pettymyksen siet\u00e4minen.<\/p>\n<p class=\"sc-e683d47a-0 dzYyoM is-block is-body-m\">\u201dOlen opetellut sit\u00e4, ett\u00e4 en j\u00e4\u00e4 vastoink\u00e4ymisiin kiinni. On henkisesti todella raskasta j\u00e4\u00e4d\u00e4 jumiin pettymyksen tunteeseen. Siksi en ikin\u00e4 jossittele, olisiko joku asia pit\u00e4nyt tehd\u00e4 toisin. Yrit\u00e4n menn\u00e4 aina eteenp\u00e4in, koska mit\u00e4 sit\u00e4 taaksep\u00e4in kulkemaan.\u201d<\/p>\n<p><img decoding=\"async\" src=\"https:\/\/www.europesays.com\/fi\/wp-content\/uploads\/2025\/12\/sm5_y2aTD.jpg\" class=\"sc-9276d04f-1 eOigld\"\/><img alt=\"\" loading=\"lazy\" width=\"1024\" height=\"1024\" decoding=\"async\" data-nimg=\"1\" class=\"sc-9276d04f-2 bMlATM has-placeholder\" style=\"color:transparent\"   src=\"https:\/\/www.europesays.com\/fi\/wp-content\/uploads\/2025\/12\/1766242115_158_sm5_y2aTD.jpg\"\/><\/p>\n<p class=\"sc-e683d47a-0 dzYyoM is-block is-body-m\">Kuvia ty\u00f6teht\u00e4vist\u00e4, festareilta, kuntosalilta, yst\u00e4vist\u00e4 ja munkkikahveilta. Sannan Instagram-profiililla on miljoona seuraajaa.<\/p>\n<p class=\"sc-e683d47a-0 dzYyoM is-block is-body-m\">\u201dInstagram-julkaisuni ovat oikeastaan ihan samanlaisia kuin kaikilla muillakin, mutta jostain syyst\u00e4 jotkut haluavat tulkita ne syv\u00e4llisemmin. Kyll\u00e4 niiss\u00e4 n\u00e4kyy vain ihan sit\u00e4 el\u00e4m\u00e4\u00e4 mit\u00e4 el\u00e4n.\u201d<\/p>\n<p class=\"sc-e683d47a-0 dzYyoM is-block is-body-m\">Sanna joutui tottumaan ulkon\u00e4k\u00f6ns\u00e4 ja k\u00e4yt\u00f6ksens\u00e4 ruotimiseen jo poliitikkona. Edelleenk\u00e4\u00e4n h\u00e4n ei hyv\u00e4ksy sit\u00e4.<\/p>\n<p class=\"sc-e683d47a-0 dzYyoM is-block is-body-m\">\u201dMinua on aina h\u00e4irinnyt se, ett\u00e4 nainen n\u00e4hd\u00e4\u00e4n kohteena. Tunnen itse olevani enemm\u00e4n toimija kuin kohde. Haluan tehd\u00e4 ja muuttaa asioita, en olla katsottavana. Silti minua k\u00e4sitell\u00e4\u00e4n usein edelleen niin.\u201d<\/p>\n<p class=\"sc-e683d47a-0 dzYyoM is-block is-body-m\">Sanna kuvaa uutta kirjaansa feministiseksi teokseksi, jonka toivoo kannustavan naisia olemaan alistumatta mihink\u00e4\u00e4n muottiin. H\u00e4n haluaa my\u00f6s esimerkill\u00e4\u00e4n rohkaista muita naisia tarttumaan erilaisiin teht\u00e4viin ja uskomaan itseens\u00e4. <\/p>\n<p class=\"sc-e683d47a-0 dzYyoM is-block is-body-m\">Ei Sannakaan ajatellut heti niin, kun h\u00e4net valittiin p\u00e4\u00e4ministeriksi kuusi vuotta sitten. Ensimm\u00e4inen ajatus oli: onko minun ihan pakko? <\/p>\n<p class=\"sc-e683d47a-0 dzYyoM is-block is-body-m\">\u201dMinullakin on ollut hetki\u00e4 ja tilanteita, joissa olen ep\u00e4illyt kykyj\u00e4ni. Osaanko ja pystynk\u00f6, olenko valmis? Sittemmin olen huomannut, ett\u00e4 harva meist\u00e4 nyt on ydinfyysikko kuitenkaan. Kaikkihan me olemme vain ihmisi\u00e4. Nyky\u00e4\u00e4n ajattelen, ett\u00e4 jos en osaa jotain asiaa viel\u00e4 t\u00e4ydellisesti, teen sit\u00e4 niin paljon, ett\u00e4 minusta tulee siin\u00e4 tosi hyv\u00e4.\u201d<\/p>\n<blockquote class=\"sc-623c1195-0 fYJlrv without-media-background without-color\">\n<p>\u201dArvoni ja maailmankuvani ovat edelleen t\u00e4ysin samat kuin parikymppisen\u00e4. Olisi hirve\u00e4n raskasta olla jotain muuta mit\u00e4 on.\u201d<\/p>\n<\/blockquote>\n<p class=\"sc-e683d47a-0 dzYyoM is-block is-body-m\">Muutaman viikon p\u00e4\u00e4st\u00e4 Sanna t\u00e4ytt\u00e4\u00e4 40 vuotta. H\u00e4n ehti jo haaveilla j\u00e4rjest\u00e4v\u00e4ns\u00e4 pitk\u00e4st\u00e4 aikaa juhlat yst\u00e4villeen, mutta syntym\u00e4p\u00e4iv\u00e4 kuluu kirjakiertueella.<\/p>\n<p class=\"sc-e683d47a-0 dzYyoM is-block is-body-m\">\u201dToisaalta olen kertonut kaikille jo viimeksi kuluneen vuoden ajan olevani nelj\u00e4kymment\u00e4. Niin hyvin olen jo omaksunut keski-ik\u00e4isen roolini.\u201d<\/p>\n<p class=\"sc-e683d47a-0 dzYyoM is-block is-body-m\">Kuka Sanna on nelikymppisen\u00e4? Pitk\u00e4lti sama kuin kymmenen tai kaksikymment\u00e4 vuotta sitten, h\u00e4n sanoo.<\/p>\n<p class=\"sc-e683d47a-0 dzYyoM is-block is-body-m\">\u201dMinusta kirjoitetaan kymmenen kertaa vuodessa juttu, ett\u00e4 olen muuttunut valtavasti. En oikeastaan ole. Arvoni ja maailmankuvani ovat edelleen t\u00e4ysin samat kuin parikymppisen\u00e4. Olisi hirve\u00e4n raskasta olla jotain muuta mit\u00e4 on. Teen ty\u00f6ni, mutta olen my\u00f6s min\u00e4.\u201d<\/p>\n<p class=\"sc-e683d47a-0 dzYyoM is-block is-body-m\">Ty\u00f6 politiikan huipulla ja nyt kansainv\u00e4lisen\u00e4 neuvonantajana on tehnyt Sannan tuttavapiirist\u00e4 laajan: kirjansa lopputeksteiss\u00e4 Sanna kiitt\u00e4\u00e4 nimelt\u00e4 sataa poliittisen uraansa linkittyv\u00e4\u00e4 ihmist\u00e4. <\/p>\n<p class=\"sc-e683d47a-0 dzYyoM is-block is-body-m\">My\u00f6s pitk\u00e4t yst\u00e4vyyssuhteet lapsuuden Pirkkalasta ovat s\u00e4ilyneet.<\/p>\n<p class=\"sc-e683d47a-0 dzYyoM is-block is-body-m\">\u201dArvostan ihmisiss\u00e4 ennen kaikkea aitoutta. Yst\u00e4v\u00e4ni ovat maanl\u00e4heisi\u00e4 ja teeskentelem\u00e4tt\u00f6mi\u00e4. En viihdy yht\u00e4\u00e4n sellaisten ihmisten kanssa, jotka ovat liian t\u00e4rkeit\u00e4 tai muka liian olevinaan. Yst\u00e4vieni kanssa voin nauraa, my\u00f6s itselleni.\u201d<\/p>\n<p><img decoding=\"async\" src=\"https:\/\/www.europesays.com\/fi\/wp-content\/uploads\/2025\/12\/sm6_UdnIC.jpg\" class=\"sc-9276d04f-1 eOigld\"\/><img alt=\"\" loading=\"lazy\" width=\"1024\" height=\"1024\" decoding=\"async\" data-nimg=\"1\" class=\"sc-9276d04f-2 bMlATM has-placeholder\" style=\"color:transparent\"   src=\"https:\/\/www.europesays.com\/fi\/wp-content\/uploads\/2025\/12\/1766242119_983_sm6_UdnIC.jpg\"\/>Sanna kuvattiin nykytaiteen museo Kiasmassa. Kuvassa n\u00e4kyv\u00e4 taideteos: Ann Veronica Janssens: Phosph\u00e8nes (1997),  Kansallisgallerian kokoelma. Esill\u00e4 Kivi, paperi, sakset -n\u00e4yttelyss\u00e4. <\/p>\n<p class=\"sc-e683d47a-0 dzYyoM is-block is-body-m\">Kalenterinsa Sanna tiet\u00e4\u00e4 t\u00e4ll\u00e4 hetkell\u00e4 tarkalleen vain tammikuun loppuun saakka. Koti Helsingin T\u00f6\u00f6l\u00f6ss\u00e4 on myynniss\u00e4, mutta Sanna aikoo edelleen asua Suomessa.<\/p>\n<p class=\"sc-e683d47a-0 dzYyoM is-block is-body-m\">\u201dHaluan, ett\u00e4 Emmalla on mahdollisimman vakaa ja turvallinen kasvuymp\u00e4rist\u00f6, ja koulukin vasta alkoi. My\u00f6hemmin ty\u00f6 ja muu el\u00e4m\u00e4 voivat vied\u00e4 minut mihin tahansa.\u201d<\/p>\n<p class=\"sc-e683d47a-0 dzYyoM is-block is-body-m\">Viiden vuoden suunnitelmaa Sannalla ei edelleenk\u00e4\u00e4n ole, mutta yksi suunnitelma kyll\u00e4kin. Jos h\u00e4nelle j\u00e4\u00e4 kirjakiireiden j\u00e4lkeen enemm\u00e4n aikaa, h\u00e4n aikoo opetella jonkin uuden taidon \u2013 ehk\u00e4 uuden urheilulajin tai jotain muuta.<\/p>\n<p class=\"sc-e683d47a-0 dzYyoM is-block is-body-m\">\u201dNyky\u00e4\u00e4n keskityt\u00e4\u00e4n usein ihan liikaa itseen, statukseen, uraan, suorittamiseen ja siihen, mit\u00e4 muut meist\u00e4 n\u00e4kev\u00e4t. Mit\u00e4 enemm\u00e4n siihen keskittyy, sit\u00e4 huonommin voi. Ajattelen, ett\u00e4 kannattaa enemmin keskitty\u00e4 muihin ihmisiin, l\u00e4heisten hyvinvointiin ja uusien asioiden tekemiseen.\u201d <\/p>\n<p class=\"sc-e683d47a-0 dzYyoM is-block is-body-m\"><strong>Kuvauspaikka: Nykytaiteen museo Kiasma<\/strong><\/p>\n<p class=\"sc-e683d47a-0 dzYyoM is-block is-body-m\">Juttu on ilmestynyt Eeva-lehdess\u00e4 11\/2025. <\/p>\n","protected":false},"excerpt":{"rendered":"Sanna Marin on t\u00e4sm\u00e4llisesti aikataulussa, vaikka aamuun on mahtunut jo yksi sammutettava tulipalo. \u201dKaadoin kahvit s\u00e4ngylleni ja olen&hellip;\n","protected":false},"author":2,"featured_media":121545,"comment_status":"","ping_status":"","sticky":false,"template":"","format":"standard","meta":{"footnotes":""},"categories":[130],"tags":[137,2615,33,31,30,98,637,2799,32,860,109],"class_list":{"0":"post-121544","1":"post","2":"type-post","3":"status-publish","4":"format-standard","5":"has-post-thumbnail","7":"category-viihde","8":"tag-entertainment","9":"tag-feminismi","10":"tag-fi","11":"tag-finland","12":"tag-finnish","13":"tag-perhe","14":"tag-politiikka","15":"tag-sanna-marin","16":"tag-suomi","17":"tag-tyoelama","18":"tag-viihde"},"share_on_mastodon":{"url":"https:\/\/pubeurope.com\/@fi\/115752450004479854","error":""},"_links":{"self":[{"href":"https:\/\/www.europesays.com\/fi\/wp-json\/wp\/v2\/posts\/121544","targetHints":{"allow":["GET"]}}],"collection":[{"href":"https:\/\/www.europesays.com\/fi\/wp-json\/wp\/v2\/posts"}],"about":[{"href":"https:\/\/www.europesays.com\/fi\/wp-json\/wp\/v2\/types\/post"}],"author":[{"embeddable":true,"href":"https:\/\/www.europesays.com\/fi\/wp-json\/wp\/v2\/users\/2"}],"replies":[{"embeddable":true,"href":"https:\/\/www.europesays.com\/fi\/wp-json\/wp\/v2\/comments?post=121544"}],"version-history":[{"count":0,"href":"https:\/\/www.europesays.com\/fi\/wp-json\/wp\/v2\/posts\/121544\/revisions"}],"wp:featuredmedia":[{"embeddable":true,"href":"https:\/\/www.europesays.com\/fi\/wp-json\/wp\/v2\/media\/121545"}],"wp:attachment":[{"href":"https:\/\/www.europesays.com\/fi\/wp-json\/wp\/v2\/media?parent=121544"}],"wp:term":[{"taxonomy":"category","embeddable":true,"href":"https:\/\/www.europesays.com\/fi\/wp-json\/wp\/v2\/categories?post=121544"},{"taxonomy":"post_tag","embeddable":true,"href":"https:\/\/www.europesays.com\/fi\/wp-json\/wp\/v2\/tags?post=121544"}],"curies":[{"name":"wp","href":"https:\/\/api.w.org\/{rel}","templated":true}]}}