{"id":121546,"date":"2025-12-20T14:49:10","date_gmt":"2025-12-20T14:49:10","guid":{"rendered":"https:\/\/www.europesays.com\/fi\/121546\/"},"modified":"2025-12-20T14:49:10","modified_gmt":"2025-12-20T14:49:10","slug":"outo-eksoplaneetta-hammastyttaa-tutkijoita-muoto-kuin-sitruunalla-uutisia-lyhyesti","status":"publish","type":"post","link":"https:\/\/www.europesays.com\/fi\/121546\/","title":{"rendered":"Outo eksoplaneetta h\u00e4mm\u00e4stytt\u00e4\u00e4 tutkijoita: muoto kuin sitruunalla | Uutisia lyhyesti"},"content":{"rendered":"<p class=\"aw-1gybjub aw-5vja16 kEtdKx kmuxyA yle__article__paragraph\">Nyt havaitun aurinkokunnan ulkopuolisen planeetan sanotaan olevan kaikkein merkillisin kaikista aiemmin havaituista.<\/p>\n<p><img decoding=\"async\" alt=\"Taiteilijan n\u00e4kemys eksoplaneetta PSR J2322-2650b:st\u00e4.\" src=\"https:\/\/www.europesays.com\/fi\/wp-content\/uploads\/2025\/12\/39-1573016694692c03b4f2.jpeg\" class=\"aw-1l9m598 hKVVvP\"\/><\/p>\n<p>Avaa kuvien katselu<\/p>\n<p>Taiteilijan n\u00e4kemys eksoplaneetta PSR J2322-2650b:st\u00e4. Kuva: Ralf Crawford \/ NASA, ESA, CSA<\/p>\n<p class=\"aw-1gybjub aw-1p7kakr kEtdKx cEmitX yle__article__paragraph\">Tieteilij\u00e4t ovat l\u00f6yt\u00e4neet Nasan James Webb -avaruusteleskoopin kuvista harvinaisen eksoplaneetan.<\/p>\n<p class=\"aw-1gybjub aw-1p7kakr kEtdKx cEmitX yle__article__paragraph\">Viralliselta nimelt\u00e4\u00e4n PSR J2322-2650b h\u00e4mm\u00e4stytt\u00e4\u00e4 nyt tutkijoita monin tavoin. Se ei ole py\u00f6re\u00e4 vaan soikea ja muistuttaa muodoltaan sitruunaa.<\/p>\n<p class=\"aw-1gybjub aw-1p7kakr kEtdKx cEmitX yle__article__paragraph\">Se kiert\u00e4\u00e4 nopeasti py\u00f6riv\u00e4\u00e4 neutronit\u00e4hte\u00e4 eli pulsaria, jonka huomattavasti suurempi painovoima vet\u00e4\u00e4 planeetan omintakeisesti sitruunanmuotoiseksi.<\/p>\n<p><img decoding=\"async\" alt=\"taiteiljan n\u00e4kemys eksoplaneetta PSR J2322-2650b:st\u00e4 ja Pulsarista.\" src=\"https:\/\/www.europesays.com\/fi\/wp-content\/uploads\/2025\/12\/39-1573015694692c035648.jpeg\" loading=\"lazy\" class=\"aw-1l9m598 hKVVvP\"\/><\/p>\n<p>Avaa kuvien katselu<\/p>\n<p>Taiteilijan n\u00e4kemys eksoplaneetasta ja t\u00e4hdest\u00e4, joka muotoilee planeettaa vetovoimallaan. Kuva: Ralf Crawford \/ NASA, ESA, CSA<\/p>\n<p class=\"aw-1gybjub aw-1p7kakr kEtdKx cEmitX yle__article__paragraph\">Planeetan syntymekanismi on tutkijoille mysteeri.<\/p>\n<p class=\"aw-1gybjub aw-1p7kakr kEtdKx cEmitX yle__article__paragraph\">Tutkimuksen p\u00e4\u00e4tutkija <strong class=\"aw-ak79eh KyCXm yle__article__strong\">Michael Zhang<\/strong> Chicagon yliopistosta sanoo, ett\u00e4 planeetan kaasukeh\u00e4 on t\u00e4ysin uudentyyppinen, jollaista kukaan ei ole koskaan aiemmin n\u00e4hnyt. Se koostuu l\u00e4hinn\u00e4 hiilimolekyyleist\u00e4.<\/p>\n<p class=\"aw-1gybjub aw-1p7kakr kEtdKx cEmitX yle__article__paragraph\">Tutkija <strong class=\"aw-ak79eh KyCXm yle__article__strong\">Peter Gao<\/strong> Carnegie Earth and Planets -laboratoriosta kuvailee, ett\u00e4 l\u00f6yt\u00f6 oli tutkijaryhm\u00e4lle t\u00e4ysi yll\u00e4tys.<\/p>\n<p class=\"aw-1gybjub aw-1p7kakr kEtdKx cEmitX yle__article__paragraph\">\u2013 Yhteinen reaktiomme oli: mit\u00e4 ihmett\u00e4 t\u00e4m\u00e4 on?<\/p>\n<p class=\"aw-1gybjub aw-1p7kakr kEtdKx cEmitX yle__article__paragraph\">PSR J2322-2650b tarjoaa tutkijoille viel\u00e4 runsaasti tutkittavaa.<\/p>\n<p class=\"aw-1gybjub aw-1p7kakr kEtdKx cEmitX yle__article__paragraph\">Tiimin j\u00e4sen <strong class=\"aw-ak79eh KyCXm yle__article__strong\">Roger Romani<\/strong> Stanfordista ja Kavli Institute for Particle Astrophysics and Cosmology Institutesta sanoo <a class=\"aw-iao6s4 iHOxEa yle__article__link\" href=\"https:\/\/www.eurekalert.org\/news-releases\/1110250\" role=\"link\" rel=\"nofollow noopener\" target=\"_blank\">Chicagon yliopiston tiedotteessa<\/a>, ett\u00e4 on vain hyv\u00e4, ettei kaikkea viel\u00e4 tiedet\u00e4.<\/p>\n<p class=\"aw-1gybjub aw-1p7kakr kEtdKx cEmitX yle__article__paragraph\">\u2013 On hienoa, ett\u00e4 meill\u00e4 on arvoitus selvitett\u00e4v\u00e4n\u00e4.<\/p>\n<p class=\"aw-1gybjub aw-1p7kakr kEtdKx cEmitX yle__article__paragraph\">Aiheesta on uutisoinut aiemmin muun muassa <a class=\"aw-iao6s4 iHOxEa yle__article__link\" href=\"https:\/\/tieku.fi\/maailmankaikkeus\/erikoinen-eksoplaneetta-allistyttaa-tutkijoita-mika-ihme-tama-on\" role=\"link\" rel=\"nofollow noopener\" target=\"_blank\">Tieteen Kuvalehti<\/a>.<\/p>\n","protected":false},"excerpt":{"rendered":"Nyt havaitun aurinkokunnan ulkopuolisen planeetan sanotaan olevan kaikkein merkillisin kaikista aiemmin havaituista. Avaa kuvien katselu Taiteilijan n\u00e4kemys eksoplaneetta&hellip;\n","protected":false},"author":2,"featured_media":121547,"comment_status":"","ping_status":"","sticky":false,"template":"","format":"standard","meta":{"footnotes":""},"categories":[112],"tags":[453,14451,33,31,30,1324,118,32,119,56],"class_list":{"0":"post-121546","1":"post","2":"type-post","3":"status-publish","4":"format-standard","5":"has-post-thumbnail","7":"category-tiede","8":"tag-avaruus","9":"tag-eksoplaneetat","10":"tag-fi","11":"tag-finland","12":"tag-finnish","13":"tag-nasa","14":"tag-science","15":"tag-suomi","16":"tag-tiede","17":"tag-ulkomaat"},"share_on_mastodon":{"url":"https:\/\/pubeurope.com\/@fi\/115752453382146698","error":""},"_links":{"self":[{"href":"https:\/\/www.europesays.com\/fi\/wp-json\/wp\/v2\/posts\/121546","targetHints":{"allow":["GET"]}}],"collection":[{"href":"https:\/\/www.europesays.com\/fi\/wp-json\/wp\/v2\/posts"}],"about":[{"href":"https:\/\/www.europesays.com\/fi\/wp-json\/wp\/v2\/types\/post"}],"author":[{"embeddable":true,"href":"https:\/\/www.europesays.com\/fi\/wp-json\/wp\/v2\/users\/2"}],"replies":[{"embeddable":true,"href":"https:\/\/www.europesays.com\/fi\/wp-json\/wp\/v2\/comments?post=121546"}],"version-history":[{"count":0,"href":"https:\/\/www.europesays.com\/fi\/wp-json\/wp\/v2\/posts\/121546\/revisions"}],"wp:featuredmedia":[{"embeddable":true,"href":"https:\/\/www.europesays.com\/fi\/wp-json\/wp\/v2\/media\/121547"}],"wp:attachment":[{"href":"https:\/\/www.europesays.com\/fi\/wp-json\/wp\/v2\/media?parent=121546"}],"wp:term":[{"taxonomy":"category","embeddable":true,"href":"https:\/\/www.europesays.com\/fi\/wp-json\/wp\/v2\/categories?post=121546"},{"taxonomy":"post_tag","embeddable":true,"href":"https:\/\/www.europesays.com\/fi\/wp-json\/wp\/v2\/tags?post=121546"}],"curies":[{"name":"wp","href":"https:\/\/api.w.org\/{rel}","templated":true}]}}