{"id":121550,"date":"2025-12-20T14:52:08","date_gmt":"2025-12-20T14:52:08","guid":{"rendered":"https:\/\/www.europesays.com\/fi\/121550\/"},"modified":"2025-12-20T14:52:08","modified_gmt":"2025-12-20T14:52:08","slug":"analyysi-venajan-suurvaltamyytti-murenee-kasiin","status":"publish","type":"post","link":"https:\/\/www.europesays.com\/fi\/121550\/","title":{"rendered":"Analyysi: Ven\u00e4j\u00e4n suurvaltamyytti murenee k\u00e4siin"},"content":{"rendered":"<p class=\"paragraph\">Reilun kolmen viikon p\u00e4\u00e4st\u00e4 <a href=\"https:\/\/www.iltalehti.fi\/henkilot\/Vladimir Putin\" class=\"article-link-person-page\" rel=\"nofollow noopener\" target=\"_blank\">Vladimir Putin<\/a> saavuttaa kyseenalaisen merkkipaalun, kun h\u00e4nen l\u00e4hes nelj\u00e4 vuotta sitten k\u00e4ynnist\u00e4m\u00e4ns\u00e4 hy\u00f6kk\u00e4ys Ukrainaan on kest\u00e4nyt 1\u00a0418 p\u00e4iv\u00e4\u00e4.<\/p>\n<p class=\"paragraph\">Tarkalleen ottaen kyseess\u00e4 on tammikuun 12. p\u00e4iv\u00e4. Tuolloin Ukrainan sota on jatkunut pidemp\u00e4\u00e4n kuin nyky-Ven\u00e4j\u00e4ll\u00e4 legendaariseksi nostettu suuri is\u00e4nmaallinen sota, eli Neuvostoliiton osuus toisessa maailmansodassa.<\/p>\n<p class=\"paragraph\">Suuri is\u00e4nmaallinen sota alkoi natsi-Saksan Operaatio Barbarossalla eli hy\u00f6kk\u00e4yksell\u00e4 Neuvostoliittoon 22. kes\u00e4kuuta 1941 ja p\u00e4\u00e4ttyi 9. toukokuuta 1945.<\/p>\n<p class=\"paragraph\">Sota muodostaa yh\u00e4 keskeisen perustan Ven\u00e4j\u00e4n valtiolliselle historiakerronnalle, kansalliselle identiteetille ja suurvaltamyytille.<\/p>\n<p class=\"paragraph\">Kremlill\u00e4 on siis k\u00e4yt\u00f6ss\u00e4 sama pelikirja kuin 80 vuotta sitten, sill\u00e4 hy\u00f6kk\u00e4yst\u00e4 Ukrainaan se on pyrkinyt oikeuttamaan kehyst\u00e4m\u00e4ll\u00e4 sen eksistentiaaliseksi taisteluksi l\u00e4ntt\u00e4, Natoa ja \u201dUkrainan natsismia\u201d vastaan.<\/p>\n<p class=\"paragraph\">Siin\u00e4 miss\u00e4 1940-luvulla neuvostojoukot eteniv\u00e4t Berliiniin asti, Ven\u00e4j\u00e4n tuloksena Ukrainassa on t\u00e4h\u00e4n asti l\u00e4hinn\u00e4 valtavat tappiot, strateginen umpikujatilanne ja syvenev\u00e4 kansainv\u00e4linen eristys.<\/p>\n<p class=\"paragraph\">Perjantaina vuotuisessa propagandamaratonissaan Putin pauhasi tutulla nuotilla Ukrainan sodan \u201djuurisyist\u00e4\u201d ja antoi j\u00e4lleen esimerkin vieraantumisestaan todellisuudesta v\u00e4itt\u00e4m\u00e4ll\u00e4, ettei Ven\u00e4j\u00e4 suinkaan ollut se, joka sodan aloitti.<\/p>\n<p class=\"paragraph\">Nelj\u00e4 ja puoli tuntia kest\u00e4nyt spektaakkeli oli t\u00e4ynn\u00e4 syyt\u00f6ksi\u00e4 ja valheita, mutta tilaisuuteen sopivasti my\u00f6s toivoa paremmasta \u2013 kunhan vain Ukraina ja l\u00e4nsimaat ensin lopettavat Ven\u00e4j\u00e4n vilpitt\u00f6mien rauhanpyrkimysten est\u00e4misen.<\/p>\n<p class=\"paragraph\">Viime aikoina Putin on jopa samassa virkkeess\u00e4 vakuuttanut Ven\u00e4j\u00e4n rauhantahtoisuutta, mutta samalla uhonnut, ett\u00e4 mik\u00e4li Ukraina ei suostu antamaan sille Donbassia ja muita Ven\u00e4j\u00e4n itseens\u00e4 jo liitt\u00e4mi\u00e4 alueita, niin Ven\u00e4j\u00e4 kyll\u00e4 hoitaa asian sotilaallisesti.<\/p>\n<p class=\"paragraph\">Keskiviikkona Putin piti puheen puolustusministeri\u00f6lle, jossa pilkkasi Euroopan johtajia \u201dpikkupossuiksi\u201d ja sanoi, ett\u00e4 Ven\u00e4j\u00e4n joukoilla on strateginen aloite koko rintamalinjalla.<\/p>\n<p class=\"paragraph\">Mik\u00e4\u00e4n seikka ei kuitenkaan tue arviota siit\u00e4, ett\u00e4 Ven\u00e4j\u00e4 kykenisi merkitt\u00e4v\u00e4\u00e4n etenemiseen l\u00e4hiaikoina. P\u00e4invastoin.<\/p>\n<p class=\"paragraph\">Arvostettu talouslehti The Economist <a href=\"https:\/\/www.economist.com\/interactive\/europe\/2025\/10\/17\/russia-latest-big-ukraine-offensive-gains-next-to-nothing-again\" target=\"_blank\" rel=\"noopener nofollow\">arvioi<\/a> syksyll\u00e4, ett\u00e4 Ven\u00e4j\u00e4n \u201duusien alueiden\u201d eli Luhanskin, Donetskin, Hersonin ja Zapori\u017e\u017ejan valloittaminen kokonaisuudessaan veisi nykytahdilla vuoteen 2030 asti.<\/p>\n<p class=\"paragraph\">Koko Ukrainan miehitys puolestaan vaatisi yli sata vuotta. Laskelmat perustuvat oletukselle, ett\u00e4 etenemisvauhti pysyisi samana, mik\u00e4 on jo itsess\u00e4\u00e4n ep\u00e4todenn\u00e4k\u00f6ist\u00e4.<\/p>\n<p class=\"paragraph\">Putinin entinen puheenkirjoittaja <strong>Abbas Galljamov<\/strong> <a href=\"https:\/\/t.me\/s\/abbasgallyamovpolitics\" target=\"_blank\" rel=\"noopener nofollow\">kommentoi<\/a> ristiriitaa Putinin puheiden ja todellisuuden v\u00e4lill\u00e4 osuvasti Telegram-kanavallaan.<\/p>\n<p class=\"paragraph\">Maailmassa on Galljamovin mukaan kolme asiaa, joita voi katsella loputtomiin: kuinka vesi virtaa, kuinka tuli palaa ja kuinka Ven\u00e4j\u00e4n armeija lopullisesti ottaa aloitteen haltuunsa.<\/p>\n<p class=\"paragraph\">Sota k\u00e4y Ven\u00e4j\u00e4lle p\u00e4iv\u00e4 p\u00e4iv\u00e4lt\u00e4 yh\u00e4 kalliimmaksi.<\/p>\n<p class=\"paragraph\">Siin\u00e4 miss\u00e4 suuri is\u00e4nmaallinen sota nosti Neuvostoliiton suurvallaksi, Ukrainan sota on ajanut Putinin Ven\u00e4j\u00e4n yh\u00e4 kauemmas siit\u00e4 asemasta.<\/p>\n<p class=\"paragraph\">Ven\u00e4j\u00e4 ei tunnetusti hiisku menetyksist\u00e4\u00e4n, mutta arvioiden mukaan pelk\u00e4t miehist\u00f6tappiot, eli sodassa kuolleet ja loukkaantuneet, olivat jo kes\u00e4ll\u00e4 ylitt\u00e4neet miljoonan.<\/p>\n<p class=\"paragraph\">Sota ja sen my\u00f6t\u00e4 l\u00e4nsimaiden asettamat pakotteet ovat samalla muokanneet Ven\u00e4j\u00e4n taloutta perustavanlaatuisesti.<\/p>\n<p class=\"paragraph\">Ven\u00e4j\u00e4 on eristetty kansainv\u00e4lisest\u00e4 rahoitus- ja teknologiayhteisty\u00f6st\u00e4 tavalla, jollaista Neuvostoliittokaan ei kokenut, ja talous on ohjattu yh\u00e4 selvemmin sodan tarpeita palvelevaksi.<\/p>\n<p class=\"paragraph\">Lyhyell\u00e4 aikav\u00e4lill\u00e4 t\u00e4m\u00e4 on luonut illuusion vakaudesta, sill\u00e4 Kremlin panostus sotaan pit\u00e4\u00e4 asetehtaat k\u00e4ynniss\u00e4 ja energiavienti tuo yh\u00e4 valuuttaa valtion kirstuun.<\/p>\n<p class=\"paragraph\">Hinta kasvaa kuitenkin koko ajan. Siviilitalouden investoinnit ovat hiipuneet, l\u00e4nsimaisen teknologian ja komponenttien korvaaminen ontuu, ja Ven\u00e4j\u00e4n teknologinen j\u00e4lkeenj\u00e4\u00e4neisyys syvenee. Samalla ty\u00f6voimapula pahenee, kun mobilisaatio, sodassa kaatuneet ja loukkaantuneet ja sodan vuoksi ulkomaille paenneet sy\u00f6v\u00e4t ty\u00f6ik\u00e4ist\u00e4 v\u00e4est\u00f6\u00e4.<\/p>\n<p class=\"paragraph\">1940-luvulla Neuvostoliitto pystyi sodan j\u00e4lkeen k\u00e4\u00e4nt\u00e4m\u00e4\u00e4n valtavat uhrauksensa geopoliittiseksi ja teolliseksi voimaksi. Ukrainan sodassa Ven\u00e4j\u00e4 kuluttaa resurssejaan ilman n\u00e4kyv\u00e4\u00e4 tulosta.<\/p>\n<p class=\"paragraph\">Talous on toki pysynyt t\u00e4h\u00e4n asti pinnalla sodan ansiosta, mutta samalla se sy\u00f6 v\u00e4ist\u00e4m\u00e4tt\u00e4 pitk\u00e4n aikav\u00e4lin kasvua ja heikent\u00e4\u00e4 Ven\u00e4j\u00e4n asemaa maailmantaloudessa entisest\u00e4\u00e4n.<\/p>\n<p class=\"paragraph\">Yksitt\u00e4inen mutta paljastava esimerkki Ven\u00e4j\u00e4n kehityksest\u00e4 ja Kremlin puhtaasta piittaamattomuudesta kansalaisistaan saatiin aiemmin joulukuussa, kun Putin hyv\u00e4ksyi <a href=\"http:\/\/publication.pravo.gov.ru\/document\/0001202512090003?index=1\" target=\"_blank\" rel=\"noopener nofollow\">ukaasin<\/a>, joka siirt\u00e4\u00e4 Ven\u00e4j\u00e4n julkisen terveydenhuollon l\u00e4hes t\u00e4ysin kotimaisten l\u00e4\u00e4kkeiden varaan.<\/p>\n<p class=\"paragraph\">P\u00e4\u00e4t\u00f6s istuu saumattomasti Kremlin pitk\u00e4\u00e4n vaalimaan narratiiviin Ven\u00e4j\u00e4st\u00e4 maana, joka p\u00e4rj\u00e4\u00e4 yksin ja johon l\u00e4nnen asettamat pakotteet eiv\u00e4t vaikuta. K\u00e4yt\u00e4nn\u00f6ss\u00e4 ukaasi kuitenkin merkitsee vaikeita aikoja tavallisille ven\u00e4l\u00e4isille.<\/p>\n<p class=\"paragraph\">Ven\u00e4j\u00e4n oma l\u00e4\u00e4keteollisuus ei kykene korvaamaan l\u00e4nsimaisten yhti\u00f6iden kehitt\u00e4mi\u00e4 alkuper\u00e4isl\u00e4\u00e4kkeit\u00e4, ja potilaiden vaihtoehdot kaventuvat geneerisiin valmisteisiin, joiden teho ja saatavuus vaihtelevat. Monien vakavien sairauksien hoitoon tarvittavat l\u00e4\u00e4kkeet j\u00e4\u00e4v\u00e4t julkisen terveydenhuollon ulottumattomiin.<\/p>\n<p class=\"paragraph\">Putin ei tietenk\u00e4\u00e4n my\u00f6nn\u00e4 p\u00e4\u00e4t\u00f6ksen johtuvan h\u00e4nen aloittamastaan sodasta.<\/p>\n<p class=\"paragraph\">Kansainv\u00e4listen l\u00e4\u00e4keyhti\u00f6iden vet\u00e4ytyminen Ven\u00e4j\u00e4lt\u00e4 ei ole yksinomaan pakotteiden seurausta, vaan se on poliittisen riskin, toimitusketjujen heikkenemisen ja Kremlin luoman s\u00e4\u00e4ntely-ymp\u00e4rist\u00f6n arvaamattomuuden tulosta.<\/p>\n<p class=\"paragraph\">Kreml pyrkii k\u00e4\u00e4nt\u00e4m\u00e4\u00e4n itse aiheuttamansa tilanteen n\u00e4yt\u00f6ksi Ven\u00e4j\u00e4n omavaraisuudesta ja riippumattomuudesta l\u00e4nnest\u00e4.<\/p>\n<p class=\"paragraph\">Hinta Putinin toimista lankeaa kuitenkin lopulta tavallisten ven\u00e4l\u00e4isten maksettavaksi.<\/p>\n","protected":false},"excerpt":{"rendered":"Reilun kolmen viikon p\u00e4\u00e4st\u00e4 Vladimir Putin saavuttaa kyseenalaisen merkkipaalun, kun h\u00e4nen l\u00e4hes nelj\u00e4 vuotta sitten k\u00e4ynnist\u00e4m\u00e4ns\u00e4 hy\u00f6kk\u00e4ys Ukrainaan&hellip;\n","protected":false},"author":2,"featured_media":121551,"comment_status":"","ping_status":"","sticky":false,"template":"","format":"standard","meta":{"footnotes":""},"categories":[14],"tags":[35,22,23,26,27,33,31,30,17,24,25,28,29,15,18,21,637,144,32,19,20,56,16,1262,1665,59,60,61,13032],"class_list":{"0":"post-121550","1":"post","2":"type-post","3":"status-publish","4":"format-standard","5":"has-post-thumbnail","7":"category-ulkomaat","8":"tag-24h","9":"tag-breaking-news","10":"tag-breakingnews","11":"tag-featured-news","12":"tag-featurednews","13":"tag-fi","14":"tag-finland","15":"tag-finnish","16":"tag-headlines","17":"tag-latest-news","18":"tag-latestnews","19":"tag-main-news","20":"tag-mainnews","21":"tag-news","22":"tag-otsikot","23":"tag-paauutiset","24":"tag-politiikka","25":"tag-presidentti","26":"tag-suomi","27":"tag-top-stories","28":"tag-topstories","29":"tag-ulkomaat","30":"tag-uutiset","31":"tag-venajan-politiikka","32":"tag-venalaiset-poliitikot","33":"tag-world","34":"tag-world-news","35":"tag-worldnews","36":"tag-yhtenainen-venaja-puolue"},"share_on_mastodon":{"url":"https:\/\/pubeurope.com\/@fi\/115752464878122842","error":""},"_links":{"self":[{"href":"https:\/\/www.europesays.com\/fi\/wp-json\/wp\/v2\/posts\/121550","targetHints":{"allow":["GET"]}}],"collection":[{"href":"https:\/\/www.europesays.com\/fi\/wp-json\/wp\/v2\/posts"}],"about":[{"href":"https:\/\/www.europesays.com\/fi\/wp-json\/wp\/v2\/types\/post"}],"author":[{"embeddable":true,"href":"https:\/\/www.europesays.com\/fi\/wp-json\/wp\/v2\/users\/2"}],"replies":[{"embeddable":true,"href":"https:\/\/www.europesays.com\/fi\/wp-json\/wp\/v2\/comments?post=121550"}],"version-history":[{"count":0,"href":"https:\/\/www.europesays.com\/fi\/wp-json\/wp\/v2\/posts\/121550\/revisions"}],"wp:featuredmedia":[{"embeddable":true,"href":"https:\/\/www.europesays.com\/fi\/wp-json\/wp\/v2\/media\/121551"}],"wp:attachment":[{"href":"https:\/\/www.europesays.com\/fi\/wp-json\/wp\/v2\/media?parent=121550"}],"wp:term":[{"taxonomy":"category","embeddable":true,"href":"https:\/\/www.europesays.com\/fi\/wp-json\/wp\/v2\/categories?post=121550"},{"taxonomy":"post_tag","embeddable":true,"href":"https:\/\/www.europesays.com\/fi\/wp-json\/wp\/v2\/tags?post=121550"}],"curies":[{"name":"wp","href":"https:\/\/api.w.org\/{rel}","templated":true}]}}