{"id":121554,"date":"2025-12-20T14:54:08","date_gmt":"2025-12-20T14:54:08","guid":{"rendered":"https:\/\/www.europesays.com\/fi\/121554\/"},"modified":"2025-12-20T14:54:08","modified_gmt":"2025-12-20T14:54:08","slug":"oikeusministeri-meri-leikkauksista-syyttomien-oikeusapuun-kipuilen-asian-kanssa","status":"publish","type":"post","link":"https:\/\/www.europesays.com\/fi\/121554\/","title":{"rendered":"Oikeusministeri Meri leikkauksista syytt\u00f6mien oikeusapuun: \u201dKipuilen asian kanssa\u201d"},"content":{"rendered":"<p>Oikeusvaltio|Leena Meri kertoo p\u00e4\u00e4tt\u00e4v\u00e4ns\u00e4 maanantaina, viek\u00f6 oikeusministeri\u00f6 kiistellyt oikeusapuleikkaukset eteenp\u00e4in.<\/p>\n<p>Lue tiivistelm\u00e4<\/p>\n<p class=\"article-body mb-nof-24 px-nof-16 sndp-summary-bullet-point-font\">Oikeusministeri Leena Meri kertoo p\u00e4\u00e4tt\u00e4v\u00e4ns\u00e4 maanantaina, viek\u00f6 ministeri\u00f6 eteenp\u00e4in lakiluonnoksen, joka leikkaisi syytt\u00f6m\u00e4ksi todettujen oikeudenk\u00e4yntikulukorvauksia.<\/p>\n<p class=\"article-body mb-nof-24 px-nof-16 sndp-summary-bullet-point-font\">Meri sanoo kipuilevansa asian kanssa ja my\u00f6nt\u00e4\u00e4, ettei lakia v\u00e4ltt\u00e4m\u00e4tt\u00e4 vied\u00e4 eduskuntaan.<\/p>\n<p class=\"article-body mb-nof-24 px-nof-16 sndp-summary-bullet-point-font\">Lakiesitys leikkaisi syytt\u00f6mien keskim\u00e4\u00e4r\u00e4iset korvaukset puoleen ja s\u00e4\u00e4st\u00e4isi valtiolle noin 2,27 miljoonaa euroa vuodessa.<\/p>\n<p class=\"article-body mb-nof-24 px-nof-16 sndp-summary-bullet-point-font\">Useampi kokoomusedustaja kritisoi esityst\u00e4 eduskunnassa, ja perustuslakivaliokunnan puheenjohtaja Heikki Vestman kutsui sit\u00e4 oikeuden ja kohtuuden vastaiseksi.<\/p>\n<p class=\"article-body mb-nof-24 px-nof-16\">Oikeusministeri <a class=\"article-personlink\" href=\"https:\/\/www.hs.fi\/haku\/?query=Leena%20Meri\" rel=\"nofollow noopener\" target=\"_blank\">Leena Meri<\/a> (ps) toppuuttelee <a class=\"article-genericlink\" href=\"https:\/\/www.hs.fi\/paakirjoitukset\/art-2000011703328.html\" rel=\"nofollow noopener\" target=\"_blank\">kohua,<\/a> joka on noussut ministeri\u00f6ss\u00e4 valmistellusta lakiluonnoksesta. Siin\u00e4 karsittaisiin syytteist\u00e4 vapautetulle oikeudenk\u00e4yntikuluista maksettavia korvauksia.<\/p>\n<p class=\"article-body mb-nof-24 px-nof-16\">\u201dSanotaan suoraan, ett\u00e4 min\u00e4 henkil\u00f6kohtaisesti kipuilen t\u00e4m\u00e4n asian kanssa\u201d, Meri sanoo HS:n haastattelussa.<\/p>\n<p class=\"article-body mb-nof-24 px-nof-16\">Meri my\u00f6nt\u00e4\u00e4, ett\u00e4 ministeri\u00f6 ei v\u00e4ltt\u00e4m\u00e4tt\u00e4 vie lakia eduskuntaan.<\/p>\n<p class=\"article-body mb-nof-24 px-nof-16\">V\u00e4h\u00e4n HS:n haastattelun j\u00e4lkeen Meri palaa asiaan ja kertoo p\u00e4\u00e4tt\u00e4v\u00e4ns\u00e4 maanantaina, miten lakiluonnoksen suhteen toimitaan.<\/p>\n<p class=\"article-body mb-nof-24 px-nof-16\">Syytetyll\u00e4 on nykyisin oikeus saada kohtuullinen korvaus oikeudenk\u00e4yntikuluistaan, jos virallisen syytt\u00e4j\u00e4n ajama syyte hyl\u00e4t\u00e4\u00e4n. Tuomioistuin p\u00e4\u00e4tt\u00e4\u00e4 tapauskohtaisesti korvausten kohtuullisuudesta.<\/p>\n<p class=\"article-body mb-nof-24 px-nof-16\">Helsingin Sanomat <a class=\"article-genericlink\" href=\"https:\/\/www.hs.fi\/tutkiva\/art-2000011692031.html\" rel=\"nofollow noopener\" target=\"_blank\">kertoi<\/a> maanantaina, ett\u00e4 jos ministeri\u00f6ss\u00e4 salamyhk\u00e4isesti valmisteltu lakihanke toteutuisi, syytt\u00f6m\u00e4ksi oikeudessa todettujen keskim\u00e4\u00e4r\u00e4iset korvaukset putoaisivat puoleen nykyisest\u00e4 tasosta. Oikeusministeri\u00f6 <a class=\"article-genericlink\" href=\"https:\/\/oikeusministerio.fi\/-\/oikeudenkayntikulukorvauksien-rajoittamista-selvitetaan\" rel=\"nofollow noopener\" target=\"_blank\">tiedotti<\/a> aikeistaan pari p\u00e4iv\u00e4\u00e4 HS:n jutun ilmestymisen j\u00e4lkeen.<\/p>\n<p class=\"article-body mb-nof-24 px-nof-16\">Ministeri\u00f6 perusteli tiedotteessaan hanketta tarpeella hillit\u00e4 oikeudenhoidon kustannuksia.<\/p>\n<p class=\"article-body mb-nof-24 px-nof-16\">Koska valtion varoista maksettavien oikeudenk\u00e4yntikulukorvausten m\u00e4\u00e4r\u00e4t ovat kasvaneet, ministeri\u00f6 on saanut Meren mukaan teht\u00e4v\u00e4kseen katsoa, mit\u00e4 asialle voitaisiin tehd\u00e4. Meri korostaa, ett\u00e4 lakiesityksen viemisest\u00e4 eduskuntaan ei ole poliittista p\u00e4\u00e4t\u00f6st\u00e4.<\/p>\n<p class=\"article-body mb-nof-24 px-nof-16\">\u201dHallituspuolueiden erityisavustajat ovat k\u00e4yneet t\u00e4t\u00e4 l\u00e4pi ja olleet sit\u00e4 mielt\u00e4, ett\u00e4 asiaa voidaan selvitt\u00e4\u00e4. Se on ainoa asia, joka t\u00e4ss\u00e4 vaiheessa on poliittisesti hyv\u00e4ksytty\u201d, Meri sanoo.<\/p>\n<p class=\"article-body mb-nof-24 px-nof-16\">Asia nousi esille torstaina eduskunnan t\u00e4ysistunnossa, kun budjettik\u00e4sittelyss\u00e4 oli oikeusministeri\u00f6n hallinnonala. Useampikin kokoomusedustaja kritisoi kovasanaisesti syytt\u00f6m\u00e4ksi todettujen oikeusavun leikkauksia.<\/p>\n<p class=\"article-body mb-nof-24 px-nof-16\">Perustuslakivaliokunnan puheenjohtaja <a class=\"article-personlink\" href=\"https:\/\/www.hs.fi\/haku\/?query=Heikki%20Vestman\" rel=\"nofollow noopener\" target=\"_blank\">Heikki Vestman<\/a> (kok) <a class=\"article-genericlink\" href=\"https:\/\/www.is.fi\/politiikka\/art-2000011706828.html?utm_source=ampparit\" rel=\"nofollow noopener\" target=\"_blank\">sanoi<\/a> esityksen olevan \u201doikeuden ja kohtuuden vastainen\u201d.<\/p>\n<p class=\"article-body mb-nof-24 px-nof-16\"><a class=\"article-personlink\" href=\"https:\/\/www.hs.fi\/haku\/?query=Karoliina%20Partanen\" rel=\"nofollow noopener\" target=\"_blank\">Karoliina Partanen <\/a>(kok) sanoi oikeusavun olevan keskeinen osa suomalaista oikeusvaltiota. \u201dKysynkin nyt oikeusministeri Merelt\u00e4: eih\u00e4n t\u00e4t\u00e4 esityst\u00e4 tulla antamaan eduskunnalle?\u201d Partanen pen\u00e4si.<\/p>\n<p class=\"article-body mb-nof-24 px-nof-16\">Oikeusministeri Meri korosti, ett\u00e4 k\u00e4ynniss\u00e4 on vasta virkamiesvalmistelu.<\/p>\n<p class=\"article-body mb-nof-24 px-nof-16\">\u201dEn min\u00e4 tietenk\u00e4\u00e4n luvata voi, ett\u00e4 mink\u00e4\u00e4nlaista esityst\u00e4 ei tule. Min\u00e4 en t\u00e4\u00e4ll\u00e4 yksin asioita p\u00e4\u00e4t\u00e4, mutta kyll\u00e4 se minustakin hankalalta tuntuu. Mutta kyll\u00e4 t\u00e4t\u00e4 selvitt\u00e4\u00e4 voi\u201d, Meri sanoi eduskunnassa.<\/p>\n<p class=\"article-body mb-nof-24 px-nof-16\">Kovin innostuneelta Meri ei asian suhteen ole my\u00f6sk\u00e4\u00e4n HS:n haastattelussa.<\/p>\n<p class=\"article-body mb-nof-24 px-nof-16\">\u201dVaikealta t\u00e4m\u00e4 minusta tuntuu\u201d, h\u00e4n sanoo.<\/p>\n<p class=\"article-body mb-nof-24 px-nof-16\">Meren mukaan on olennaista, ett\u00e4 ihminen saa kunnollista oikeusapua.<\/p>\n<p class=\"article-body mb-nof-24 px-nof-16\">\u201dMutta kun Suomi on EU:n alij\u00e4\u00e4m\u00e4menettelyss\u00e4 ja taloudessa tulee jatkuvasti huonompia uutisia. Joudumme miettim\u00e4\u00e4n, mit\u00e4 meill\u00e4 on aidosti varaa valtion varoista maksaa.\u201d<\/p>\n<p class=\"article-body mb-nof-24 px-nof-16\">Oikeusministeri\u00f6n mukaan nykyisin keskim\u00e4\u00e4r\u00e4inen valtion varoista korvattava oikeusavun tuntimaksu on 219 euroa. Lakiluonnoksessa kaavaillaan kattoa sek\u00e4 tuntikorvaukseen ett\u00e4 ett\u00e4 laskutettavien tuntien m\u00e4\u00e4r\u00e4\u00e4n. Tuntikorvaus rajattaisiin 120 euroon. Tunteja voisi ilman erityisen painavaa syyt\u00e4 laskuttaa korkeintaan 80.<\/p>\n<p class=\"article-body mb-nof-24 px-nof-16\">Muutoksen my\u00f6t\u00e4 valtio s\u00e4\u00e4st\u00e4isi ministeri\u00f6n laskelmien mukaan noin 2,27 miljoonaa euroa vuodessa.<\/p>\n<p class=\"article-body mb-nof-24 px-nof-16\">Lakiluonnosta esiteltiin alkuviikosta sidosryhmille, joiden palaute oli kriittist\u00e4.<\/p>\n<p class=\"article-body mb-nof-24 px-nof-16\">Suomen Asianajajien p\u00e4\u00e4sihteeri <a class=\"article-personlink\" href=\"https:\/\/www.hs.fi\/haku\/?query=Niko%20Jakobsson\" rel=\"nofollow noopener\" target=\"_blank\">Niko Jakobsson<\/a> <a class=\"article-genericlink\" href=\"https:\/\/www.hs.fi\/tutkiva\/art-2000011692031.html\" rel=\"nofollow noopener\" target=\"_blank\">sanoi<\/a> HS:n haastattelussa erityisesti ihmettelev\u00e4ns\u00e4 salamyhk\u00e4isyytt\u00e4, jolla ministeri\u00f6 on edist\u00e4nyt hanketta.<\/p>\n<p class=\"article-body mb-nof-24 px-nof-16\">Sin\u00e4ns\u00e4 Meri sanoo pit\u00e4v\u00e4ns\u00e4 hyv\u00e4n\u00e4, ett\u00e4 kaikkia eri vaihtoehtoja selvitet\u00e4\u00e4n ja millaista palautetta niist\u00e4 tulee.<\/p>\n<p class=\"article-body mb-nof-24 px-nof-16\">\u201dSielt\u00e4 palautteesta on mahdollista saada joku parempi idea\u201d, h\u00e4n toteaa.<\/p>\n<p class=\"article-body mb-nof-24 px-nof-16\">Meri korostaa, ett\u00e4 jos oikeusapuleikkauksia ei vied\u00e4 eteenp\u00e4in, ministeri\u00f6 joutuu etsim\u00e4\u00e4n s\u00e4\u00e4st\u00f6j\u00e4 muualta omalta hallinnonalaltaan.<\/p>\n<p class=\"article-body mb-nof-24 px-nof-16\">Oikeusministeri\u00f6n hallinnonalalle on kaikkiaan m\u00e4\u00e4r\u00e4tty 24 miljoonan euron s\u00e4\u00e4st\u00f6t. Niiden l\u00f6yt\u00e4minen ei Meren mukaan ole helppoa.<\/p>\n<p class=\"article-body mb-nof-24 px-nof-16\">Meri intoutuu miettim\u00e4\u00e4n, miten teko\u00e4lyn k\u00e4ytt\u00e4misell\u00e4 voitaisiin saada s\u00e4\u00e4st\u00f6j\u00e4.<\/p>\n<p class=\"article-body mb-nof-24 px-nof-16\">Esimerkiksi syytt\u00e4jille ja tuomioistuimille voitaisiin Meren mukaan kehitt\u00e4\u00e4 arkity\u00f6t\u00e4 helpottamaan teko\u00e4lyyn pohjaavia j\u00e4rjestelmi\u00e4, josta voisi hakea esimerkiksi aiempia tuomioita. \u201dK\u00e4sitt\u00e4\u00e4kseni niit\u00e4 haetaan nykyisin k\u00e4sin hakusanoilla\u201d, Meri sanoo.<\/p>\n<p class=\"article-body mb-nof-24 px-nof-16\">H\u00e4n kertoo my\u00f6s kuulleensa, ett\u00e4 Ruotsissa on kehitetty teko\u00e4lypohjaisia tulkkauspalveluita.<\/p>\n<p class=\"article-body mb-nof-24 px-nof-16\">\u201dVoisi olla jopa seitsem\u00e4n miljoonan vuosittainen s\u00e4\u00e4st\u00f6potentiaali, jos teko\u00e4lyn avulla saataisiin tuomioistuimiin tulkkauspalvelua ja k\u00e4\u00e4nn\u00f6sapua\u201d, Meri sanoo.<\/p>\n<p class=\"article-body mb-nof-24 px-nof-16\">Meri my\u00f6nt\u00e4\u00e4, ett\u00e4 teko\u00e4lytulkin k\u00e4ytt\u00e4misess\u00e4 voi olla oikeusturvaongelmia.<\/p>\n<p class=\"article-body mb-nof-24 px-nof-16\">\u201dNiin, totta kai siin\u00e4 voi olla. L\u00e4htien siit\u00e4, ett\u00e4 kuka autentisoi [todentaa] asian olevan oikein k\u00e4\u00e4nnetty.\u201d<\/p>\n","protected":false},"excerpt":{"rendered":"Oikeusvaltio|Leena Meri kertoo p\u00e4\u00e4tt\u00e4v\u00e4ns\u00e4 maanantaina, viek\u00f6 oikeusministeri\u00f6 kiistellyt oikeusapuleikkaukset eteenp\u00e4in. Lue tiivistelm\u00e4 Oikeusministeri Leena Meri kertoo p\u00e4\u00e4tt\u00e4v\u00e4ns\u00e4 maanantaina,&hellip;\n","protected":false},"author":2,"featured_media":121555,"comment_status":"","ping_status":"","sticky":false,"template":"","format":"standard","meta":{"footnotes":""},"categories":[5],"tags":[22,23,26,27,33,31,30,17,46,24,25,28,29,15,18,21,32,19,20,16],"class_list":{"0":"post-121554","1":"post","2":"type-post","3":"status-publish","4":"format-standard","5":"has-post-thumbnail","7":"category-otsikot","8":"tag-breaking-news","9":"tag-breakingnews","10":"tag-featured-news","11":"tag-featurednews","12":"tag-fi","13":"tag-finland","14":"tag-finnish","15":"tag-headlines","16":"tag-helsingin-sanomat","17":"tag-latest-news","18":"tag-latestnews","19":"tag-main-news","20":"tag-mainnews","21":"tag-news","22":"tag-otsikot","23":"tag-paauutiset","24":"tag-suomi","25":"tag-top-stories","26":"tag-topstories","27":"tag-uutiset"},"share_on_mastodon":{"url":"https:\/\/pubeurope.com\/@fi\/115752472878167716","error":""},"_links":{"self":[{"href":"https:\/\/www.europesays.com\/fi\/wp-json\/wp\/v2\/posts\/121554","targetHints":{"allow":["GET"]}}],"collection":[{"href":"https:\/\/www.europesays.com\/fi\/wp-json\/wp\/v2\/posts"}],"about":[{"href":"https:\/\/www.europesays.com\/fi\/wp-json\/wp\/v2\/types\/post"}],"author":[{"embeddable":true,"href":"https:\/\/www.europesays.com\/fi\/wp-json\/wp\/v2\/users\/2"}],"replies":[{"embeddable":true,"href":"https:\/\/www.europesays.com\/fi\/wp-json\/wp\/v2\/comments?post=121554"}],"version-history":[{"count":0,"href":"https:\/\/www.europesays.com\/fi\/wp-json\/wp\/v2\/posts\/121554\/revisions"}],"wp:featuredmedia":[{"embeddable":true,"href":"https:\/\/www.europesays.com\/fi\/wp-json\/wp\/v2\/media\/121555"}],"wp:attachment":[{"href":"https:\/\/www.europesays.com\/fi\/wp-json\/wp\/v2\/media?parent=121554"}],"wp:term":[{"taxonomy":"category","embeddable":true,"href":"https:\/\/www.europesays.com\/fi\/wp-json\/wp\/v2\/categories?post=121554"},{"taxonomy":"post_tag","embeddable":true,"href":"https:\/\/www.europesays.com\/fi\/wp-json\/wp\/v2\/tags?post=121554"}],"curies":[{"name":"wp","href":"https:\/\/api.w.org\/{rel}","templated":true}]}}