{"id":121556,"date":"2025-12-20T14:55:16","date_gmt":"2025-12-20T14:55:16","guid":{"rendered":"https:\/\/www.europesays.com\/fi\/121556\/"},"modified":"2025-12-20T14:55:16","modified_gmt":"2025-12-20T14:55:16","slug":"teemu-saloriutta-paatti-loytaa-pisimman-mahdollisen-vaelluksen-luonnonmetsissa-200-kilometrin-tutkimusmatkalla-han-tajusi-etta-metsilla-on-toivoa","status":"publish","type":"post","link":"https:\/\/www.europesays.com\/fi\/121556\/","title":{"rendered":"Teemu Saloriutta p\u00e4\u00e4tti l\u00f6yt\u00e4\u00e4 pisimm\u00e4n mahdollisen vaelluksen luonnonmetsiss\u00e4 \u2013 200 kilometrin tutkimusmatkalla h\u00e4n tajusi, ett\u00e4 metsill\u00e4 on toivoa"},"content":{"rendered":"<p class=\"article__paragraph\">\n      Pitk\u00e4 vaellusp\u00e4iv\u00e4 oli tuonut luontokuvaaja Teemu Saloriutan yst\u00e4vineen vanhasta mets\u00e4st\u00e4 suuren, m\u00e4r\u00e4n aapasuon reunalle Hammastunturin er\u00e4maan kaakkoisosassa.\n    <\/p>\n<p class=\"article__paragraph\">\n      Raate, tuo hankalakulkuisten soiden kruununjalokivi, kukki silm\u00e4nkantamattomiin valkoisena t\u00e4htimeren\u00e4. Taivaalla tummat ukkospilvet nousivat aurinkoa vasten ja loivat suolle dramaattisen, elokuvamaisen valaistuksen. Ja sitten suon poikki kulki suuri hirvi.\n    <\/p>\n<p class=\"article__paragraph\">\n      \u2013T\u00e4mm\u00f6isi\u00e4 sattuu pitkill\u00e4 reissuilla, kun on kaukana autoteist\u00e4, Saloriutta sanoo.\n    <\/p>\n<p>    <img decoding=\"async\" class=\"responsive-image article__image-image lozad\"   src=\"https:\/\/www.europesays.com\/fi\/wp-content\/uploads\/2025\/12\/J4dDkeyUmn1-20QzJGVjr2v-TnwVFzKb7waV72OTjvepRw5IsnmJxIS53toBUKwWshqb1kTMQyCQIzKEUj0aLAAgbmaYpu0xePmU.jpeg\" alt=\"Teemu Saloriutta asuu Varsinais-Suomen Kemi\u00f6nsaaressa, omien sanojensa mukaan kaukaisimmassa paikassa, jossa asuessaan voi viel\u00e4 k\u00e4yd\u00e4 Etel\u00e4-Suomen suurissa kaupungeissa ty\u00f6reissuilla. Kemi\u00f6nsaaressa riitt\u00e4\u00e4 hienoja luontokohteita ja metsi\u00e4.\"\/><\/p>\n<p>\n                Teemu Saloriutta asuu Varsinais-Suomen Kemi\u00f6nsaaressa, omien sanojensa mukaan kaukaisimmassa paikassa, jossa asuessaan voi viel\u00e4 k\u00e4yd\u00e4 Etel\u00e4-Suomen suurissa kaupungeissa ty\u00f6reissuilla. Kemi\u00f6nsaaressa riitt\u00e4\u00e4 hienoja luontokohteita ja metsi\u00e4.\n              <\/p>\n<p>\n                Kuva: Teemu Saloriutta\n              <\/p>\n<p class=\"article__paragraph\">\n      Saloriutta oli todellisella tutkimusmatkalla. H\u00e4nen teht\u00e4v\u00e4n\u00e4\u00e4n oli selvitt\u00e4\u00e4, olisiko kartalla kiinnostavalta n\u00e4ytt\u00e4nyt Suomen pisin vaellus luonnontilaisia metsi\u00e4 pitkin mahdollinen kes\u00e4aikaan.\n    <\/p>\n<p class=\"article__paragraph\">\n      H\u00e4n oli Retki ikimets\u00e4\u00e4n -kirjan toisen tekij\u00e4n, kirjailija P\u00e4ivi Mattilan kanssa tullut siihen tulokseen, ett\u00e4 vaellus kulkisi niin sanotun Mets\u00e4-Lapin maansel\u00e4n poikki. Reitti l\u00e4htisi Yll\u00e4kselt\u00e4 Ounastunturille, kulkisi Puljun er\u00e4maan l\u00e4pi Lemmenjoen kansallispuiston etel\u00e4reunaa ja suojelemattoman Peurakairan kautta aina Urho Kekkosen kansallispuistoon, it\u00e4rajalle saakka.\n    <\/p>\n<p class=\"article__paragraph\">\n      Reitin keskiosasta ei juurikaan l\u00f6ytynyt tietoa, joten Saloriutta p\u00e4\u00e4tti omin jaloin katsastaa, millainen p\u00e4tk\u00e4 olisi, ja olisiko sit\u00e4 pitkin vaeltaminen edes j\u00e4rkev\u00e4\u00e4.\n    <\/p>\n<p class=\"article__paragraph\">\n      T\u00e4st\u00e4 tuli noin 200 kilometrin vaellus Ounastunturin l\u00e4hettyvilt\u00e4 Enonteki\u00f6n Peltovuoman kyl\u00e4lt\u00e4 Urho Kekkosen kansallispuiston reunalle, l\u00e4helle Kakslauttasen kyl\u00e4\u00e4 Inarin kunnan etel\u00e4osiin.\n    <\/p>\n<p class=\"article__paragraph\">\n      Saloriutta on kokenut poluttomien seutujen vaeltaja.\n    <\/p>\n<p class=\"article__paragraph\">\n      Kun h\u00e4n yl\u00e4kouluik\u00e4isen\u00e4 innostui valokuvaamisesta, valkeni nopeasti, ett\u00e4 h\u00e4nen t\u00e4ytyisi viett\u00e4\u00e4 pitki\u00e4 aikoja luonnossa saadakseen otettua sellaisia kuvia kuin halusi. Niinp\u00e4 Saloriutta ryhtyi vaeltamaan.\n    <\/p>\n<p class=\"article__paragraph\">\n      Retkeilless\u00e4kin Saloriuttaa ovat aina kutsuneet poluttomat kohteet ja mahdollisimman hiljaiset mets\u00e4t. Jo varhain h\u00e4n huomasi, ett\u00e4 mit\u00e4 luonnontilaisempi mets\u00e4 on, sit\u00e4 hienompi ja h\u00e4nt\u00e4 puhuttelevampi kohde se on.\n    <\/p>\n<p class=\"article__paragraph\">\n      Vanhoissa metsiss\u00e4 paljon vaeltanut Saloriutta teki kirjaa varten useina syksyin\u00e4 retki\u00e4 my\u00f6s itselleen uusiin luonnonmetsiin. Erityisesti retki\u00e4 tehtiin Kainuuseen, josta piti valita alueen lukuisista upeista kohteista kirjaan sopivimmat.\n    <\/p>\n<p class=\"article__paragraph\">\n      Nyt Saloriutta kertoo, mit\u00e4 h\u00e4n pitk\u00e4ll\u00e4 vaelluksellaan Suomen hienoimmissa ikimetsiss\u00e4 tajusi.\n    <\/p>\n<p>      1. Kaikki ei ole peruuttamattomasti pilalla<\/p>\n<p>    <img decoding=\"async\" class=\"responsive-image article__image-image lozad\"   src=\"https:\/\/www.europesays.com\/fi\/wp-content\/uploads\/2025\/12\/ex9Q9oZqL3Xx1ljtPoS3Ntk_UlSeFS9Q_f5Ns4z4sUlFjejMx8XAHKUAGT04nGcxFcExYVXxV4AHG75zpJW71QKVGmUnnjX3yPvR.jpeg\" alt=\"Ikimets\u00e4t ovat paitsi t\u00e4rkeit\u00e4 kaikelle luonnon monimuotoisuudelle my\u00f6s h\u00e4ik\u00e4isev\u00e4n kiinnostavia retkikohteita.\"\/><\/p>\n<p>\n                Ikimets\u00e4t ovat paitsi t\u00e4rkeit\u00e4 kaikelle luonnon monimuotoisuudelle my\u00f6s h\u00e4ik\u00e4isev\u00e4n kiinnostavia retkikohteita.\n              <\/p>\n<p>\n                Kuva: Teemu Saloriutta\n              <\/p>\n<p class=\"article__paragraph\">\n      Kun pitk\u00e4 vaellus oli l\u00e4hell\u00e4 puolimatkaa, kulkijat saavuttivat Puljun er\u00e4maan j\u00e4lkeisen mahtavan ikim\u00e4nnik\u00f6n. Takana oli melko raskas p\u00e4iv\u00e4 ja kaikkiaan pitki\u00e4 p\u00e4iv\u00e4matkoja soisessa maastossa.\n    <\/p>\n<p class=\"article__paragraph\">\n      Vanhojen m\u00e4ntyjen suojassa Saloriutan tajuntaan iski, ett\u00e4 he olivat tulleet jo \u201d\u00e4lytt\u00f6m\u00e4n pitk\u00e4lle\u201d, ja matkaa olisi edess\u00e4 viel\u00e4 yli viikko.\n    <\/p>\n<p class=\"article__paragraph\">\n      \u2013Kun koko ajan kulkee metsiss\u00e4, joissa ihmisvaikutusta on ollut niukasti, ymm\u00e4rt\u00e4\u00e4, ett\u00e4 suurten luonnonmetsien aika ei ole viel\u00e4 ohi. Kaikki ei ole viel\u00e4 pilalla.\n    <\/p>\n<p>      2. Luonnonmets\u00e4t ovat kesken\u00e4\u00e4n hurjan erilaisia, samalla leveyspiirill\u00e4kin<\/p>\n<p>    <img decoding=\"async\" class=\"responsive-image article__image-image lozad\"   src=\"https:\/\/www.europesays.com\/fi\/wp-content\/uploads\/2025\/12\/PsAb3KouAES5bvlb5vuzYZnDB9h7g5nncQWB1HQGDMu0sRczvOd-2gRggc72GSRkqrq4kaQTPRpKTmMLiI6kTHyFexJq_ywj9a2_.jpeg\" alt=\"Saloriutan pitk\u00e4 vaellus l\u00e4pi luonnonmetsien noudatteli reitilt\u00e4\u00e4n Kullervo Kemppisen 50 vuotta sitten tekem\u00e4\u00e4n hiihtovaellusta saman alueen halki. Kemppinen kuvailee vaellusta kirjassaan Naskama \u2013 tarinaa ja tunnelmia talviselta maansel\u00e4lt\u00e4.\"\/><\/p>\n<p>\n                Saloriutan pitk\u00e4 vaellus l\u00e4pi luonnonmetsien noudatteli reitilt\u00e4\u00e4n Kullervo Kemppisen 50 vuotta sitten tekem\u00e4\u00e4n hiihtovaellusta saman alueen halki. Kemppinen kuvailee vaellusta kirjassaan Naskama \u2013 tarinaa ja tunnelmia talviselta maansel\u00e4lt\u00e4.\n              <\/p>\n<p>\n                Kuva: Teemu Saloriutta\n              <\/p>\n<p class=\"article__paragraph\">\n      Saloriutta my\u00f6nt\u00e4\u00e4 etuk\u00e4teen olettaneensa, ett\u00e4 heid\u00e4n kohtaamansa mets\u00e4t olisivat kesken\u00e4\u00e4n melko samanlaisia. Mutta vaellus tarjosi yh\u00e4 uudelleen yll\u00e4tyksi\u00e4 ja rajua vaihtelua.\n    <\/p>\n<p class=\"article__paragraph\">\n      Oli pystysuoraan nouseva harjum\u00e4nnikk\u00f6.\n    <\/p>\n<p class=\"article__paragraph\">\n      Oli rehev\u00e4 koivikkoinen laakso.\n    <\/p>\n<p class=\"article__paragraph\">\n      Oli kuusimets\u00e4 t\u00e4ynn\u00e4 niin leveit\u00e4 puita, ett\u00e4 niiden alaskurottavien oksien suojissa olisi mahtunut mukavasti nukkumaan.\n    <\/p>\n<p class=\"article__paragraph\">\n      Ja kuusikon j\u00e4lkeen saattoi laskeutua tihe\u00e4\u00e4n m\u00e4ntymets\u00e4\u00e4n, jossa jykev\u00e4t ikim\u00e4nnyt ovat seisseet rintarinnan vuosikausien ajan \u2013 satoja vuosia pidemp\u00e4\u00e4n kuin talousmets\u00e4ss\u00e4 niiden olisi mahdollista kasvaa.\n    <\/p>\n<p class=\"article__paragraph\">\n      Toki, pohjoisessa ikimets\u00e4t eiv\u00e4t ole kaikin paikoin sellaista kuin opitussa esteettisess\u00e4 k\u00e4sityksess\u00e4mme: i\u00e4kk\u00e4\u00e4t m\u00e4nnyt eiv\u00e4t ole aina valtavan paksuja ja vaaranlakikuusikkoa saattaisi joku sanoa kitukasvuiseksi. Mutta esimerkiksi Peurakairan suunnalla oli tunnelmaltaan hyvinkin kansallisromanttista ja maalauksellista, j\u00e4re\u00e4\u00e4 ikihonkaa ja paljon keloja.\n    <\/p>\n<p class=\"article__paragraph\">\n      Yksi asia on Saloriutan mielest\u00e4 selv\u00e4: ikimets\u00e4t ovat tavattoman monimuotoisia.\n    <\/p>\n<p class=\"article__paragraph\">\n      \u2013Ikin\u00e4 ei voi tiet\u00e4\u00e4, mit\u00e4 seuraavan m\u00e4en takaa tulee vastaan, kun puut ovat saaneet kasvaa yksil\u00f6llisten kehityskulkujensa perusteella.\n    <\/p>\n<p class=\"article__paragraph\">\n      Mets\u00e4ss\u00e4 ei ole samanik\u00e4ist\u00e4, tasap\u00e4ist\u00e4 puujoukkoa, vaan puiden ik\u00e4jakauma on laaja.\n    <\/p>\n<p class=\"article__paragraph\">\n      Upeimpia ovat vanhimmat puut, ja seistess\u00e4\u00e4n satoja vuosia vanhan puun vieress\u00e4 Saloriutta kertoo kokeneensa huimausta.\n    <\/p>\n<p class=\"article__paragraph\">\n      \u2013Ajattelin, mit\u00e4 kaikkea Suomessakin on ehtinyt tapahtua tuona aikana. Puulla on k\u00e4ynyt valtavan hyv\u00e4 tuuri, ett\u00e4 se on edelleen pystyss\u00e4.\n    <\/p>\n<p class=\"article__paragraph\">\n      Vanhin tunnettu el\u00e4v\u00e4 m\u00e4nty on noin 800-vuotias, ja etel\u00e4ss\u00e4kin m\u00e4nnyt voivat olla 400-vuotiaita ja keloina vaikka kuinka paljon pidemp\u00e4\u00e4n.\n    <\/p>\n<p>      3. Helppokulkuisuus ei vaadi ihmisen hoitotoimenpiteit\u00e4<\/p>\n<p>    <img decoding=\"async\" class=\"responsive-image article__image-image lozad\"   src=\"https:\/\/www.europesays.com\/fi\/wp-content\/uploads\/2025\/12\/oE4VWVa-VCTH-H3PzYizGqtGzRvaTyN1mlQx16DtQ1ZYhz0RcQMUsbY2I6G6o0VaOcreNvQL7dVYgts8PMhDEe6L1cXxnqwhPWdU.jpeg\" alt=\"Luontokuvaus on Teemu Saloriutalle sivutoimista, p\u00e4iv\u00e4ty\u00f6n\u00e4\u00e4n h\u00e4n toimii Maanmittauslaitoksella karttojen parissa. T\u00e4ss\u00e4 h\u00e4n kuvaa Koivusuon luonnonpuistossa.\"\/><\/p>\n<p>\n                Luontokuvaus on Teemu Saloriutalle sivutoimista, p\u00e4iv\u00e4ty\u00f6n\u00e4\u00e4n h\u00e4n toimii Maanmittauslaitoksella karttojen parissa. T\u00e4ss\u00e4 h\u00e4n kuvaa Koivusuon luonnonpuistossa.\n              <\/p>\n<p>\n                Kuva: Teemu Saloriutta\n              <\/p>\n<p class=\"article__paragraph\">\n      Pitk\u00e4 vaellus kumosi lopullisesti Saloriutan jo valmiiksi ep\u00e4ilem\u00e4n myytin siit\u00e4, ett\u00e4 vanhat luonnonmets\u00e4t olisivat vaikeakulkuisia.\n    <\/p>\n<p class=\"article__paragraph\">\n      \u2013Varsinkaan pohjoisen metsiss\u00e4 t\u00e4m\u00e4 ei pid\u00e4 paikkaansa. Koko 200 kilometrin matkan pystyimme kulkemaan suoralla kompassisuunnalla juuri siit\u00e4, mist\u00e4 huvitti, h\u00e4n kertoo.\n    <\/p>\n<p class=\"article__paragraph\">\n      Mets\u00e4n takia ei tarvinnut juurikaan astua sivuun suunnasta. Reissu ei silti lukuisten soiden ylitysten vuoksi ollut kokonaisuutena kevyt. Pehme\u00e4 alusta oli raskas kulkea kahden viikon tavaroiden kanssa, ja lis\u00e4ksi matkalla vastaan tuli paljon suopuroja ja muita kierrett\u00e4vi\u00e4 esteit\u00e4.\n    <\/p>\n<p class=\"article__paragraph\">\n      \u2013Toisaalta mets\u00e4t olivat helppokulkuisia ja ihania, mutta kokonaisuutena reitit eiv\u00e4t varmasti olleet joka retkeilij\u00e4lle miellytt\u00e4vi\u00e4.\n    <\/p>\n<p class=\"article__paragraph\">\n      Saloriutta vaeltaa yleens\u00e4 kumisaappaat jalassa, mutta t\u00e4m\u00e4 vaellus kului kuitenkin osin niin kovapohjaisissa maastoissa, ett\u00e4 loppumatkasta saappaat aiheuttivat rutkasti kolotusta. Jos p\u00e4\u00e4tyy tekem\u00e4\u00e4n vastaavan pitk\u00e4n vaelluksen, h\u00e4n saattaa valita toiset jalkineet.\n    <\/p>\n<p>      4. Kansallispuistossakin saa olla silm\u00e4 tarkkana ihmisen vaikutukselle<\/p>\n<p>    <img decoding=\"async\" class=\"responsive-image article__image-image lozad\"   src=\"https:\/\/www.europesays.com\/fi\/wp-content\/uploads\/2025\/12\/1rAs4WLWedA-q4-pDFPuG3K8Pmp7VwHX7_NDto05XrIV9zXXvTeQFG7yhn-aOF7z-JUZBIIOFb97nfDHEtAC_lFn587LpXanmGmM.jpeg\" alt=\"Koitajoella Saloriutan kuvattavaksi on p\u00e4\u00e4ssyt muun muassa t\u00e4m\u00e4 puu.\"\/><\/p>\n<p>\n                Koitajoella Saloriutan kuvattavaksi on p\u00e4\u00e4ssyt muun muassa t\u00e4m\u00e4 puu.\n              <\/p>\n<p>\n                Kuva: Teemu Saloriutta\n              <\/p>\n<p class=\"article__paragraph\">\n      Luonnonmets\u00e4n tutuin muoto monelle kulkijalle on kansallispuisto. Niiss\u00e4kin ihmisen historiallisen toiminnan vaikutus usein n\u00e4kyy: on talousmets\u00e4\u00e4 aikojen takaa, tervanpolttoa ja niin edelleen.\n    <\/p>\n<p class=\"article__paragraph\">\n      \u2013 Siell\u00e4kin on vaadittu se kaikkein vaikeakulkuisin ja syrj\u00e4isin paikka, jotta mets\u00e4 s\u00e4ilyy l\u00e4pi vuosisatojen koskemattomana, Saloriutta sanoo.\n    <\/p>\n<p class=\"article__paragraph\">\n      \u2013Kun oppii n\u00e4kem\u00e4\u00e4n niit\u00e4 piirteit\u00e4, saattaa huomata, ett\u00e4 nyt on tullut johonkin erityiseen paikkaan, jonka l\u00f6yt\u00e4\u00e4kseni on pit\u00e4nyt v\u00e4h\u00e4n n\u00e4hd\u00e4 vaivaa ja ponnistella.\n    <\/p>\n<p class=\"article__paragraph\">\n      Asioita, joita Saloriutta pit\u00e4\u00e4 silm\u00e4ll\u00e4: j\u00e4reimm\u00e4t ikipuut, lahopuiden ik\u00e4, ovatko edelliset puusukupolvet maassa kaatuneina vai onko niit\u00e4 haettu pois, kuinka tasaik\u00e4ist\u00e4 mets\u00e4 on.\n    <\/p>\n<p>      5. Ikimets\u00e4t eiv\u00e4t varsinaisesti kaipaa k\u00e4vij\u00e4joukkoja \u2013 vaella vastuullisesti<\/p>\n<p>    <img decoding=\"async\" class=\"responsive-image article__image-image lozad\"   src=\"https:\/\/www.europesays.com\/fi\/wp-content\/uploads\/2025\/12\/NaHtNbzOxNB_lSqogqvdMvBj4vTdSoA4B_BwVJ16KPvhsdJKx2O5VAyWOMKp4vg8OrgR2XlyGM2-JypS3aQZ2UtxRjeE0DB3_ADf.jpeg\" alt=\"T\u00e4llaistakin voi mets\u00e4ss\u00e4 olla. J\u00e4ttim\u00e4inen muurahaispes\u00e4 sijaitsee Kuhmon Elimyssalossa.\"\/><\/p>\n<p>\n                T\u00e4llaistakin voi mets\u00e4ss\u00e4 olla. J\u00e4ttim\u00e4inen muurahaispes\u00e4 sijaitsee Kuhmon Elimyssalossa.\n              <\/p>\n<p>\n                Kuva: Teemu Saloriutta\n              <\/p>\n<p class=\"article__paragraph\">\n      Listatessaan retkikohteita kirjaan tekij\u00e4t p\u00e4\u00e4tyiv\u00e4t siihen, ett\u00e4 etenkin etel\u00e4isess\u00e4 Suomessa he ohjaisivat vinkeill\u00e4\u00e4n ihmisi\u00e4 paikkoihin, joissa on jo luontoa suojaavia retkeilyrakenteita. Monet etel\u00e4iset ikimets\u00e4t ovat niin harvinaisia ja ainutlaatuisia paikkoja, etteiv\u00e4t ne kest\u00e4isi suurten ihmismassojen virtaa. Huomioon oli my\u00f6s otettava harvinaisten lajien, kuten petolintujen, pesim\u00e4rauha.\n    <\/p>\n<p class=\"article__paragraph\">\n      Pohjoisessa kirjan k\u00e4sittelyyn p\u00e4\u00e4si my\u00f6s seutuja, joissa ei kulje valmiita reittej\u00e4, koska alueet ovat niin suuria, ettei samanlaista retkeilypainetta kuin etel\u00e4ss\u00e4 p\u00e4\u00e4se syntym\u00e4\u00e4n paikallisesti. Alueilla liikkuminen vaatii my\u00f6s niin paljon er\u00e4taitoja, ettei niill\u00e4 kuka tahansa retkeile.\n    <\/p>\n<p class=\"article__paragraph\">\n      Yleisesti ottaen luonnonmets\u00e4ss\u00e4 liikkuessaan kannattaa pit\u00e4\u00e4 silm\u00e4ll\u00e4, ettei tallaa kasvillisuutta, joka siit\u00e4 k\u00e4rsii \u2013 esimerkiksi herk\u00e4ss\u00e4 lehtomets\u00e4ss\u00e4.\n    <\/p>\n<p class=\"article__paragraph\">\n      \u2013Koettaa pysy\u00e4 mielell\u00e4\u00e4n poluilla, voi olla el\u00e4inten polkujakin ja muuta, jotka muodostavat hyvi\u00e4 kulkureittej\u00e4.\n    <\/p>\n<p class=\"article__paragraph\">\n      Joka kerta t\u00e4ytyy erikseen tarkistaa leiriytymisen ja tulenteon s\u00e4\u00e4nn\u00f6t.\n    <\/p>\n<p class=\"article__paragraph\">\n      \u2013Voi my\u00f6s mietti\u00e4, onko nuotion teko aina v\u00e4ltt\u00e4m\u00e4t\u00f6nt\u00e4. Kes\u00e4aikaan en itse tee juuri koskaan tulia, Saloriutta sanoo.\n    <\/p>\n<p>      6. Olemassa olevia suojelualueita voisi ja pit\u00e4isi laajentaa juuri nyt<\/p>\n<p>    <img decoding=\"async\" class=\"responsive-image article__image-image lozad\"   src=\"https:\/\/www.europesays.com\/fi\/wp-content\/uploads\/2025\/12\/hyngpfnWlaxQsbi29O4SQOJNEL-cjjD2Wtbsy0Kd0Y9LMFtoPC6GASNNRHEBW-rsjXR1n-mgoLqFxlFMJ7I3wor0npmcS5x7b-xi.jpeg\" alt=\"Katramoroston ikikuusikkoa Sodankyl\u00e4ss\u00e4.\"\/><\/p>\n<p>\n                Katramoroston ikikuusikkoa Sodankyl\u00e4ss\u00e4.\n              <\/p>\n<p>\n                Kuva: Teemu Saloriutta\n              <\/p>\n<p class=\"article__paragraph\">\n      Saloriutan reitti kulki etenkin Peurakairassa sellaisia reittej\u00e4, joita ei ole viel\u00e4 pysyv\u00e4sti suojeltu, ja my\u00f6s Puljun er\u00e4maa-alueen l\u00e4hell\u00e4 on suojelemattomia metsi\u00e4. Osa niist\u00e4 on Mets\u00e4hallituksen p\u00e4\u00e4t\u00f6ksell\u00e4 m\u00e4\u00e4r\u00e4aikaisesti rauhoitettuja. Saloriutan mukaan n\u00e4it\u00e4 alueita olisi nyt t\u00e4rke\u00e4 saada liitetty\u00e4 vaikka ymp\u00e4r\u00f6iviin alueisiin ja pysyv\u00e4n suojelun turviin.\n    <\/p>\n<p class=\"article__paragraph\">\n      Vaikuttavimmat mets\u00e4t eiv\u00e4t nimitt\u00e4in rajoittuneet suojeltuihin alueisiin, vaan niiden ulkopuolella oli paikoin jopa hienompaa mets\u00e4\u00e4 kuin sis\u00e4puolella.\n    <\/p>\n<p class=\"article__paragraph\">\n      \u2013Ilmeisesti v\u00e4h\u00e4n tarkoituksellakin silloin, kun er\u00e4maita perustettiin, j\u00e4tettiin jotain sellaisia kaikkein parhaiten kasvavia metsi\u00e4 ulkopuolelle. Kitumaita rauhoitettiin v\u00e4h\u00e4n helpommin, Saloriutta sanoo.\n    <\/p>\n<p class=\"article__paragraph\">\n      Nyt mets\u00e4t ovat ehtineet kasvaa.\n    <\/p>\n<p class=\"article__paragraph\">\n      Vanhoissa metsiss\u00e4 olevaa lajistoa ja osaltaan luonnon monimuotoisuutta auttaisi se, jos suojelualueista saataisiin mahdollisimman suuria, yhten\u00e4isi\u00e4 kokonaisuuksia.\n    <\/p>\n<p class=\"article__paragraph\">\n      \u2013Vaikka siell\u00e4 olisi t\u00e4ss\u00e4 vaiheessa osittain nuorempaa mets\u00e4\u00e4, sekin ennallistuu ja vanhenee. Sadan vuoden p\u00e4\u00e4st\u00e4 sekin mets\u00e4 olisi todenn\u00e4k\u00f6isesti paljon vanhempaa kuin mik\u00e4\u00e4n ymp\u00e4rill\u00e4, Saloriutta sanoo.\n    <\/p>\n<p class=\"article__paragraph\">\n      \u2013Niin meid\u00e4n lapsenlapsiemme ja siit\u00e4 eteenp\u00e4inkin olisi mahdollista n\u00e4hd\u00e4 vanhaa mets\u00e4\u00e4.\n    <\/p>\n<p class=\"article__paragraph\">\n      Suojeluntarve on suuri etel\u00e4ss\u00e4, jossa luonnontilaisia metsi\u00e4 on vain v\u00e4h\u00e4n. Saloriutta muistuttaa, ett\u00e4 vaikka pohjoisessa on paljon suojelualueita ja er\u00e4maa-alueita, on siell\u00e4 my\u00f6s luonnontilaisimpia metsi\u00e4 vailla virallista suojaa.\n    <\/p>\n<p class=\"article__paragraph\">\n      Saloriutta nostaa esiin Luonnonmets\u00e4t Sapmi -ty\u00f6ryhm\u00e4n, joka on selvitt\u00e4nyt saamelaisten kotiseutualueen metsien luontoarvoja ja tehnyt alueella merkitt\u00e4vi\u00e4 l\u00f6yt\u00f6j\u00e4. Samaan aikaan olemme uutisista saaneet lukea, kuinka pohjoisimmissa matkailukeskuksissa poltetaan ikivanhoja keloja.\n    <\/p>\n<p class=\"article__paragraph\">\n      \u2013 Jos joku haluaa k\u00e4ytt\u00e4\u00e4 niit\u00e4 puita taloudellisesti, niin se helposti kohdistuu tosi arvokkaisiin metsiin.\n    <\/p>\n<p>      N\u00e4lk\u00e4aapa ylittyi n\u00e4lk\u00e4isen\u00e4<\/p>\n<p>    <img decoding=\"async\" class=\"responsive-image article__image-image lozad\"   src=\"https:\/\/www.europesays.com\/fi\/wp-content\/uploads\/2025\/12\/sro4iz791DnyBN2GLQ_wAZqGSHMLlqCIfk-NE8NkGhc5-kSonrXBOyDD3SxM8HG_K17uS0RQja5V74NojZQ49_KZE_MpsGfO2tn-.jpeg\" alt=\"Mets\u00e4-Lapissa on my\u00f6s soita ja niill\u00e4 melko varmasti my\u00f6s hyttysi\u00e4.\"\/><\/p>\n<p>\n                Mets\u00e4-Lapissa on my\u00f6s soita ja niill\u00e4 melko varmasti my\u00f6s hyttysi\u00e4.\n              <\/p>\n<p>\n                Kuva: Teemu Saloriutta\n              <\/p>\n<p class=\"article__paragraph\">\n      Kuinka Saloriutan pitk\u00e4 vaellus sitten p\u00e4\u00e4ttyi? Vaeltajat saivat huomata, ett\u00e4 kilometrej\u00e4 tuli yli viisikymment\u00e4 enemm\u00e4n kuin oli suunniteltu \u2013 l\u00e4hinn\u00e4 siksi, ett\u00e4 he p\u00e4\u00e4tyiv\u00e4t kiert\u00e4m\u00e4\u00e4n pisimm\u00e4t suot mets\u00e4n kautta nopeuttaakseen kulkua.\n    <\/p>\n<p class=\"article__paragraph\">\n      N\u00e4in p\u00e4iv\u00e4matkoista tuli yll\u00e4tt\u00e4v\u00e4nkin kunnianhimoisia, ja he vaelsivat aamusta iltamy\u00f6h\u00e4\u00e4n.\n    <\/p>\n<p class=\"article__paragraph\">\n      \u2013Kun ylitimme N\u00e4lk\u00e4aapaa toiseksi viimeisen\u00e4 p\u00e4iv\u00e4n\u00e4, oli aika kova n\u00e4lk\u00e4.\n    <\/p>\n<p class=\"article__paragraph\">\n      Jos Saloriutta l\u00e4htisi samalle reitille uudestaan, h\u00e4n ottaisi mukaansa isompia annoksia kuin normaaleilla, leppoisammilla vaelluksillaan.\n    <\/p>\n<p class=\"article__paragraph\">\n      Kaikkiaan vaellus oli kuitenkin vaikuttava kokemus, jota h\u00e4n suosittelee l\u00e4mpim\u00e4sti muillekin.\n    <\/p>\n<p class=\"article__paragraph\">\n      \u2013Hyvin teht\u00e4viss\u00e4 oleva reitti, jos soiden kanssa tulee toimeen.\n    <\/p>\n<p>    Lue lis\u00e4\u00e4<br \/>\n    <br \/>\n    <a href=\"https:\/\/www.luonnonvalo.net\/vaellus-metsa-lapin-eramaiden-ja-ikimetsien-poikki\/\" rel=\"nofollow noopener\" target=\"_blank\">Teemu Saloriutan blogikirjoitus Vaellus Mets\u00e4-Lapin er\u00e4maiden ja ikimetsien poikki<\/a><\/p>\n<p>Vinkit<\/p>\n<p>      Teemu Saloriutan kolme suositusta ikimetsist\u00e4 innostuville<\/p>\n<p>      N\u00e4r\u00e4ng\u00e4nvaara, Kuusamo<\/p>\n<p>    <img decoding=\"async\" class=\"responsive-image article__fact-image-image lozad\"   src=\"https:\/\/www.europesays.com\/fi\/wp-content\/uploads\/2025\/12\/AOdRi5sef5k2EPx0Gvw4VFxJ77aTYUWhDihMDpgnHnbWMSZ4B9xu8tNRdAFvPf2AVAKk64xP4nzX26idHTwh0V_TALAg2ni9u-Qq.jpeg\" alt=\"Kuusamon N\u00e4r\u00e4ng\u00e4nvaaralla mets\u00e4\u00e4 voi ihailla my\u00f6s ylh\u00e4\u00e4lt\u00e4 k\u00e4sin.\"\/><\/p>\n<p>\n                Kuusamon N\u00e4r\u00e4ng\u00e4nvaaralla mets\u00e4\u00e4 voi ihailla my\u00f6s ylh\u00e4\u00e4lt\u00e4 k\u00e4sin.\n              <\/p>\n<p>\n                Kuva: Teemu Saloriutta\n              <\/p>\n<p class=\"article__fact-paragraph\">\n      &#8221;Siell\u00e4 on yksi Suomen parhaimpia metsi\u00e4. Pikkuisen etel\u00e4isemp\u00e4\u00e4 mets\u00e4\u00e4 kuin Lapin mets\u00e4t, joten luonto on v\u00e4h\u00e4n erilaista ja puut jo v\u00e4h\u00e4n korkeampia. Korkealle nouseva N\u00e4r\u00e4ng\u00e4nvaara tuo mets\u00e4\u00e4n upeaa maisemaperspektiivi\u00e4.&#8221;\n    <\/p>\n<p>      Mantosel\u00e4n alue Urho Kekkosen kansallispuistossa<\/p>\n<p>    <img decoding=\"async\" class=\"responsive-image article__fact-image-image lozad\"   src=\"https:\/\/www.europesays.com\/fi\/wp-content\/uploads\/2025\/12\/73Ou8HvE6fKNYvdQEIONSr1_whUR2PUbWnzmO32iZ1bmMYM2UwBu95pE5j7xwKA59ER4IpXnpu5ZzusO5tGuyMxRzHD8BsG50PAX.jpeg\" alt=\"Mantosel\u00e4n alue on yksi Urho Kekkosen kansallispuiston kohtuullisella vaivalla saavutettavista paikoista, joissa on upeaa mets\u00e4\u00e4.\"\/><\/p>\n<p>\n                Mantosel\u00e4n alue on yksi Urho Kekkosen kansallispuiston kohtuullisella vaivalla saavutettavista paikoista, joissa on upeaa mets\u00e4\u00e4.\n              <\/p>\n<p>\n                Kuva: Teemu Saloriutta\n              <\/p>\n<p class=\"article__fact-paragraph\">\n      &#8221;Urho Kekkosen kansallispuisto on pakollinen mainittava. Se on laaja alue, ja siell\u00e4 on tosi paljon hienoja metsi\u00e4. Matalan kynnyksen kohde ja retkeilij\u00e4lle mielek\u00e4s tosi paikka, koska siell\u00e4 menee hyvin polkuja ja reittej\u00e4 sek\u00e4 on autiotupia. Kirjassa annamme t\u00e4sm\u00e4paikkoja, mutta jos sinne l\u00e4htee satunnaisesti kulkemaan, todenn\u00e4k\u00f6isesti ei osu niihin hienoimpiin metsiin. Yksi upea, ei niin vaikeasti saavutettava, paikka on etel\u00e4osissa oleva Mantosel\u00e4n alue.\n    <\/p>\n<p>      Saarij\u00e4rven alue Suomussalmella<\/p>\n<p>    <img decoding=\"async\" class=\"responsive-image article__fact-image-image lozad\"   src=\"https:\/\/www.europesays.com\/fi\/wp-content\/uploads\/2025\/12\/e5ploXHHIeqT1rQKd84-A_uCX6BvQfaBYd2VW6W2bLyJmxCZhNnqGAis6E6Kern0VpV4KT2Wb0GsQd83i1TAbObs01HyIHGHM21-.jpeg\" alt=\"Saarij\u00e4rven alue Suomussalmella on hyv\u00e4 p\u00e4iv\u00e4retkikohde. Siell\u00e4 kainuulaisten metsien koko olemus esitt\u00e4ytyy aika pienell\u00e4 aarnialueella.\"\/><\/p>\n<p>\n                Saarij\u00e4rven alue Suomussalmella on hyv\u00e4 p\u00e4iv\u00e4retkikohde. Siell\u00e4 kainuulaisten metsien koko olemus esitt\u00e4ytyy aika pienell\u00e4 aarnialueella.\n              <\/p>\n<p>\n                Kuva: Teemu Saloriutta\n              <\/p>\n<p class=\"article__fact-paragraph\">\n      &#8221;Hyv\u00e4 p\u00e4iv\u00e4retkikohde. Aika pienell\u00e4 aarnialueelta l\u00f6ytyy kainuulaisten metsien koko olemus. On perinteisen runollista aarniomets\u00e4\u00e4, jossa vaaleaa luppoj\u00e4k\u00e4l\u00e4\u00e4 roikkuu kuusten oksilta. On j\u00e4re\u00e4\u00e4 m\u00e4nty\u00e4, kuusta ja koivua seassa. Erilaisia biotooppeja, v\u00e4lill\u00e4 harjuja ja v\u00e4lill\u00e4 tasaisempaa ja sitten viel\u00e4 hieno j\u00e4rvi siihen kylkeen. Kainuu pienoiskoossa -tyyppinen kohde.&#8221;\n    <\/p>\n","protected":false},"excerpt":{"rendered":"Pitk\u00e4 vaellusp\u00e4iv\u00e4 oli tuonut luontokuvaaja Teemu Saloriutan yst\u00e4vineen vanhasta mets\u00e4st\u00e4 suuren, m\u00e4r\u00e4n aapasuon reunalle Hammastunturin er\u00e4maan kaakkoisosassa. Raate,&hellip;\n","protected":false},"author":2,"featured_media":121557,"comment_status":"","ping_status":"","sticky":false,"template":"","format":"standard","meta":{"footnotes":""},"categories":[117],"tags":[33,31,30,72,476,118,32,119,477],"class_list":{"0":"post-121556","1":"post","2":"type-post","3":"status-publish","4":"format-standard","5":"has-post-thumbnail","7":"category-luonto","8":"tag-fi","9":"tag-finland","10":"tag-finnish","11":"tag-luonto","12":"tag-nature","13":"tag-science","14":"tag-suomi","15":"tag-tiede","16":"tag-wildlife"},"share_on_mastodon":{"url":"https:\/\/pubeurope.com\/@fi\/115752476856117691","error":""},"_links":{"self":[{"href":"https:\/\/www.europesays.com\/fi\/wp-json\/wp\/v2\/posts\/121556","targetHints":{"allow":["GET"]}}],"collection":[{"href":"https:\/\/www.europesays.com\/fi\/wp-json\/wp\/v2\/posts"}],"about":[{"href":"https:\/\/www.europesays.com\/fi\/wp-json\/wp\/v2\/types\/post"}],"author":[{"embeddable":true,"href":"https:\/\/www.europesays.com\/fi\/wp-json\/wp\/v2\/users\/2"}],"replies":[{"embeddable":true,"href":"https:\/\/www.europesays.com\/fi\/wp-json\/wp\/v2\/comments?post=121556"}],"version-history":[{"count":0,"href":"https:\/\/www.europesays.com\/fi\/wp-json\/wp\/v2\/posts\/121556\/revisions"}],"wp:featuredmedia":[{"embeddable":true,"href":"https:\/\/www.europesays.com\/fi\/wp-json\/wp\/v2\/media\/121557"}],"wp:attachment":[{"href":"https:\/\/www.europesays.com\/fi\/wp-json\/wp\/v2\/media?parent=121556"}],"wp:term":[{"taxonomy":"category","embeddable":true,"href":"https:\/\/www.europesays.com\/fi\/wp-json\/wp\/v2\/categories?post=121556"},{"taxonomy":"post_tag","embeddable":true,"href":"https:\/\/www.europesays.com\/fi\/wp-json\/wp\/v2\/tags?post=121556"}],"curies":[{"name":"wp","href":"https:\/\/api.w.org\/{rel}","templated":true}]}}