{"id":121560,"date":"2025-12-20T15:06:07","date_gmt":"2025-12-20T15:06:07","guid":{"rendered":"https:\/\/www.europesays.com\/fi\/121560\/"},"modified":"2025-12-20T15:06:07","modified_gmt":"2025-12-20T15:06:07","slug":"petra-olli-sahakka-pikkujoulutyyli-seiska","status":"publish","type":"post","link":"https:\/\/www.europesays.com\/fi\/121560\/","title":{"rendered":"Petra Olli: S\u00e4h\u00e4kk\u00e4 pikkujoulutyyli | Seiska"},"content":{"rendered":"<p class=\"article-content article-content-width !bg-background\">Painin maailmanmestari <a alt=\"Haku\" class=\"text-primary-red font-extrabold\" href=\"https:\/\/www.seiska.fi\/haku?q=Petra Olli\" rel=\"nofollow noopener\" target=\"_blank\">Petra Olli<\/a>,\u00a031, sai esikoispoikansa viime huhtikuussa.<\/p>\n<p class=\"font-weight-bold m-font-weight-bold article-content article-content-width !bg-background\">Katso video \u2013 BB-voittaja Petran voittotunnelmia:<\/p>\n<p>Ykk\u00f6set ylle<\/p>\n<p class=\"article-content article-content-width !bg-background\">Nykyisin liikunta-alan yritt\u00e4j\u00e4n\u00e4 ja online-valmentajana toimiva Petra asuu Tallinnassa avopuolisonsa <a alt=\"Haku\" class=\"text-primary-red font-extrabold\" href=\"https:\/\/www.seiska.fi\/haku?q=Indrek Vassusin\" rel=\"nofollow noopener\" target=\"_blank\">Indrek Vassusin<\/a> kanssa.\u00a0<\/p>\n<p class=\"article-content article-content-width !bg-background\">Ex-painija on seurustellut virolaisen Indrekin kanssa vuodesta 2017. Pariskunta tapasi ensimm\u00e4isen kerran Petran harjoitusmatkalla Tallinnassa.<\/p>\n<p class=\"article-content article-content-width !bg-background\">Kahdeksan kuukautta vanhan vauvan \u00e4iti vaihtoi vapaalle pikkujoulujen merkeiss\u00e4. Petra julkaisi juhlap\u00e4iv\u00e4n kunniaksi sosiaalisessa mediassa kuvakimaran illanvietostaan.<\/p>\n<p class=\"article-content article-content-width !bg-background\">\u2013\u00a0Eilen hallitus kokoontui juhlimaan pikkujouluja ja sy\u00f6m\u00e4\u00e4n mahat pinkeiksi! Petra kirjoittaa Instagram-julkaisussaan.<\/p>\n<p>Ker\u00e4\u00e4 hehkutusta<\/p>\n<p class=\"article-content article-content-width !bg-background\">Aktiivisesti urheiluun ja valmennuksiinsa liittyv\u00e4\u00e4 sis\u00e4lt\u00f6\u00e4 sosiaalisessa mediassa jakavalla Petralla on l\u00e4hes\u00a095 000 Instagram-seuraajaa.<\/p>\n<p class=\"article-content article-content-width !bg-background\">Vaaleakutrinen Petra luotti pikkujoulutyyliss\u00e4\u00e4n kokomustaan. H\u00e4nell\u00e4 on yll\u00e4\u00e4n korkokeng\u00e4t, sukkahousut ja n\u00e4ytt\u00e4v\u00e4 musta asu. Portailla sek\u00e4 ravintolap\u00f6yd\u00e4n \u00e4\u00e4ress\u00e4 poseeraavan Petran tuoreet pikkujoulukuvat ker\u00e4\u00e4v\u00e4t runsaasti ihastelua julkaisun kommenttikent\u00e4ss\u00e4.<\/p>\n<p class=\"article-content article-content-width !bg-background\">\u2013\u00a0Upee nainen oot! Ihastelee yksi.<\/p>\n<p class=\"article-content article-content-width !bg-background\">\u2013\u00a0Wau kun olet tyylik\u00e4s, hehkuttaa toinen.<\/p>\n<p class=\"article-content article-content-width !bg-background\">Urheiluvalmentajana ty\u00f6skentelev\u00e4ll\u00e4 Petralla on painosarjassaan yksi MM-kulta ja kaksi EM-kultaa. Vuonna 2018\u00a0h\u00e4net valittiin maailman parhaaksi naispainijaksi.<\/p>\n","protected":false},"excerpt":{"rendered":"Painin maailmanmestari Petra Olli,\u00a031, sai esikoispoikansa viime huhtikuussa. Katso video \u2013 BB-voittaja Petran voittotunnelmia: Ykk\u00f6set ylle Nykyisin liikunta-alan&hellip;\n","protected":false},"author":2,"featured_media":121561,"comment_status":"","ping_status":"","sticky":false,"template":"","format":"standard","meta":{"footnotes":""},"categories":[136],"tags":[407,137,33,31,30,21880,408,21879,10843,11527,21878,13946,32,2677,109],"class_list":{"0":"post-121560","1":"post","2":"type-post","3":"status-publish","4":"format-standard","5":"has-post-thumbnail","7":"category-julkkikset","8":"tag-celebrities","9":"tag-entertainment","10":"tag-fi","11":"tag-finland","12":"tag-finnish","13":"tag-indrek-vassus","14":"tag-julkkikset","15":"tag-maailmanmestari","16":"tag-paini","17":"tag-painija","18":"tag-petra-olli","19":"tag-pikkujoulut","20":"tag-suomi","21":"tag-tyyli","22":"tag-viihde"},"share_on_mastodon":{"url":"https:\/\/pubeurope.com\/@fi\/115752519792261657","error":""},"_links":{"self":[{"href":"https:\/\/www.europesays.com\/fi\/wp-json\/wp\/v2\/posts\/121560","targetHints":{"allow":["GET"]}}],"collection":[{"href":"https:\/\/www.europesays.com\/fi\/wp-json\/wp\/v2\/posts"}],"about":[{"href":"https:\/\/www.europesays.com\/fi\/wp-json\/wp\/v2\/types\/post"}],"author":[{"embeddable":true,"href":"https:\/\/www.europesays.com\/fi\/wp-json\/wp\/v2\/users\/2"}],"replies":[{"embeddable":true,"href":"https:\/\/www.europesays.com\/fi\/wp-json\/wp\/v2\/comments?post=121560"}],"version-history":[{"count":0,"href":"https:\/\/www.europesays.com\/fi\/wp-json\/wp\/v2\/posts\/121560\/revisions"}],"wp:featuredmedia":[{"embeddable":true,"href":"https:\/\/www.europesays.com\/fi\/wp-json\/wp\/v2\/media\/121561"}],"wp:attachment":[{"href":"https:\/\/www.europesays.com\/fi\/wp-json\/wp\/v2\/media?parent=121560"}],"wp:term":[{"taxonomy":"category","embeddable":true,"href":"https:\/\/www.europesays.com\/fi\/wp-json\/wp\/v2\/categories?post=121560"},{"taxonomy":"post_tag","embeddable":true,"href":"https:\/\/www.europesays.com\/fi\/wp-json\/wp\/v2\/tags?post=121560"}],"curies":[{"name":"wp","href":"https:\/\/api.w.org\/{rel}","templated":true}]}}