{"id":121562,"date":"2025-12-20T15:13:08","date_gmt":"2025-12-20T15:13:08","guid":{"rendered":"https:\/\/www.europesays.com\/fi\/121562\/"},"modified":"2025-12-20T15:13:08","modified_gmt":"2025-12-20T15:13:08","slug":"ilves-sarjakarjessa-joulutauolle-tampereen-ilves","status":"publish","type":"post","link":"https:\/\/www.europesays.com\/fi\/121562\/","title":{"rendered":"Ilves sarjak\u00e4rjess\u00e4 joulutauolle \u2013 Tampereen Ilves"},"content":{"rendered":"<p>Vaakuttavan syyskauden pelannut Ilveksen U20 joukkue ei antanut sarjajumbo Rovaniemen Kiekon yll\u00e4tt\u00e4\u00e4 itse\u00e4\u00e4n kalenterivuoden viimeisess\u00e4 ottelussaan lauantaina Hakamets\u00e4ss\u00e4. Joukkueiden tasoero ei j\u00e4\u00e4nyt kenellek\u00e4\u00e4n ep\u00e4selv\u00e4ksi ja vain kotijoukkueen liev\u00e4 huolimattomuus maalipaikoissa piti numerot siedett\u00e4vin\u00e4. Parhaiten Ilveksest\u00e4 onnistui hurjassa maalivireess\u00e4 viime aikoina ollut Dan Harkimo(2+1) joka ampui kaksi komeaa maalia. Ilveksen U20-joukkue l\u00e4htee nyt ansaitulle joulutauolle koko sarjan k\u00e4rjess\u00e4.<\/p>\n<p>Ilves avasi j\u00e4lleen rymin\u00e4ll\u00e4 ja Max Poikela vei kotijoukkueen johtoon ajassa 02.56. Hetke\u00e4 my\u00f6hemmin p\u00e4\u00e4si Ilves ylivoimalle mutta Roki karkasi alivoimalla l\u00e4piajoon joka johti rangaistuslaukaukseen jonka Jimi Kuivila komeasti torjui. Hieman huolimattomasti avauser\u00e4ss\u00e4 pelannut Ilves vei peli\u00e4 t\u00e4m\u00e4nkin j\u00e4lkeen ja Roki joutui useampaan kertaan alivoimalle mutta kotijoukkueen ylivoima oli turhauttavan tehotonta. Lopulta tasakent\u00e4llisin Dan Harkimo t\u00e4ll\u00e4si tulisella ranteella kauden kuudennellatoista maalillaan Ilveksen 2-0 johtoon. My\u00f6s Rokilla oli er\u00e4ss\u00e4 tilaisuutensa mutta Kuivila oli j\u00e4lleen maalissa mies paikallaan. Toiseen er\u00e4\u00e4n l\u00e4hdettiin kotijoukkueen kahden maaliin johdossa.<\/p>\n<p>Toisen er\u00e4n alussa oli Rokin vuoro koittaa ylivoimansa tehokkuutta kahdenkin per\u00e4tt\u00e4isen Ilveksen j\u00e4\u00e4hyn muodossa. Kuivilan johdolla kotijoukkueen alivoima kuitenkin kesti. Ajassa 28.23 oli taas Ilveksen vuoro yritt\u00e4\u00e4 ylivoimaa ja juuri kun Roki tuli t\u00e4ysilukuiseksi iski Jakub Frolo komean kuvion p\u00e4\u00e4tteeksi Ilveksen 3-0 johtoon. Seuraavat minuutit Ilves py\u00f6ritti peli\u00e4 mielin m\u00e4\u00e4rin vaikka pelasi v\u00e4lill\u00e4 alivoimaisenakin. Roki sai kyll\u00e4 kiekon kertaalleen Ilveksen maaliin mutta se hyl\u00e4ttiin oikeutetusti kun Rokin hy\u00f6kk\u00e4\u00e4j\u00e4 otti est\u00e4misj\u00e4\u00e4hyn samaan aikaan. T\u00e4m\u00e4n j\u00e4\u00e4hyn aikana sai kotijoukkue aikaiseksi my\u00f6s ottelun ensimm\u00e4isen ylivoimaosuman kun Dan Harkimon ranne puhui j\u00e4lleen. Toiselle tauolle l\u00e4hdettiin siis 4-0 lukemissa.<\/p>\n<p>Kolmannen er\u00e4n alussa halli hiljeni hetkeksi kun Rokin Ville Juopperi taklasi Timi Teuho-Markkolaa p\u00e4\u00e4h\u00e4n ja sai ansaitusti viiden minuutin rangaistuksen ja ulosajon. Teuho-Markkula nousi j\u00e4ist\u00e4 hetken lep\u00e4\u00e4misen j\u00e4lkeen ja onneksi pystyi jatkamaan pelaamista. Viiden minuutin ylivoima oli Ilvekselt\u00e4 melko saamatonta eik\u00e4 lis\u00e4maaleja sen aikana n\u00e4hty. V\u00e4h\u00e4n t\u00e4m\u00e4n j\u00e4lkeen Ilvekselt\u00e4 hyl\u00e4ttiin yksi maali maalivahdin h\u00e4irint\u00e4n\u00e4 ja loppupeli meni samalla kaavalla kuin koko ottelu eli Ilves vei ja Roki vikisi. Loppulukemat siis t\u00e4n\u00e4\u00e4n 4-0.<\/p>\n<p>Edun Herkkukeidas palkitsi t\u00e4n\u00e4\u00e4n Ilveksest\u00e4 hurjan maalivireen l\u00f6yt\u00e4neen hy\u00f6kk\u00e4\u00e4j\u00e4 Dan Harkimon :<\/p>\n<p>\u2013 Hyv\u00e4 fiilis l\u00e4hte\u00e4 joulutauolle voitolla ja sarjak\u00e4rjess\u00e4.<\/p>\n<p>Omaa tehokasta maalivirett\u00e4\u00e4n Harkimo kommentoi diplomaattisesti:<\/p>\n<p>\u2013 Viime kaudella ei liikaa maaleja syntynyt vaikka maalinteko on ollut aina vahvuuteni. Nyt on taas uponnut paremmin, toki t\u00f6it\u00e4kin sen eteen on tehty kovasti.<\/p>\n<p>Kysymykseen joulun suosikkiruuasta Harkimo vastasi nopeasti :<\/p>\n<p>\u2013 Eik\u00f6h\u00e4n se kinkku ole.<\/p>\n<p>Ilveksen U20-joukkue toivottaa kannattajilleen ja tukijoilleen eritt\u00e4in Hyv\u00e4\u00e4 Joulua ja Onnellista uutta vuotta ja toivottaa kaikki tervetulleeksi ensi vuoden ensimm\u00e4iseen kotiotteluun joka pelataan Hakamets\u00e4ss\u00e4 lauantaina 10.tammikuuta klo 14 Kalpaa vastaan.<\/p>\n","protected":false},"excerpt":{"rendered":"Vaakuttavan syyskauden pelannut Ilveksen U20 joukkue ei antanut sarjajumbo Rovaniemen Kiekon yll\u00e4tt\u00e4\u00e4 itse\u00e4\u00e4n kalenterivuoden viimeisess\u00e4 ottelussaan lauantaina Hakamets\u00e4ss\u00e4.&hellip;\n","protected":false},"author":2,"featured_media":121563,"comment_status":"","ping_status":"","sticky":false,"template":"","format":"standard","meta":{"footnotes":""},"categories":[158],"tags":[33,31,30,159,32,160],"class_list":{"0":"post-121562","1":"post","2":"type-post","3":"status-publish","4":"format-standard","5":"has-post-thumbnail","7":"category-urheilu","8":"tag-fi","9":"tag-finland","10":"tag-finnish","11":"tag-sports","12":"tag-suomi","13":"tag-urheilu"},"share_on_mastodon":{"url":"https:\/\/pubeurope.com\/@fi\/115752547489683820","error":""},"_links":{"self":[{"href":"https:\/\/www.europesays.com\/fi\/wp-json\/wp\/v2\/posts\/121562","targetHints":{"allow":["GET"]}}],"collection":[{"href":"https:\/\/www.europesays.com\/fi\/wp-json\/wp\/v2\/posts"}],"about":[{"href":"https:\/\/www.europesays.com\/fi\/wp-json\/wp\/v2\/types\/post"}],"author":[{"embeddable":true,"href":"https:\/\/www.europesays.com\/fi\/wp-json\/wp\/v2\/users\/2"}],"replies":[{"embeddable":true,"href":"https:\/\/www.europesays.com\/fi\/wp-json\/wp\/v2\/comments?post=121562"}],"version-history":[{"count":0,"href":"https:\/\/www.europesays.com\/fi\/wp-json\/wp\/v2\/posts\/121562\/revisions"}],"wp:featuredmedia":[{"embeddable":true,"href":"https:\/\/www.europesays.com\/fi\/wp-json\/wp\/v2\/media\/121563"}],"wp:attachment":[{"href":"https:\/\/www.europesays.com\/fi\/wp-json\/wp\/v2\/media?parent=121562"}],"wp:term":[{"taxonomy":"category","embeddable":true,"href":"https:\/\/www.europesays.com\/fi\/wp-json\/wp\/v2\/categories?post=121562"},{"taxonomy":"post_tag","embeddable":true,"href":"https:\/\/www.europesays.com\/fi\/wp-json\/wp\/v2\/tags?post=121562"}],"curies":[{"name":"wp","href":"https:\/\/api.w.org\/{rel}","templated":true}]}}