{"id":121568,"date":"2025-12-20T15:18:08","date_gmt":"2025-12-20T15:18:08","guid":{"rendered":"https:\/\/www.europesays.com\/fi\/121568\/"},"modified":"2025-12-20T15:18:08","modified_gmt":"2025-12-20T15:18:08","slug":"trumpin-liittolainen-jattaytyy-kuvernoorikilpailusta-mtv-uutiset","status":"publish","type":"post","link":"https:\/\/www.europesays.com\/fi\/121568\/","title":{"rendered":"Trumpin liittolainen j\u00e4tt\u00e4ytyy kuvern\u00f6\u00f6rikilpailusta | MTV Uutiset"},"content":{"rendered":"<p><strong class=\"typography-bold\">Yhdysvalloissa republikaanipuolueen kongressiedustaja <\/strong><strong class=\"typography-bold\">Elise Stefanik<\/strong><strong class=\"typography-bold\"> j\u00e4tt\u00e4ytyy pois New Yorkin kuvern\u00f6\u00f6rikilpailusta.\u00a0<\/strong><\/p>\n<p>Stefanik j\u00e4tt\u00e4\u00e4 lis\u00e4ksi paikkansa kongressissa tulevana vuonna. Stefanik kertoi asiasta <a class=\"underline\" data-testid=\"external-link\" href=\"https:\/\/x.com\/EliseStefanik\/status\/2002121519342793163\" rel=\"noopener noreferrer nofollow\" target=\"_blank\" data-sentry-component=\"ExternalLink\" data-sentry-source-file=\"ExternalLink.tsx\">viestipalvelu X:ss\u00e4<\/a>.<\/p>\n<p>Stefanikin mukaan p\u00e4\u00e4t\u00f6ksen taustalla ovat muun muassa perhesyyt. H\u00e4n kirjoittaa haluavansa keskitty\u00e4 \u00e4idin teht\u00e4v\u00e4\u00e4ns\u00e4.<\/p>\n<p>Stefanik oli aiemmin t\u00e4n\u00e4 vuonna ehdokkaana Yhdysvaltain YK-suurl\u00e4hettil\u00e4\u00e4ksi, mutta presidentti <strong class=\"typography-bold\">Donald Trump<\/strong><strong class=\"typography-bold\"> <\/strong>veti ehdokkuuden pois ennen lopullista valintaa. T\u00e4ll\u00f6in Trump ilmoitti, ettei h\u00e4n halua vaarantaa Setfanikin ehdokkuudella republikaanien enemmist\u00f6\u00e4 edustajainhuoneessa.<\/p>\n<p>Republikaanipuolueen oikeistosiipeen kuuluvaa Stefanikia on kuvailtu Trumpin vankaksi liittolaiseksi ja Israelin tukijaksi.<\/p>\n","protected":false},"excerpt":{"rendered":"Yhdysvalloissa republikaanipuolueen kongressiedustaja Elise Stefanik j\u00e4tt\u00e4ytyy pois New Yorkin kuvern\u00f6\u00f6rikilpailusta.\u00a0 Stefanik j\u00e4tt\u00e4\u00e4 lis\u00e4ksi paikkansa kongressissa tulevana vuonna. Stefanik&hellip;\n","protected":false},"author":2,"featured_media":121569,"comment_status":"","ping_status":"","sticky":false,"template":"","format":"standard","meta":{"footnotes":""},"categories":[14],"tags":[22,23,26,27,33,31,30,17,24,25,28,29,15,18,21,32,19,20,56,16,59,60,61],"class_list":{"0":"post-121568","1":"post","2":"type-post","3":"status-publish","4":"format-standard","5":"has-post-thumbnail","7":"category-ulkomaat","8":"tag-breaking-news","9":"tag-breakingnews","10":"tag-featured-news","11":"tag-featurednews","12":"tag-fi","13":"tag-finland","14":"tag-finnish","15":"tag-headlines","16":"tag-latest-news","17":"tag-latestnews","18":"tag-main-news","19":"tag-mainnews","20":"tag-news","21":"tag-otsikot","22":"tag-paauutiset","23":"tag-suomi","24":"tag-top-stories","25":"tag-topstories","26":"tag-ulkomaat","27":"tag-uutiset","28":"tag-world","29":"tag-world-news","30":"tag-worldnews"},"share_on_mastodon":{"url":"https:\/\/pubeurope.com\/@fi\/115752567190457466","error":""},"_links":{"self":[{"href":"https:\/\/www.europesays.com\/fi\/wp-json\/wp\/v2\/posts\/121568","targetHints":{"allow":["GET"]}}],"collection":[{"href":"https:\/\/www.europesays.com\/fi\/wp-json\/wp\/v2\/posts"}],"about":[{"href":"https:\/\/www.europesays.com\/fi\/wp-json\/wp\/v2\/types\/post"}],"author":[{"embeddable":true,"href":"https:\/\/www.europesays.com\/fi\/wp-json\/wp\/v2\/users\/2"}],"replies":[{"embeddable":true,"href":"https:\/\/www.europesays.com\/fi\/wp-json\/wp\/v2\/comments?post=121568"}],"version-history":[{"count":0,"href":"https:\/\/www.europesays.com\/fi\/wp-json\/wp\/v2\/posts\/121568\/revisions"}],"wp:featuredmedia":[{"embeddable":true,"href":"https:\/\/www.europesays.com\/fi\/wp-json\/wp\/v2\/media\/121569"}],"wp:attachment":[{"href":"https:\/\/www.europesays.com\/fi\/wp-json\/wp\/v2\/media?parent=121568"}],"wp:term":[{"taxonomy":"category","embeddable":true,"href":"https:\/\/www.europesays.com\/fi\/wp-json\/wp\/v2\/categories?post=121568"},{"taxonomy":"post_tag","embeddable":true,"href":"https:\/\/www.europesays.com\/fi\/wp-json\/wp\/v2\/tags?post=121568"}],"curies":[{"name":"wp","href":"https:\/\/api.w.org\/{rel}","templated":true}]}}