{"id":121570,"date":"2025-12-20T15:19:13","date_gmt":"2025-12-20T15:19:13","guid":{"rendered":"https:\/\/www.europesays.com\/fi\/121570\/"},"modified":"2025-12-20T15:19:13","modified_gmt":"2025-12-20T15:19:13","slug":"riikka-purralta-raju-avaus-nyt-puhuu-anders-adlercreutz","status":"publish","type":"post","link":"https:\/\/www.europesays.com\/fi\/121570\/","title":{"rendered":"Riikka Purralta raju avaus \u2013 Nyt puhuu Anders Adlercreutz"},"content":{"rendered":"<p>Valtiovarainministeri Riikka Purra haluaa vauhdittaa keskustelua Suomen euroj\u00e4senyyden haitoista. Nyt asiaa kommentoi hallituskumppani RKP:n puheenjohtaja.<\/p>\n<p><img decoding=\"async\" class=\"image image-show image-preview\" src=\"https:\/\/www.europesays.com\/fi\/wp-content\/uploads\/2025\/12\/9930d375c42040810a7770c1e7277b98e3cff1e9151151a94f20643e49498e85.jpg\" alt=\"\"\/><img decoding=\"async\" class=\"image image-show\" src=\"https:\/\/www.europesays.com\/fi\/wp-content\/uploads\/2025\/12\/1766243953_566_9930d375c42040810a7770c1e7277b98e3cff1e9151151a94f20643e49498e85.jpg\" alt=\"\"\/><\/p>\n<p>Riikka Purra vieraili t\u00e4ll\u00e4 viikolla Kauppalehden Talousaamussa. Joel Maisalmi<\/p>\n<p class=\"paragraph\">Valtiovarainministeri <a href=\"https:\/\/www.iltalehti.fi\/henkilot\/Riikka Purra\" class=\"article-link-person-page\" rel=\"nofollow noopener\" target=\"_blank\">Riikka Purra<\/a> (ps) her\u00e4tteli <a href=\"https:\/\/www.iltalehti.fi\/politiikka\/f3bb0649-309e-476f-b9cb-fb12d21f41dd\" rel=\"nofollow noopener\" target=\"_blank\">Kauppalehden Talousaamussa<\/a> keskustelua eurosta.<\/p>\n<p class=\"paragraph\">Purra sanoi haastavansa ekonomistit keskustelemaan aiheesta, sill\u00e4 h\u00e4nen mukaansa maasta \u201dei kovin montaa ekonomistia taida l\u00f6yty\u00e4, joiden mielest\u00e4 euroj\u00e4senyys oli Suomelle loppujen lopuksi hyv\u00e4 asia\u201d.<\/p>\n<p class=\"paragraph\">\u2013 Jos nyt edes aloittaisimme keskustelun siit\u00e4, ett\u00e4 miten Suomi p\u00e4rj\u00e4\u00e4 yhteisess\u00e4 rahapolitiikassa ja eurossa, Purra lausui.<\/p>\n<p class=\"paragraph\">RKP:n puheenjohtaja, opetusministeri <a href=\"https:\/\/www.iltalehti.fi\/henkilot\/Anders Adlercreutz\" class=\"article-link-person-page\" rel=\"nofollow noopener\" target=\"_blank\">Anders Adlercreutz<\/a> toteaa, ett\u00e4 pitk\u00e4j\u00e4nteisyys on t\u00e4rke\u00e4\u00e4. H\u00e4n sanoo, ett\u00e4 euro on tuonut ennustettavuutta.<\/p>\n<p class=\"paragraph\">\u2013 V\u00e4lill\u00e4 voi ajatella varmaan, ett\u00e4 se on ollut meille haitaksi, v\u00e4lill\u00e4 selke\u00e4sti hy\u00f6dyksi. Kaiken kaikkiaan se on kuitenkin mahdollistanut matalan korkotason, josta meille on ollut iloa, Adlercreutz kommentoi Iltalehdelle.<\/p>\n<p>RKP:n puheenjohtaja Anders Adlercreutz. Henri K\u00e4rkk\u00e4inen<\/p>\n<p class=\"paragraph\">\u2013 Ei minun mielest\u00e4ni nyt ehk\u00e4 kannata l\u00e4hte\u00e4 tuomaan lis\u00e4\u00e4 ep\u00e4varmuutta sen suhteen, vaan l\u00e4hinn\u00e4 pohtia, miten saadaan Euroopan tasolla vahvistettua taloutta, parannettua kilpailukyky\u00e4 ja avattua sis\u00e4markkinoita.<\/p>\n<p class=\"paragraph\"><strong>Purra toivoi asiantuntijakeskustelua, tarvitaanko mielest\u00e4si sellaista?<\/strong><\/p>\n<p class=\"paragraph\">\u2013 En nyt koe, ett\u00e4 Suomen intressiss\u00e4 on l\u00e4hte\u00e4 avaamaan eurokeskustelua. Ymm\u00e4rr\u00e4n hyvin sin\u00e4ns\u00e4, ett\u00e4 voi pohtia sit\u00e4, liityimmek\u00f6 me oikeaan aikaan ja olimmeko me tarpeeksi kilpailukykyisi\u00e4.<\/p>\n<p class=\"paragraph\">\u2013 Uskon, ett\u00e4 tilanne meill\u00e4 olisi varmaan paljon parempi, jos olisimme tehneet nyt tehdyt ty\u00f6markkinauudistukset ennen euroon liittymist\u00e4. Se olisi tietenkin luonut joustavuutta, josta olisi ollut suurta hy\u00f6ty\u00e4. Yksi negatiivinen puolihan on ollut se, ett\u00e4 ty\u00f6markkinat eiv\u00e4t ole joustaneet ollenkaan siin\u00e4 miss\u00e4 meill\u00e4 on ollut valuutankin joustamattomuus kylki\u00e4isen\u00e4. Mutta ajattelen, ett\u00e4 t\u00e4st\u00e4kin n\u00e4k\u00f6kulmasta nyt tehdyt [ty\u00f6markkina]uudistukset ovat hyvi\u00e4 ja helpottavat tilannetta, Adlercreutz vastaa.<\/p>\n<p class=\"paragraph\">Kristillisdemokraattien puheenjohtaja, maa- ja mets\u00e4talousministeri <a href=\"https:\/\/www.iltalehti.fi\/henkilot\/Sari Essayah\" class=\"article-link-person-page\" rel=\"nofollow noopener\" target=\"_blank\">Sari Essayah<\/a> ei halunnut kommentoida Purran avausta.<\/p>\n","protected":false},"excerpt":{"rendered":"Valtiovarainministeri Riikka Purra haluaa vauhdittaa keskustelua Suomen euroj\u00e4senyyden haitoista. Nyt asiaa kommentoi hallituskumppani RKP:n puheenjohtaja. Riikka Purra vieraili&hellip;\n","protected":false},"author":2,"featured_media":121571,"comment_status":"","ping_status":"","sticky":false,"template":"","format":"standard","meta":{"footnotes":""},"categories":[12],"tags":[35,22,23,26,27,33,31,30,2346,17,24,25,28,29,15,18,21,637,886,885,887,32,19,20,16],"class_list":{"0":"post-121570","1":"post","2":"type-post","3":"status-publish","4":"format-standard","5":"has-post-thumbnail","7":"category-suomi","8":"tag-24h","9":"tag-breaking-news","10":"tag-breakingnews","11":"tag-featured-news","12":"tag-featurednews","13":"tag-fi","14":"tag-finland","15":"tag-finnish","16":"tag-hallituksen-talouspolitiikka","17":"tag-headlines","18":"tag-latest-news","19":"tag-latestnews","20":"tag-main-news","21":"tag-mainnews","22":"tag-news","23":"tag-otsikot","24":"tag-paauutiset","25":"tag-politiikka","26":"tag-puolueet","27":"tag-suomen-poliittiset-puolueet","28":"tag-suomen-politiikka","29":"tag-suomi","30":"tag-top-stories","31":"tag-topstories","32":"tag-uutiset"},"share_on_mastodon":{"url":"https:\/\/pubeurope.com\/@fi\/115752571406867800","error":""},"_links":{"self":[{"href":"https:\/\/www.europesays.com\/fi\/wp-json\/wp\/v2\/posts\/121570","targetHints":{"allow":["GET"]}}],"collection":[{"href":"https:\/\/www.europesays.com\/fi\/wp-json\/wp\/v2\/posts"}],"about":[{"href":"https:\/\/www.europesays.com\/fi\/wp-json\/wp\/v2\/types\/post"}],"author":[{"embeddable":true,"href":"https:\/\/www.europesays.com\/fi\/wp-json\/wp\/v2\/users\/2"}],"replies":[{"embeddable":true,"href":"https:\/\/www.europesays.com\/fi\/wp-json\/wp\/v2\/comments?post=121570"}],"version-history":[{"count":0,"href":"https:\/\/www.europesays.com\/fi\/wp-json\/wp\/v2\/posts\/121570\/revisions"}],"wp:featuredmedia":[{"embeddable":true,"href":"https:\/\/www.europesays.com\/fi\/wp-json\/wp\/v2\/media\/121571"}],"wp:attachment":[{"href":"https:\/\/www.europesays.com\/fi\/wp-json\/wp\/v2\/media?parent=121570"}],"wp:term":[{"taxonomy":"category","embeddable":true,"href":"https:\/\/www.europesays.com\/fi\/wp-json\/wp\/v2\/categories?post=121570"},{"taxonomy":"post_tag","embeddable":true,"href":"https:\/\/www.europesays.com\/fi\/wp-json\/wp\/v2\/tags?post=121570"}],"curies":[{"name":"wp","href":"https:\/\/api.w.org\/{rel}","templated":true}]}}