{"id":121572,"date":"2025-12-20T15:20:11","date_gmt":"2025-12-20T15:20:11","guid":{"rendered":"https:\/\/www.europesays.com\/fi\/121572\/"},"modified":"2025-12-20T15:20:11","modified_gmt":"2025-12-20T15:20:11","slug":"epstein-tietokannassa-on-3-gigaa-tietoa-ja-osa-ei-liity-hanen-rikoksiinsa-myos-suomalaisia-on-mainittu-ulkomaat","status":"publish","type":"post","link":"https:\/\/www.europesays.com\/fi\/121572\/","title":{"rendered":"Epstein-tietokannassa on 3 gigaa tietoa, ja osa ei liity h\u00e4nen rikoksiinsa \u2013 my\u00f6s suomalaisia on mainittu | Ulkomaat"},"content":{"rendered":"<ul class=\"aw-1jjocuh iJTSwP yle__article__list yle__article__list--ul\">\n<li class=\"aw-1j7gwms gNYKfi\">Yhdysvaltain oikeusministeri\u00f6 julkaisi perjantaina suuren m\u00e4\u00e4r\u00e4n Jeffrey Epsteiniin liittyvi\u00e4 asiakirjoja.<\/li>\n<li class=\"aw-1j7gwms gNYKfi\">Julkaisu oli pettymys, sill\u00e4 tiedoista on mustattu suuria osia ja kaikkia asiakirjoja ei julkaistu.<\/li>\n<li class=\"aw-1j7gwms gNYKfi\">Suomi mainitaan asiakirjoissa, mutta maininnat eiv\u00e4t liity Epsteinin seksuaalirikoksiin.<\/li>\n<li class=\"aw-1j7gwms gNYKfi\">Lis\u00e4\u00e4 asiakirjoja on luvattu julkaista tulevien viikkojen aikana.<\/li>\n<\/ul>\n<p class=\"aw-1gybjub aw-1p7kakr kEtdKx cEmitX yle__article__paragraph\">Perjantaina koitti pitk\u00e4\u00e4n odotettu hetki, kun Yhdysvaltain oikeusministeri\u00f6 julkaisi <a class=\"aw-iao6s4 iHOxEa yle__article__link\" href=\"https:\/\/www.justice.gov\/epstein\" role=\"link\" rel=\"nofollow noopener\" target=\"_blank\">verkkosivuillaan<\/a> suuren m\u00e4\u00e4r\u00e4n asiakirjoja, jotka liittyv\u00e4t Yhdysvaltojen eliittipiireiss\u00e4 liikkuneen seksuaalirikoksista tuomitun <strong class=\"aw-ak79eh KyCXm yle__article__strong\">Jeffrey Epsteinin<\/strong> tutkintaan.<\/p>\n<p class=\"aw-1gybjub aw-1p7kakr kEtdKx cEmitX yle__article__paragraph\">Oikeusministeri\u00f6 julkaisi kaikkiaan melkein 4\u00a0000 tiedostoa, joiden yhteenlaskettu koko oli kolme gigatavua, uutisoi brittimedia <a class=\"aw-iao6s4 iHOxEa yle__article__link\" href=\"https:\/\/www.bbc.com\/news\/live\/cwyk526vlnlt?post=asset%3Ab55cf60d-3e2d-47bf-9bc2-68635018968b#post\" role=\"link\" rel=\"nofollow noopener\" target=\"_blank\">BBC<\/a>.<\/p>\n<p class=\"aw-1gybjub aw-1p7kakr kEtdKx cEmitX yle__article__paragraph\">Asiakirjoista on toivottu lis\u00e4tietoja Yhdysvaltain silm\u00e4tekevien, etenkin Yhdysvaltain presidentti <strong class=\"aw-ak79eh KyCXm yle__article__strong\">Donald Trumpin<\/strong> ja Epsteinin suhteesta. Niiden odotetaan my\u00f6s valaisevan, ketk\u00e4 kaikki ovat olleet kytk\u00f6ksiss\u00e4 Epsteinin rikollisiin toimiin.<\/p>\n<p class=\"aw-1gybjub aw-1p7kakr kEtdKx cEmitX yle__article__paragraph\">Julkaisut her\u00e4ttiv\u00e4t pettymyst\u00e4, sill\u00e4 vaikka laki m\u00e4\u00e4r\u00e4si oikeusministeri\u00f6n julkaisemaan kaikki asiakirjat, nyt julkaistiin vain osa.<\/p>\n<p class=\"aw-1gybjub aw-1p7kakr kEtdKx cEmitX yle__article__paragraph\">\u2013 Tulevina viikkoina odotan julkaistavaksi useita satoja tuhansia dokumentteja lis\u00e4\u00e4, Yhdysvaltain varaoikeusministeri <strong class=\"aw-ak79eh KyCXm yle__article__strong\">Todd Blanche<\/strong> sanoi Fox Newsin haastattelussa perjantaina.<\/p>\n<p class=\"aw-1gybjub aw-1p7kakr kEtdKx cEmitX yle__article__paragraph\"><strong class=\"aw-ak79eh KyCXm yle__article__strong\">Katso videolta, kuinka Yhdysvaltain edustajainhuoneen j\u00e4sen Ro Khanna arvioi Epstein-asiakirjojen julkistusta:<\/strong><\/p>\n<p class=\"aw-1gybjub aw-1p7kakr kEtdKx cEmitX yle__article__paragraph\">Kritiikki\u00e4 on her\u00e4tt\u00e4nyt my\u00f6s se, ett\u00e4 monet asiakirjat ovat vahvasti muokattuja. Isoja osia niist\u00e4 on mustattu osittain ja yli 500 sivua on <a class=\"aw-iao6s4 iHOxEa yle__article__link\" href=\"https:\/\/www.cbsnews.com\/news\/epstein-files-redaction-over-500-pages-entirely-blacked-out\/\" role=\"link\" rel=\"nofollow noopener\" target=\"_blank\">mustattu kokonaan<\/a>. Viranomaisten mukaan muokkaukset on tehty uhrien suojelemiseksi. Ne ovat kuitenkin her\u00e4tt\u00e4neet my\u00f6s <a class=\"aw-iao6s4 iHOxEa yle__article__link\" href=\"https:\/\/yle.fi\/a\/74-20200918\" role=\"link\" rel=\"nofollow noopener\" target=\"_blank\">ep\u00e4ilyksi\u00e4<\/a> siit\u00e4, mit\u00e4 muuta mustattujen kohtien taakse on voitu piilottaa.<\/p>\n<p class=\"aw-1gybjub aw-1p7kakr kEtdKx cEmitX yle__article__paragraph\">Epstein-asiakirjoina tunnettu kokonaisuus k\u00e4sitt\u00e4\u00e4 valtavan m\u00e4\u00e4r\u00e4n dokumentteja: yli <a class=\"aw-iao6s4 iHOxEa yle__article__link\" href=\"https:\/\/edition.cnn.com\/politics\/live-news\/epstein-files-release-09-02-25#cmf31r0l7001s3b6n7bjfl73d\" role=\"link\" rel=\"nofollow noopener\" target=\"_blank\">300 gigatavua dataa<\/a>.<\/p>\n<p class=\"aw-1gybjub aw-1p7kakr kEtdKx cEmitX yle__article__paragraph\">Millaista tietoa Yhdysvaltain oikeusministeri\u00f6n julkaisemasta tietokannasta l\u00f6ytyy?<\/p>\n<p>Asiakirjoja useilta eri viranomaisilta<\/p>\n<p class=\"aw-1gybjub aw-1p7kakr kEtdKx cEmitX yle__article__paragraph\">Epsteiniin liittyvi\u00e4 tietoja on ollut useiden viranomaistahojen hallussa.<\/p>\n<p class=\"aw-1gybjub aw-1p7kakr kEtdKx cEmitX yle__article__paragraph\">Yhdysvaltain oikeusministeri\u00f6n nyt julkaisemasta tietokannasta l\u00f6ytyy esimerkiksi oikeuden p\u00f6yt\u00e4kirjoja Epsteini\u00e4, h\u00e4nen kuolinpes\u00e4\u00e4ns\u00e4 sek\u00e4 tytt\u00f6yst\u00e4v\u00e4\u00e4ns\u00e4 ja rikoskumppaniaan <strong class=\"aw-ak79eh KyCXm yle__article__strong\">Ghislaine Maxwellia<\/strong> koskevista oikeudenk\u00e4ynneist\u00e4, oikeusministeri\u00f6n tiedonantoja, tulli- ja rajaviranomaisten luovuttamia asiakirjoja, FBI:n asiakirjoja, Yhdysvaltain vankeinhoitolaitoksen asiakirjoja ja Floridan osavaltiolta per\u00e4isin olevia asiakirjoja.<\/p>\n<p><img decoding=\"async\" alt=\"Kuvassa on l\u00e4hes t\u00e4ysin peitettyj\u00e4 Epstein-asiakirjoja.\" src=\"https:\/\/www.europesays.com\/fi\/wp-content\/uploads\/2025\/12\/39-15729706945ca865af27.jpeg\" loading=\"lazy\" class=\"aw-1l9m598 hKVVvP\"\/><\/p>\n<p>Avaa kuvien katselu<\/p>\n<p>Useat julkaistuista asiakirjoista ovat kokonaan mustattuja. Kuva: Mandel Ngan \/ AFP<\/p>\n<p class=\"aw-1gybjub aw-1p7kakr kEtdKx cEmitX yle__article__paragraph\">Dokumenttien joukossa on my\u00f6s esimerkiksi videokuvaa Epsteinin vankilasta ja \u00e4\u00e4nitteit\u00e4 viranomaisten k\u00e4sittelyist\u00e4.<\/p>\n<p class=\"aw-1gybjub aw-1p7kakr kEtdKx cEmitX yle__article__paragraph\">N\u00e4iden lis\u00e4ksi tietokannassa on linkki Yhdysvaltain kongressin valvontakomitean syyskuussa julkaisemiin, yli 33 000 sivua k\u00e4sitt\u00e4viin Epstein-tiedostoihin.<\/p>\n<p class=\"aw-1gybjub aw-1p7kakr kEtdKx cEmitX yle__article__paragraph\">Yhdysvaltain liittovaltion syytt\u00e4j\u00e4t ker\u00e4siv\u00e4t yhteens\u00e4 miljoonia asiakirjoja Epsteinin ja h\u00e4nen rikoskumppaninsa ja Maxwellin seksuaalirikostutkinnan ja syytteeseenpanon aikana, kertoo yhdysvaltalaismedia <a class=\"aw-iao6s4 iHOxEa yle__article__link\" href=\"https:\/\/edition.cnn.com\/2025\/12\/18\/politics\/epstein-documents-redaction-process\" role=\"link\" rel=\"nofollow noopener\" target=\"_blank\">CNN<\/a>.<\/p>\n<p class=\"aw-1gybjub aw-1p7kakr kEtdKx cEmitX yle__article__paragraph\">Tiedostot ovat sijainneet FBI:n t\u00e4rkeimm\u00e4ss\u00e4 s\u00e4hk\u00f6isess\u00e4 asianhallintaj\u00e4rjestelm\u00e4ss\u00e4, \u201dSentineliss\u00e4\u201d. Asiakirjoihin kuuluu tutkintaraportteja ja tietoja FBI:n Miamin kentt\u00e4osaston alkuper\u00e4isest\u00e4 Epstein-tutkinnasta.<\/p>\n<p>Kankea k\u00e4ytt\u00e4\u00e4, hankala l\u00f6yt\u00e4\u00e4<\/p>\n<p class=\"aw-1gybjub aw-1p7kakr kEtdKx cEmitX yle__article__paragraph\">Kokonaisuutena oikeusministeri\u00f6n tietokanta sis\u00e4lt\u00e4\u00e4 valtavan m\u00e4\u00e4r\u00e4n tietoa. Tietokannan k\u00e4ytett\u00e4vyys on kuitenkin k\u00f6mpel\u00f6 ja datan perusteellinen perkaaminen ja analysoiminen tulee vaatimaan aikaa. Tietokannassa on yksinkertainen hakutoiminto, mutta tietojen etsiminen sen avulla ei v\u00e4ltt\u00e4m\u00e4tt\u00e4 tuota tulosta.<\/p>\n<p class=\"aw-1gybjub aw-1p7kakr kEtdKx cEmitX yle__article__paragraph\">Osa Epsteinin uhreista on <a class=\"aw-iao6s4 iHOxEa yle__article__link\" href=\"https:\/\/www.cnn.com\/politics\/live-news\/jeffrey-epstein-files-released?post-id=cmjdlyh8n00003b6tb4gnsn6e\" role=\"link\" rel=\"nofollow noopener\" target=\"_blank\">valittanut<\/a>, ett\u00e4 tietokannan hakutoiminnosta huolimatta heid\u00e4n on vaikeaa l\u00f6yt\u00e4\u00e4 omiin tapauksiinsa liittyvi\u00e4 tietoja. T\u00e4h\u00e4n voi vaikuttaa viranomaisten toteama pyrkimys suojella uhreja mustaamalla heid\u00e4n tietonsa.<\/p>\n<p class=\"aw-1gybjub aw-1p7kakr kEtdKx cEmitX yle__article__paragraph\">Esimerkiksi hakusanalla \u2018Trump\u2019 tietokannasta l\u00f6ytyy 625 osumaa. Hakusana \u2018Clinton\u2019 l\u00f6ytyy tietokannasta 1067 kertaa, \u2018Gates\u2019 132 kertaa ja \u00a8Prinssi Andrew\u2019 795 kertaa.<\/p>\n<p class=\"aw-1gybjub aw-1p7kakr kEtdKx cEmitX yle__article__paragraph\">Paljon mielenkiintoa her\u00e4tt\u00e4neit\u00e4 valokuvia ei ole tietokantaan ryhmitelty oman otsikkonsa alle erikseen, vaan niit\u00e4 on etsitt\u00e4v\u00e4 tietomassaa kahlaamalla.<\/p>\n<p><img decoding=\"async\" alt=\"Noam Chomsky ja Jeffrey Epstein lentokoneessa.\" src=\"https:\/\/www.europesays.com\/fi\/wp-content\/uploads\/2025\/12\/39-157227169444384645be.jpeg\" loading=\"lazy\" class=\"aw-1l9m598 hKVVvP\"\/><\/p>\n<p>Avaa kuvien katselu<\/p>\n<p>Epsteinill\u00e4 oli laajat verkostot Yhdysvalloissa ja kansainv\u00e4lisesti. Kuvassa h\u00e4n on kielitieteilij\u00e4 Noam Chomskyn kanssa.  Kuva: Yhdysvaltain kongressin valvontavaliokuntaSuomi mainittu<\/p>\n<p class=\"aw-1gybjub aw-1p7kakr kEtdKx cEmitX yle__article__paragraph\">Hakusanalla \u2018Finland\u2019 Epstein-tietokannasta l\u00f6ytyy kolme osumaa. Yksik\u00e4\u00e4n niist\u00e4 ei liity Epsteinin seksuaalirikoksiin. Kaksi niist\u00e4 viittaa Maxwellin oikeustapauksen arvioinnissa mukana olleen asiantuntijan ansioluettelomerkint\u00e4\u00e4n. Yksi viittaa tutkinnan osana mainittuun Yhdysvaltain ihmiskaupan vastaiseen raporttiin ja Suomen sijoittumiseen sen maakohtaisella listalla.<\/p>\n<p class=\"aw-1gybjub aw-1p7kakr kEtdKx cEmitX yle__article__paragraph\">Hakusanalla \u2018Finnish\u2019, suomalainen, tietokannasta l\u00f6ytyy viisi osumaa. Ne eiv\u00e4t liity Epsteiniin seksuaalirikoksiin. Kaksi niist\u00e4, suomalainen diplomaatti <strong class=\"aw-ak79eh KyCXm yle__article__strong\">Max Jakobson<\/strong> sek\u00e4 Ylen entinen p\u00e4\u00e4johtaja <strong class=\"aw-ak79eh KyCXm yle__article__strong\">Arne Wessberg<\/strong> mainitaan osana Japanin, L\u00e4nsi-Euroopan ja Yhdysvaltojen yhteisty\u00f6t\u00e4 ajavan Trilateral Commission -j\u00e4rjest\u00f6n j\u00e4senlistaa. My\u00f6s Epstein kuului j\u00e4rjest\u00f6\u00f6n.<\/p>\n<p class=\"aw-1gybjub aw-1p7kakr kEtdKx cEmitX yle__article__paragraph\">Danske Bankin Suomen haara mainitaan tietokannassa osana selvityst\u00e4, jossa k\u00e4sitell\u00e4\u00e4n Deutsche Bankin laiminly\u00f6ntej\u00e4. Danske Bankia ei liitet\u00e4 asiakirjassa Epsteinin rikoksiin.<\/p>\n<p class=\"aw-1gybjub aw-1p7kakr kEtdKx cEmitX yle__article__paragraph\">Hein\u00e4kuussa 2025 julkaistu selvityksen mukaan New Yorkin osavaltion rahoituspalveluvirasto m\u00e4\u00e4r\u00e4si Deutsche Bankin 150 miljoonan dollarin korvauksiin. Syyn\u00e4 oli muun muassa se, ett\u00e4 saksalaispankki otti Epsteinin asiakkaakseen vuonna 2013 tiet\u00e4en h\u00e4nen seksuaaliseen hyv\u00e4ksik\u00e4ytt\u00f6\u00f6n liittyneet syytteens\u00e4 ja -tuomionsa sek\u00e4 it\u00e4eurooppalaisiin nuoriin naisiin liittyv\u00e4t liiketoimensa.<\/p>\n<p class=\"aw-1gybjub aw-1p7kakr kEtdKx cEmitX yle__article__paragraph\">Danske Bankin kerrotaan ostaneen suomalaisen rahoituslaitoksen Sampo Pankin Baltian liiketoiminnan ja sen Virossa sijaitsevasta segmentist\u00e4 tuli Danske Estonia. Deutsche Bankia rangaistiin Epsteinin liiketoimien mahdollistamisen ohella my\u00f6s siit\u00e4, ettei se seurannut ja hallinnoinut riitt\u00e4v\u00e4sti suhteitaan Danske Bankin kanssa, jonka Viron haaran Danske Estonian toiminnasta tunnistettiin <a class=\"aw-iao6s4 iHOxEa yle__article__link\" href=\"https:\/\/yle.fi\/a\/3-10653211\" role=\"link\" rel=\"nofollow noopener\" target=\"_blank\">runsaasti ep\u00e4ilytt\u00e4v\u00e4\u00e4 toimintaa liittyen rahanpesuun<\/a>.<\/p>\n","protected":false},"excerpt":{"rendered":"Yhdysvaltain oikeusministeri\u00f6 julkaisi perjantaina suuren m\u00e4\u00e4r\u00e4n Jeffrey Epsteiniin liittyvi\u00e4 asiakirjoja. Julkaisu oli pettymys, sill\u00e4 tiedoista on mustattu suuria&hellip;\n","protected":false},"author":2,"featured_media":121573,"comment_status":"","ping_status":"","sticky":false,"template":"","format":"standard","meta":{"footnotes":""},"categories":[5],"tags":[22,23,585,26,27,33,31,30,17,11121,24,25,28,29,15,18,21,4353,32,19,20,56,16,619],"class_list":{"0":"post-121572","1":"post","2":"type-post","3":"status-publish","4":"format-standard","5":"has-post-thumbnail","7":"category-otsikot","8":"tag-breaking-news","9":"tag-breakingnews","10":"tag-donald-trump","11":"tag-featured-news","12":"tag-featurednews","13":"tag-fi","14":"tag-finland","15":"tag-finnish","16":"tag-headlines","17":"tag-jeffrey-epstein","18":"tag-latest-news","19":"tag-latestnews","20":"tag-main-news","21":"tag-mainnews","22":"tag-news","23":"tag-otsikot","24":"tag-paauutiset","25":"tag-seksuaalirikokset","26":"tag-suomi","27":"tag-top-stories","28":"tag-topstories","29":"tag-ulkomaat","30":"tag-uutiset","31":"tag-yhdysvallat"},"share_on_mastodon":{"url":"https:\/\/pubeurope.com\/@fi\/115752575135131105","error":""},"_links":{"self":[{"href":"https:\/\/www.europesays.com\/fi\/wp-json\/wp\/v2\/posts\/121572","targetHints":{"allow":["GET"]}}],"collection":[{"href":"https:\/\/www.europesays.com\/fi\/wp-json\/wp\/v2\/posts"}],"about":[{"href":"https:\/\/www.europesays.com\/fi\/wp-json\/wp\/v2\/types\/post"}],"author":[{"embeddable":true,"href":"https:\/\/www.europesays.com\/fi\/wp-json\/wp\/v2\/users\/2"}],"replies":[{"embeddable":true,"href":"https:\/\/www.europesays.com\/fi\/wp-json\/wp\/v2\/comments?post=121572"}],"version-history":[{"count":0,"href":"https:\/\/www.europesays.com\/fi\/wp-json\/wp\/v2\/posts\/121572\/revisions"}],"wp:featuredmedia":[{"embeddable":true,"href":"https:\/\/www.europesays.com\/fi\/wp-json\/wp\/v2\/media\/121573"}],"wp:attachment":[{"href":"https:\/\/www.europesays.com\/fi\/wp-json\/wp\/v2\/media?parent=121572"}],"wp:term":[{"taxonomy":"category","embeddable":true,"href":"https:\/\/www.europesays.com\/fi\/wp-json\/wp\/v2\/categories?post=121572"},{"taxonomy":"post_tag","embeddable":true,"href":"https:\/\/www.europesays.com\/fi\/wp-json\/wp\/v2\/tags?post=121572"}],"curies":[{"name":"wp","href":"https:\/\/api.w.org\/{rel}","templated":true}]}}