{"id":121578,"date":"2025-12-20T15:40:09","date_gmt":"2025-12-20T15:40:09","guid":{"rendered":"https:\/\/www.europesays.com\/fi\/121578\/"},"modified":"2025-12-20T15:40:09","modified_gmt":"2025-12-20T15:40:09","slug":"tuotanto-mokasi-pahasti-amazing-race-suomessa-muistatko-nama-ohjelman-kohauttaneet-kaanteet","status":"publish","type":"post","link":"https:\/\/www.europesays.com\/fi\/121578\/","title":{"rendered":"Tuotanto mokasi pahasti Amazing Race Suomessa \u2013 Muistatko n\u00e4m\u00e4 ohjelman kohauttaneet k\u00e4\u00e4nteet?"},"content":{"rendered":"<p>Testaa Iltalehden testill\u00e4, kuinka hyvin muistat Amazing Race Suomi -ohjelmassa n\u00e4hdyt tapahtumat.<\/p>\n<p><img decoding=\"async\" class=\"image image-show image-preview\" src=\"https:\/\/www.europesays.com\/fi\/wp-content\/uploads\/2025\/12\/c1cd7575574a9cf4f088e00f3c6872286c681b28661889184b7536c1a1307799.jpg\" alt=\"\"\/><img decoding=\"async\" class=\"image image-show\" src=\"https:\/\/www.europesays.com\/fi\/wp-content\/uploads\/2025\/12\/1766245209_368_c1cd7575574a9cf4f088e00f3c6872286c681b28661889184b7536c1a1307799.jpg\" alt=\"\"\/><\/p>\n<p>Metti Forssell ja Hanna Launonen kilpailevat Amazing Race Suomi -ohjelman toisella tuotantokaudella. Nelonen<\/p>\n<p class=\"paragraph\">Amazing Race Suomi -ohjelmasta py\u00f6rii t\u00e4n\u00e4 talvena Nelosella jo ohjelman kolmas tuotantokausi. Ohjelman edellisill\u00e4k\u00e4\u00e4n kausilla ei ole k\u00e4\u00e4nteit\u00e4 puuttunut.<\/p>\n<p class=\"paragraph\">lltalehti on koonnut t\u00e4h\u00e4n testiin Amazing Race Suomen kahdella ensimm\u00e4isell\u00e4 tuotantokaudella katsojia kohauttaneita k\u00e4\u00e4nteit\u00e4. Kuinka hyvin itse muistat, mit\u00e4 kisan tiimellyksess\u00e4 oikein tapahtui?<\/p>\n<p class=\"paragraph\">Lis\u00e4\u00e4 Iltalehden testej\u00e4 p\u00e4\u00e4set tekem\u00e4\u00e4n <a href=\"https:\/\/www.iltalehti.fi\/testit\" rel=\"nofollow noopener\" target=\"_blank\">t\u00e4m\u00e4n linkin takaa<\/a>.<\/p>\n<p class=\"paragraph\">Onnea matkaan!<\/p>\n","protected":false},"excerpt":{"rendered":"Testaa Iltalehden testill\u00e4, kuinka hyvin muistat Amazing Race Suomi -ohjelmassa n\u00e4hdyt tapahtumat. Metti Forssell ja Hanna Launonen kilpailevat&hellip;\n","protected":false},"author":2,"featured_media":121579,"comment_status":"","ping_status":"","sticky":false,"template":"","format":"standard","meta":{"footnotes":""},"categories":[130],"tags":[35,137,33,31,30,1511,3595,1616,979,32,139,109],"class_list":{"0":"post-121578","1":"post","2":"type-post","3":"status-publish","4":"format-standard","5":"has-post-thumbnail","7":"category-viihde","8":"tag-24h","9":"tag-entertainment","10":"tag-fi","11":"tag-finland","12":"tag-finnish","13":"tag-joukkoviestinta","14":"tag-kustantaminen","15":"tag-media-viestinta","16":"tag-sahkoinen-media","17":"tag-suomi","18":"tag-tv-ohjelmat","19":"tag-viihde"},"share_on_mastodon":{"url":"https:\/\/pubeurope.com\/@fi\/115752653718595453","error":""},"_links":{"self":[{"href":"https:\/\/www.europesays.com\/fi\/wp-json\/wp\/v2\/posts\/121578","targetHints":{"allow":["GET"]}}],"collection":[{"href":"https:\/\/www.europesays.com\/fi\/wp-json\/wp\/v2\/posts"}],"about":[{"href":"https:\/\/www.europesays.com\/fi\/wp-json\/wp\/v2\/types\/post"}],"author":[{"embeddable":true,"href":"https:\/\/www.europesays.com\/fi\/wp-json\/wp\/v2\/users\/2"}],"replies":[{"embeddable":true,"href":"https:\/\/www.europesays.com\/fi\/wp-json\/wp\/v2\/comments?post=121578"}],"version-history":[{"count":0,"href":"https:\/\/www.europesays.com\/fi\/wp-json\/wp\/v2\/posts\/121578\/revisions"}],"wp:featuredmedia":[{"embeddable":true,"href":"https:\/\/www.europesays.com\/fi\/wp-json\/wp\/v2\/media\/121579"}],"wp:attachment":[{"href":"https:\/\/www.europesays.com\/fi\/wp-json\/wp\/v2\/media?parent=121578"}],"wp:term":[{"taxonomy":"category","embeddable":true,"href":"https:\/\/www.europesays.com\/fi\/wp-json\/wp\/v2\/categories?post=121578"},{"taxonomy":"post_tag","embeddable":true,"href":"https:\/\/www.europesays.com\/fi\/wp-json\/wp\/v2\/tags?post=121578"}],"curies":[{"name":"wp","href":"https:\/\/api.w.org\/{rel}","templated":true}]}}