{"id":121580,"date":"2025-12-20T15:43:13","date_gmt":"2025-12-20T15:43:13","guid":{"rendered":"https:\/\/www.europesays.com\/fi\/121580\/"},"modified":"2025-12-20T15:43:13","modified_gmt":"2025-12-20T15:43:13","slug":"oljyn-hinta-alimmillaan-vuosiin-kaasu-ja-fosforikin-halventuneet-maaseudun-tulevaisuus","status":"publish","type":"post","link":"https:\/\/www.europesays.com\/fi\/121580\/","title":{"rendered":"\u00d6ljyn hinta alimmillaan vuosiin \u2013 kaasu ja fosforikin halventuneet &#8211; Maaseudun Tulevaisuus"},"content":{"rendered":"<ol>\n<li><a href=\"https:\/\/news.google.com\/rss\/articles\/CBMiigFBVV95cUxOM3JlNGVLbFlmTDl4U2xRd3I0RUtwZVV0bUc2UC0xTldRWnJCZ1pSZWVBQnlTTVdWS1NuVlFyX2NUMlJxd0RSeW9XWXlOS0wwV0ZWOWV5Ty1DM1RuaDdWM25TVHdYbnpOWm5kU1RQR0V5YUo2VUwtY2tIamFEM0xJek9uZUQtWXJMZmc?oc=5\" target=\"_blank\" rel=\"nofollow noopener\">\u00d6ljyn hinta alimmillaan vuosiin \u2013 kaasu ja fosforikin halventuneet<\/a>&nbsp;&nbsp;Maaseudun Tulevaisuus<\/li>\n<li><a href=\"https:\/\/news.google.com\/rss\/articles\/CBMijwFBVV95cUxQQ1Z4SzR2Zl9hQVdvbGdmWk9VU1ZFcG5hVDQ3Q3pvTXZScnhVelY3bktjWjJZZ1Q4dXBYNGR1bFRMTzNLSm5LU1pPMTFuQ281UVhSWkZkN2NleFcySlA3M0lRQzNKWDB2S2EyT3M0S3hkMl90aDFSTFVFNFl4MG1TSE42TlpxempENjZjM2NNbw?oc=5\" target=\"_blank\" rel=\"nofollow noopener\">WTI-raaka\u00f6ljy liukuu alle 56 dollarin ja laskusuuntaus on tiukasti paikallaan<\/a>&nbsp;&nbsp;Traders Union<\/li>\n<li><a href=\"https:\/\/news.google.com\/rss\/articles\/CBMi3gFBVV95cUxOcGRieEdTOGRzeU95LXRoSUVrSkRXWEZoaUxFRjdBRWZjTEIzUDViamxmc0JBOXQzUFpTRTBiSUtKMFh2NWMxY2R6RTMwTEdBUHFqUkl5dWxJeHlUSDJMc3B3LTFiR19wSmdHYS1RVk1OR2xJU2xlT1lGbUV0NmhhbFN3Q002Qlp3UldGNzVHaG9aclY5X2l1UzBKdG1yLUtpd2x5RjZpN3NFb3Q4OUZXd2NZR2dFcXhZU1R4TzMyMzVPRzBPQmRES2RYcUFQdjRiZ0hma3FwRG9hLWdELXc?oc=5\" target=\"_blank\" rel=\"nofollow noopener\">Analyysi: \u00f6ljy jumissa geopoliittisten voimien v\u00e4liss\u00e4, kun asiantuntijat n\u00e4kev\u00e4t markkinoiden ep\u00e4vakaana<\/a>&nbsp;&nbsp;Invezz<\/li>\n<li><a href=\"https:\/\/news.google.com\/rss\/articles\/CBMijAFBVV95cUxNb2R6RWM0WS0tNWdleHZCSkJtbmstZGhNTzBfdGk1bUhnMWVxbTFIcE1YekhVTHlfSGR5WlFZdEV4bEJYWTlLbGVyQ21sUVNEdWY4dnFha1ZJR2ZSOU41aGdwc1UwWkxOZ0xKZWZTSi1WQXlyejZwc2l4MDNBWjBsUlpyTGJ3NXRfUnIwRw?oc=5\" target=\"_blank\" rel=\"nofollow noopener\">WTI-raaka\u00f6ljy vakiintuu l\u00e4helle 56 dollaria, kun geopoliittiset riskit hidastavat viiden vuoden myynti\u00e4<\/a>&nbsp;&nbsp;Traders Union<\/li>\n<li><a href=\"https:\/\/news.google.com\/rss\/articles\/CBMi-wFBVV95cUxNRVlVQko0SmFKbGlwMC1kMVFYRFVsUHJFdEdQWkU3MThPcTBHUURVcWlhYnRjOWVPTE14TDZHN0stMjBhUmxGZ1cySDR4NklVak8yR2ZPZDctYUUzbUN6TkNUYTZBN0ZYX2VSYUpqb1dtbTFuWEYyNTVsQkVpTU5KTFpLaGpNZ19yMHI0UVN1djhvcUpNUHBDdnpEWkpqeVB5eWxQbUxkWE9JTHJtUExiTi1RSDBqendkWFM5TW5SRVhJWkNJR2hPeHNkZU03dmkxTWZqWFNIemdTajRiNXlBV0dKemx0eHRSb3pCTjZLZXRGMDlybUVUWm5DTQ?oc=5\" target=\"_blank\" rel=\"nofollow noopener\">Rauhanneuvottelut ja pakotteet nostavat Brentin raaka\u00f6ljyn alle 60 dollarin\/barrelin ensimm\u00e4ist\u00e4 kertaa seitsem\u00e4\u00e4n kuukauteen<\/a>&nbsp;&nbsp;Invezz<\/li>\n<\/ol>\n","protected":false},"excerpt":{"rendered":"\u00d6ljyn hinta alimmillaan vuosiin \u2013 kaasu ja fosforikin halventuneet&nbsp;&nbsp;Maaseudun Tulevaisuus WTI-raaka\u00f6ljy liukuu alle 56 dollarin ja laskusuuntaus on&hellip;\n","protected":false},"author":2,"featured_media":121581,"comment_status":"","ping_status":"","sticky":false,"template":"","format":"standard","meta":{"footnotes":""},"categories":[76],"tags":[79,77,33,31,30,32,78],"class_list":{"0":"post-121580","1":"post","2":"type-post","3":"status-publish","4":"format-standard","5":"has-post-thumbnail","7":"category-talous","8":"tag-business","9":"tag-economy","10":"tag-fi","11":"tag-finland","12":"tag-finnish","13":"tag-suomi","14":"tag-talous"},"share_on_mastodon":{"url":"https:\/\/pubeurope.com\/@fi\/115752665602376312","error":""},"_links":{"self":[{"href":"https:\/\/www.europesays.com\/fi\/wp-json\/wp\/v2\/posts\/121580","targetHints":{"allow":["GET"]}}],"collection":[{"href":"https:\/\/www.europesays.com\/fi\/wp-json\/wp\/v2\/posts"}],"about":[{"href":"https:\/\/www.europesays.com\/fi\/wp-json\/wp\/v2\/types\/post"}],"author":[{"embeddable":true,"href":"https:\/\/www.europesays.com\/fi\/wp-json\/wp\/v2\/users\/2"}],"replies":[{"embeddable":true,"href":"https:\/\/www.europesays.com\/fi\/wp-json\/wp\/v2\/comments?post=121580"}],"version-history":[{"count":0,"href":"https:\/\/www.europesays.com\/fi\/wp-json\/wp\/v2\/posts\/121580\/revisions"}],"wp:featuredmedia":[{"embeddable":true,"href":"https:\/\/www.europesays.com\/fi\/wp-json\/wp\/v2\/media\/121581"}],"wp:attachment":[{"href":"https:\/\/www.europesays.com\/fi\/wp-json\/wp\/v2\/media?parent=121580"}],"wp:term":[{"taxonomy":"category","embeddable":true,"href":"https:\/\/www.europesays.com\/fi\/wp-json\/wp\/v2\/categories?post=121580"},{"taxonomy":"post_tag","embeddable":true,"href":"https:\/\/www.europesays.com\/fi\/wp-json\/wp\/v2\/tags?post=121580"}],"curies":[{"name":"wp","href":"https:\/\/api.w.org\/{rel}","templated":true}]}}