{"id":121582,"date":"2025-12-20T15:44:08","date_gmt":"2025-12-20T15:44:08","guid":{"rendered":"https:\/\/www.europesays.com\/fi\/121582\/"},"modified":"2025-12-20T15:44:08","modified_gmt":"2025-12-20T15:44:08","slug":"suomi-kuittasi-uutta-yhteisvelkaa-ryopytys-petteri-orpon-toiminnasta","status":"publish","type":"post","link":"https:\/\/www.europesays.com\/fi\/121582\/","title":{"rendered":"Suomi kuittasi uutta yhteisvelkaa \u2013 Ry\u00f6pytys Petteri Orpon toiminnasta"},"content":{"rendered":"<p>Eurooppa-neuvostossa hyv\u00e4ksytty yhteisvelka Ukrainan tukemiseen kuohuttaa nyt eduskunnan suuressa valiokunnassa. <\/p>\n<p class=\"paragraph\">EU-johtajat saivat eilen aikaan p\u00e4\u00e4t\u00f6ksen 90 miljardin euron lainasta Ukrainalle.<\/p>\n<p class=\"paragraph\">Suomen tahto oli, ett\u00e4 Ukrainan tukemiseen olisi k\u00e4ytetty Ven\u00e4j\u00e4lt\u00e4 j\u00e4\u00e4dytettyj\u00e4 varoja, mutta nyt p\u00e4\u00e4tettiinkin yhteisvelasta.<\/p>\n<p class=\"paragraph\">Suuren valiokunnan toinen varapuheenjohtaja <a href=\"https:\/\/www.iltalehti.fi\/henkilot\/Miapetra Kumpula-Natri\" class=\"article-link-person-page\" rel=\"nofollow noopener\" target=\"_blank\">Miapetra Kumpula-Natri<\/a> (sd) kovistelee Orpoa tapahtuneesta.<\/p>\n<p class=\"paragraph\">\u2013 P\u00e4\u00e4ministeri antoi liian yksipuolisen kuvan julkisuuteen ja eduskunnalle, ett\u00e4 olisi olemassa vain yksi vaihtoehto. Suomessa lie yksimielinen n\u00e4kemys, ett\u00e4 Ven\u00e4j\u00e4n j\u00e4\u00e4dytettyjen varojen k\u00e4ytt\u00f6\u00f6notosta olisi pit\u00e4nyt saada p\u00e4\u00e4t\u00f6s nyt. Mutta se, ettei ole asianmukaisesti valmistauduttu muihin vaihtoehtoihin, kuten nyt p\u00e4\u00e4tettyyn yhteisvelkaan, voi pit\u00e4\u00e4 h\u00e4mment\u00e4v\u00e4n\u00e4 tilannekuvan puutteena. Toivon p\u00e4\u00e4ministeri\u00e4 mit\u00e4 pikimmin eduskuntaan kertomaan mist\u00e4 on p\u00e4\u00e4tetty, Kumpula-Natri kirjoitti <a href=\"https:\/\/www.threads.com\/@miapetrakumpula\/post\/DScRxdbisFl\" target=\"_blank\" rel=\"noopener nofollow\">Threads-palvelussa<\/a>.<\/p>\n<p class=\"paragraph\">Iltalehdelle Kumpula-Natri antaa ymm\u00e4rt\u00e4\u00e4 halunneensa itse kiirehti\u00e4 p\u00e4\u00e4ministerin normaalia kuulemista suuressa valiokunnassa.<\/p>\n<p class=\"paragraph\">Suuri valiokunta ja ulkoasiainvaliokunta kokoontuvat maanantaina aiheenaan Orpon raportointi Eurooppa-neuvoston kokouksesta t\u00e4ll\u00e4 viikolla.<\/p>\n<p>\u201dMe emme oikeasti tied\u00e4\u201d<\/p>\n<p class=\"paragraph\">Kumpula-Natri sanoo alkuun, ett\u00e4 eduskunnan kantaa pyydettiin vain j\u00e4\u00e4dytettyihin varoihin, mutta my\u00f6nt\u00e4\u00e4 my\u00f6s, ett\u00e4 eduskunta on aiemmin ison linjan mukaisesti sanonut, ett\u00e4 Ukraina tarvitsee tukea.<\/p>\n<p>SDP:n kansanedustaja, suuren valiokunnan varapuheenjohtaja Miapetra Kumpula-Natri. Antti Mannermaa<\/p>\n<p class=\"paragraph\">Kuten prosessiin kuuluu, Orpo antoi suurelle valiokunnalle ja ulkoasiainvaliokunnalle selvityksen ennen Eurooppa-neuvoston kokousta.<\/p>\n<p class=\"paragraph\">Suuren valiokunnan <a href=\"https:\/\/www.eduskunta.fi\/FI\/vaski\/KokousPoytakirja\/Sivut\/SuVP_72+2025.aspx\" target=\"_blank\" rel=\"noopener nofollow\">p\u00f6yt\u00e4kirjassa<\/a> todetaan, ett\u00e4 \u201dsuuri valiokunta yhtyy asiassa valtioneuvoston kantaan ja toivoo, ett\u00e4 yhteisymm\u00e4rrys sotakorvauslainasta saavutettaisiin Eurooppa-neuvostossa\u201d. Valiokunta totesi tuolloin, ett\u00e4 ehdotettua sotakorvauslainaa voi pit\u00e4\u00e4 parhaana ja oikeudenmukaisimpana vaihtoehtona ja korosti, ett\u00e4 EU:n pit\u00e4\u00e4 sitoutua Ukrainan tukemiseen viivytyksett\u00e4.<\/p>\n<p>V\u00e4h\u00e4ttely\u00e4 kirjauksesta<\/p>\n<p class=\"paragraph\">Valtioneuvoston kanslian <a href=\"https:\/\/www.eduskunta.fi\/FI\/vaski\/Liiteasiakirja\/Documents\/EDK-2025-AK-62700.pdf\" target=\"_blank\" rel=\"noopener nofollow\">muistiossa<\/a>, joka on ollut suuren valiokunnan p\u00f6yd\u00e4ll\u00e4, todetaan kuitenkin my\u00f6s, ett\u00e4 \u201dSuomi voisi my\u00f6s hyv\u00e4ksy\u00e4 takauksen kattamisen EU:n omien varojen enimm\u00e4ism\u00e4\u00e4r\u00e4n ja nykyisen monivuotisen rahoituskehyksen v\u00e4lisest\u00e4 liikkumavarasta, mutta tunnistaa siihen liittyv\u00e4n yksimielisen p\u00e4\u00e4t\u00f6ksenteon haasteellisuuden\u201d.<\/p>\n<p class=\"paragraph\">Asiaan liittyv\u00e4n valtioneuvoston <a href=\"https:\/\/www.eduskunta.fi\/FI\/vaski\/KasittelytiedotValtiopaivaasia\/Sivut\/E_106+2025.aspx\" target=\"_blank\" rel=\"noopener nofollow\">E-selvityksen linkit<\/a> eiv\u00e4t t\u00e4ll\u00e4 hetkell\u00e4 toimi.<\/p>\n<p class=\"paragraph\">Kumpula-Natri v\u00e4heksyy muistion tekstikohtaa vain \u201dkolmen rivin maininnaksi\u201d ja katsoo siit\u00e4 huolimatta p\u00e4\u00e4ministerin korostaneen liikaa julkisuuteen p\u00e4in vain sotakorvauslainan mahdollisuutta ja antaneen asiasta liian ruusuista kuvaa. H\u00e4nen n\u00e4kemyksens\u00e4 on my\u00f6s, ett\u00e4 toisen vaihtoehdon valmistelu on ollut \u201dolematonta\u201d.<\/p>\n<p class=\"paragraph\">\u2013 On ollut hyv\u00e4, ett\u00e4 p\u00e4\u00e4ministeri painaa p\u00e4\u00e4lle, mutta ei voi menn\u00e4 kokoukseen yhden vaihtoehdon valmistelulla. Me emme oikeasti tied\u00e4, miten t\u00e4m\u00e4 paketti on rakennettu, koska sit\u00e4 ei ole asianmukaisesti valmisteltu.<\/p>\n<p class=\"paragraph\">\u2013 T\u00e4m\u00e4n takia minun mielest\u00e4ni oli t\u00e4rke\u00e4t\u00e4, ett\u00e4 me saamme p\u00e4\u00e4ministerin mahdollisimman pian my\u00f6s eduskuntaan antamaan informaatiota.<\/p>\n<p>EU:n ep\u00e4onnistuminen<\/p>\n<p class=\"paragraph\"><a href=\"https:\/\/yle.fi\/a\/74-20200766\" target=\"_blank\" rel=\"noopener nofollow\">Yle kertoo<\/a>, ett\u00e4 valtiovarainministeri <a href=\"https:\/\/www.iltalehti.fi\/henkilot\/Riikka Purra\" class=\"article-link-person-page\" rel=\"nofollow noopener\" target=\"_blank\">Riikka Purran<\/a> (ps) mukaan EU:ssa nyt l\u00f6ydetty ratkaisu on Euroopan unionille valtava ep\u00e4onnistuminen.<\/p>\n<p class=\"paragraph\">Purrakin kuitenkin huomauttaa Ylell\u00e4, ett\u00e4 Suomi oli suhtautunut avoimesti kaikkiin Ukrainan tukemista koskeviin rahoitusratkaisuihin.<\/p>\n<p class=\"paragraph\">Samansuuntainen oli Orpon kommentti <a href=\"https:\/\/www.kauppalehti.fi\/uutiset\/a\/a4f35132-7459-4fe9-be21-f22b23b389c0\" rel=\"noopener nofollow\" target=\"_blank\">Kauppalehdelle<\/a>.<\/p>\n<p class=\"paragraph\">\u2013 T\u00e4ytyy sanoa rehdisti, ett\u00e4 t\u00e4m\u00e4 oli erilainen ratkaisu kuin mit\u00e4 aamup\u00e4iv\u00e4ll\u00e4 haettiin, mutta lopputulema on se, ett\u00e4 Ukraina saa vahvan taloudellisen tuen \u2013 90 miljardia euroa vuosille 2026\u20132027, p\u00e4\u00e4ministeri lausui.<\/p>\n<p>Puheenjohtaja eri linjoilla<\/p>\n<p class=\"paragraph\">Suuren valiokunnan puheenjohtaja <a href=\"https:\/\/www.iltalehti.fi\/henkilot\/Saara-Sofia Sir\u00e9n\" class=\"article-link-person-page\" rel=\"nofollow noopener\" target=\"_blank\">Saara-Sofia Sir\u00e9n<\/a> (kok) sanoo, ett\u00e4 Suomen kanta on koko ajan ollut se, ett\u00e4 Suomi suhtautuu avoimesti erilaisiin rahoitusvaihtoehtoihin koskien Ukrainan tukemista. Asiasta on aiemmin linjattu my\u00f6s suuressa valiokunnassa.<\/p>\n<p class=\"paragraph\">\u2013 T\u00e4m\u00e4 ratkaisu, mik\u00e4 sielt\u00e4 syntyi, on mahtunut valtioneuvoston kantaan, jota suuri valiokunta kannattaa.<\/p>\n<p class=\"paragraph\">Sir\u00e9nin mukaan Suomen kantoja huippukokoukseen k\u00e4siteltiin suuressa valiokunnassa aikataulusyist\u00e4 kiireellisesti.<\/p>\n<p class=\"paragraph\">Sir\u00e9n muistuttaa, ett\u00e4 perjantain vastaisena y\u00f6n\u00e4 Eurooppa-neuvostossa saadulla ratkaisulla on yhteys Ven\u00e4j\u00e4n keskuspankin j\u00e4\u00e4dytettyihin varoihin, jotka my\u00f6s pysyv\u00e4t j\u00e4\u00e4dytettyin\u00e4.<\/p>\n<p class=\"paragraph\">\u2013 T\u00e4m\u00e4 on ik\u00e4\u00e4n kuin k\u00e4\u00e4nteinen sotakorvauslaina siin\u00e4 mieless\u00e4, Sir\u00e9n sanoo.<\/p>\n<p class=\"paragraph\">Eurooppa-neuvosto sopi kompromissina 90 miljardin euron lainasta Ukrainalle. Maa joutuu maksamaan sen takaisin vain siin\u00e4 tilanteessa, ett\u00e4 Ven\u00e4j\u00e4 maksaa vahingonkorvauksia sodasta. Muussa tapauksessa EU voi k\u00e4ytt\u00e4\u00e4 Ven\u00e4j\u00e4n keskuspankin j\u00e4\u00e4dytettyj\u00e4 rahoja. Itse laina taataan kuitenkin EU:n budjetilla, joten siin\u00e4 t\u00e4lt\u00e4 osin kyseess\u00e4 on klassinen yhteisvelka.<\/p>\n<p>Orpo soitti keskell\u00e4 y\u00f6t\u00e4<\/p>\n<p class=\"paragraph\">Sir\u00e9n kertoo, ett\u00e4 yll\u00e4tt\u00e4v\u00e4n vaihtoehdon noustua keskell\u00e4 y\u00f6t\u00e4 EU-johtajien huippukokouksessa esille, p\u00e4\u00e4ministeri soitti viel\u00e4 suuren valiokunnan puheenjohtajalle.<\/p>\n<p class=\"paragraph\">\u2013 Kuten h\u00e4nen kuuluukin, [p\u00e4\u00e4ministeri] otti yhteyden suuren valiokunnan puheenjohtajaan ja ne k\u00e4ytiin siell\u00e4 yhdess\u00e4 l\u00e4pi.<\/p>\n<p>Suuren valiokunnan puheenjohtaja Saara-Sofia Sir\u00e9n (kok). Roosa Br\u00f6ijer<\/p>\n<p class=\"paragraph\">Sir\u00e9n huomauttaa, ett\u00e4 suuren valiokunnan k\u00e4yt\u00f6ss\u00e4 olleessa valtioneuvoston kanslian muistiossa puhutaan nimenomaan yhteisvelasta. T\u00e4st\u00e4 kertoo kohta, jonka mukaan Suomi voi hyv\u00e4ksy\u00e4 takauksen kattamisen my\u00f6s EU:n omien varojen ja EU-budjetin v\u00e4lisest\u00e4 liikkumavarasta, mutta tunnistaa siihen liittyv\u00e4n yksimielisen p\u00e4\u00e4t\u00f6ksenteon haasteellisuuden.<\/p>\n<p class=\"paragraph\">\u2013 Ainoastaan se, mit\u00e4 ei ollut tiedossa ennakkoon on se, ett\u00e4 t\u00e4llainen luova ratkaisu l\u00f6ytyy, Sir\u00e9n kertoo.<\/p>\n<p class=\"paragraph\">Luovalla ratkaisulla h\u00e4n tarkoittaa T\u0161ekin, Unkarin ja Slovakian j\u00e4tt\u00e4ytymist\u00e4 pois j\u00e4rjestelyst\u00e4, jolloin loput j\u00e4senmaat pystyiv\u00e4t sopimaan yhteisvelasta yksimielisesti.<\/p>\n<p class=\"paragraph\">\u2013 Hyv\u00e4 asia on, ett\u00e4 ratkaisu l\u00f6ytyi, jotta Ukrainan rahoitus turvataan tai mahdollistetaan my\u00f6s seuraavalle kahdelle vuodelle, Sir\u00e9n sanoo.<\/p>\n<p class=\"paragraph\">Suuri valiokunta ja ulkoasianvaliokunta kokoontuvat viel\u00e4 maanantaina kello 10 kuulemaan p\u00e4\u00e4ministeri\u00e4 Eurooppa-neuvoston tuloksista.<\/p>\n","protected":false},"excerpt":{"rendered":"Eurooppa-neuvostossa hyv\u00e4ksytty yhteisvelka Ukrainan tukemiseen kuohuttaa nyt eduskunnan suuressa valiokunnassa. EU-johtajat saivat eilen aikaan p\u00e4\u00e4t\u00f6ksen 90 miljardin euron&hellip;\n","protected":false},"author":2,"featured_media":121583,"comment_status":"","ping_status":"","sticky":false,"template":"","format":"standard","meta":{"footnotes":""},"categories":[14],"tags":[35,22,23,26,27,33,31,30,17,70,5679,24,25,28,29,15,18,21,637,887,32,19,20,56,4385,16,59,60,61],"class_list":{"0":"post-121582","1":"post","2":"type-post","3":"status-publish","4":"format-standard","5":"has-post-thumbnail","7":"category-ulkomaat","8":"tag-24h","9":"tag-breaking-news","10":"tag-breakingnews","11":"tag-featured-news","12":"tag-featurednews","13":"tag-fi","14":"tag-finland","15":"tag-finnish","16":"tag-headlines","17":"tag-kansainvalinen-politiikka","18":"tag-kansainvaliset-organisaatiot-ja-sopimukset","19":"tag-latest-news","20":"tag-latestnews","21":"tag-main-news","22":"tag-mainnews","23":"tag-news","24":"tag-otsikot","25":"tag-paauutiset","26":"tag-politiikka","27":"tag-suomen-politiikka","28":"tag-suomi","29":"tag-top-stories","30":"tag-topstories","31":"tag-ulkomaat","32":"tag-ulkopolitiikka-ja-kansainvalinen-politiikka","33":"tag-uutiset","34":"tag-world","35":"tag-world-news","36":"tag-worldnews"},"share_on_mastodon":{"url":"https:\/\/pubeurope.com\/@fi\/115752669413298543","error":""},"_links":{"self":[{"href":"https:\/\/www.europesays.com\/fi\/wp-json\/wp\/v2\/posts\/121582","targetHints":{"allow":["GET"]}}],"collection":[{"href":"https:\/\/www.europesays.com\/fi\/wp-json\/wp\/v2\/posts"}],"about":[{"href":"https:\/\/www.europesays.com\/fi\/wp-json\/wp\/v2\/types\/post"}],"author":[{"embeddable":true,"href":"https:\/\/www.europesays.com\/fi\/wp-json\/wp\/v2\/users\/2"}],"replies":[{"embeddable":true,"href":"https:\/\/www.europesays.com\/fi\/wp-json\/wp\/v2\/comments?post=121582"}],"version-history":[{"count":0,"href":"https:\/\/www.europesays.com\/fi\/wp-json\/wp\/v2\/posts\/121582\/revisions"}],"wp:featuredmedia":[{"embeddable":true,"href":"https:\/\/www.europesays.com\/fi\/wp-json\/wp\/v2\/media\/121583"}],"wp:attachment":[{"href":"https:\/\/www.europesays.com\/fi\/wp-json\/wp\/v2\/media?parent=121582"}],"wp:term":[{"taxonomy":"category","embeddable":true,"href":"https:\/\/www.europesays.com\/fi\/wp-json\/wp\/v2\/categories?post=121582"},{"taxonomy":"post_tag","embeddable":true,"href":"https:\/\/www.europesays.com\/fi\/wp-json\/wp\/v2\/tags?post=121582"}],"curies":[{"name":"wp","href":"https:\/\/api.w.org\/{rel}","templated":true}]}}