{"id":121584,"date":"2025-12-20T15:45:14","date_gmt":"2025-12-20T15:45:14","guid":{"rendered":"https:\/\/www.europesays.com\/fi\/121584\/"},"modified":"2025-12-20T15:45:14","modified_gmt":"2025-12-20T15:45:14","slug":"oulussa-sadat-hakivat-ilmaista-jouluruokaa-oululaisaiti-aivan-varmasti-tulee-monelle-tarpeeseen-naina-aikoina-pohjois-pohjanmaa","status":"publish","type":"post","link":"https:\/\/www.europesays.com\/fi\/121584\/","title":{"rendered":"Oulussa sadat hakivat ilmaista jouluruokaa \u2013 oululais\u00e4iti: \u201dAivan varmasti tulee monelle tarpeeseen n\u00e4in\u00e4 aikoina\u201d | Pohjois-Pohjanmaa"},"content":{"rendered":"<p class=\"aw-1gybjub aw-5vja16 kEtdKx kmuxyA yle__article__paragraph\">Oulussa j\u00e4rjestettiin tapahtuma, jossa jaettiin jouluruokaa erityisesti lapsiperheille. J\u00e4rjest\u00e4jist\u00e4 kyse on oululaisesta vastineesta Hurstin joulujuhlalle.<\/p>\n<p><img decoding=\"async\" alt=\"Kassi on ihmisen k\u00e4dess\u00e4 sateisella pihalla.\" src=\"https:\/\/www.europesays.com\/fi\/wp-content\/uploads\/2025\/12\/39-157300469468e7b8fdb8.jpeg\" class=\"aw-1l9m598 hKVVvP\"\/><\/p>\n<p>Avaa kuvien katselu<\/p>\n<p>Tapahtumassa jaettiin jouluruokakasseja ja joulupuuroa. Kuva: Anna Polo \/ Yle<\/p>\n<p class=\"aw-1gybjub aw-1p7kakr kEtdKx cEmitX yle__article__paragraph\">Oulussa j\u00e4rjestettiin lauantaina joulutapahtuma, joka oli tarkoitettu erityisesti v\u00e4h\u00e4varaisille lapsiperheille.<\/p>\n<p class=\"aw-1gybjub aw-1p7kakr kEtdKx cEmitX yle__article__paragraph\">Vuolle-talolla j\u00e4rjestettyyn joulutapahtumaan oli ilmoittautunut ennalta noin 440 osallistujaa. Kaikille tarjottiin puurot, ja jaossa oli 300 ruokakassia, jotka sis\u00e4lsiv\u00e4t jouluruokaa yhteens\u00e4 1500:lle.<\/p>\n<p><img decoding=\"async\" alt=\"Lukuisia punaisia ja harmaita lahjakasseja riviss\u00e4 t\u00e4ynn\u00e4 elintarvikkeita, kaksi ihmist\u00e4 pit\u00e4\u00e4 kasseja k\u00e4siss\u00e4\u00e4n.\" src=\"https:\/\/www.europesays.com\/fi\/wp-content\/uploads\/2025\/12\/39-157300269468e7a3d03c.jpeg\" loading=\"lazy\" class=\"aw-1l9m598 hKVVvP\"\/><\/p>\n<p>Avaa kuvien katselu<\/p>\n<p>Vuolle Setlementin talous- ja kehitt\u00e4misjohtaja Tuija Hypp\u00f6nen ja tapahtumaa j\u00e4rjest\u00e4v\u00e4 Janne Ahonen. Kuva: Anna Polo \/ Yle<\/p>\n<p class=\"aw-1gybjub aw-1p7kakr kEtdKx cEmitX yle__article__paragraph\">Kyse on samasta tapahtumasta, jota on aiemmin j\u00e4rjestetty ulkona Torinrannassa vuodesta 2020 saakka.<\/p>\n<p class=\"aw-1gybjub aw-1p7kakr kEtdKx cEmitX yle__article__paragraph\">Osallistujat olivat saaneet tiedon tapahtumasta p\u00e4\u00e4asiassa sosiaalisen median kautta tai olemalla suoraan yhteydess\u00e4 tapahtumaa j\u00e4rjest\u00e4v\u00e4\u00e4n <strong class=\"aw-ak79eh KyCXm yle__article__strong\">Janne Ahoseen<\/strong>.<\/p>\n<p class=\"aw-1gybjub aw-1p7kakr kEtdKx cEmitX yle__article__paragraph\">Ahonen kertoo, ett\u00e4 yhteydenottoja on tullut lokakuusta saakka.<\/p>\n<p class=\"aw-1gybjub aw-1p7kakr kEtdKx cEmitX yle__article__paragraph\">\u2013 Perheet kertovat luottamuksella omasta tilanteestaan, ja ne viestit ovat koskettavia.<\/p>\n<p class=\"aw-1gybjub aw-1p7kakr kEtdKx cEmitX yle__article__paragraph\">H\u00e4n sanoo, ett\u00e4 tapahtuma on Oulun vastine Helsingiss\u00e4 j\u00e4rjestett\u00e4ville Hurstin joulujuhlille, joissa on jo vuosikymmeni\u00e4 jaettu ruokaa v\u00e4h\u00e4varaisille.<\/p>\n<p><img decoding=\"async\" alt=\"Kaksi tonttulakkip\u00e4ist\u00e4 ihmist\u00e4 nostelee puuroa lautaselle.\" src=\"https:\/\/www.europesays.com\/fi\/wp-content\/uploads\/2025\/12\/39-157300369468e7b1ce54.jpeg\" loading=\"lazy\" class=\"aw-1l9m598 hKVVvP\"\/><\/p>\n<p>Avaa kuvien katselu<\/p>\n<p>Anne Mustakangas-M\u00e4kel\u00e4 ja Maria Lindeman jakoivat joulupuuroa osallistujille. Kuva: Anna Polo \/ YleTarve syvenee jatkuvasti<\/p>\n<p class=\"aw-1gybjub aw-1p7kakr kEtdKx cEmitX yle__article__paragraph\">Tapahtumaan osallistuneet <strong class=\"aw-ak79eh KyCXm yle__article__strong\">Viivi Murtoniemi<\/strong> ja <strong class=\"aw-ak79eh KyCXm yle__article__strong\">Jenny Somero<\/strong> ovat k\u00e4yneet tapahtumassa aiempinakin vuosina. Heille t\u00e4rkeint\u00e4 on viett\u00e4\u00e4 aikaa yst\u00e4vien kanssa, mutta my\u00f6s ruokakassista on iso ilo.<\/p>\n<p class=\"aw-1gybjub aw-1p7kakr kEtdKx cEmitX yle__article__paragraph\">Molemmista t\u00e4llaisilla tapahtumille on suuri kysynt\u00e4 Oulussa.<\/p>\n<p class=\"aw-1gybjub aw-1p7kakr kEtdKx cEmitX yle__article__paragraph\">\u2013 Aivan varmasti t\u00e4m\u00e4 tulee monelle tarpeeseen n\u00e4in\u00e4 aikoina, Murtoniemi sanoo.<\/p>\n<p class=\"aw-1gybjub aw-1p7kakr kEtdKx cEmitX yle__article__paragraph\">Tilastojen mukaan <a class=\"aw-iao6s4 iHOxEa yle__article__link\" href=\"https:\/\/yle.fi\/a\/74-20200085\" role=\"link\" rel=\"nofollow noopener\" target=\"_blank\">pienituloisten m\u00e4\u00e4r\u00e4 Suomessa kasvaa<\/a>. Murtoniemen ja Someron mukaan se n\u00e4kyy yleisesti mutta my\u00f6s heid\u00e4n arjessaan.<\/p>\n<p class=\"aw-1gybjub aw-1p7kakr kEtdKx cEmitX yle__article__paragraph\">Murtoniemi tekee osa-aikaty\u00f6t\u00e4, ja h\u00e4neen vaikuttaa ty\u00f6tt\u00f6myysetuuden suojaosuuden ja lapsikorotusten poisto. Somero taas on opiskelija.<\/p>\n<p class=\"aw-1gybjub aw-1p7kakr kEtdKx cEmitX yle__article__paragraph\">\u2013 Ruuan hinta on noussut paljon, ja sekin vaikuttaa, Somero sanoo.<\/p>\n<p><img decoding=\"async\" alt=\"Ruokakassin sis\u00e4ll\u00e4 n\u00e4kyy muun muassa suklaarasia, riisi\u00e4 ja keittoa.\" src=\"https:\/\/www.europesays.com\/fi\/wp-content\/uploads\/2025\/12\/39-157300769468e7c87fdb.jpeg\" loading=\"lazy\" class=\"aw-1l9m598 hKVVvP\"\/><\/p>\n<p>Avaa kuvien katselu<\/p>\n<p>Ruokakasseja oli 300. Niiss\u00e4 oli jouluruokaa 1500:lle. Kuva: Anna Polo \/ Yle<\/p>\n<p class=\"aw-1gybjub aw-1p7kakr kEtdKx cEmitX yle__article__paragraph\">Oululainen <strong class=\"aw-ak79eh KyCXm yle__article__strong\">Liisa Mertala<\/strong> kertoo, ett\u00e4 tapahtumaan houkutti erityisesti mahdollisuus saada ruokakassi.<\/p>\n<p class=\"aw-1gybjub aw-1p7kakr kEtdKx cEmitX yle__article__paragraph\">H\u00e4nen kanssaan tullut <strong class=\"aw-ak79eh KyCXm yle__article__strong\">Olli Hiltunen<\/strong> sanoo, ett\u00e4 tapahtumassa n\u00e4kee, miten nyky\u00e4\u00e4n kaikenlaiset ihmiset tarvitsevat ruoka-apua.<\/p>\n<p class=\"aw-1gybjub aw-1p7kakr kEtdKx cEmitX yle__article__paragraph\">\u2013 Tarve lis\u00e4\u00e4ntyy ja v\u00e4h\u00e4osaisuus pahenee koko ajan. Nyky\u00e4\u00e4n kaikki tarvitsevat ruokakasseja, nuoret, vanhat ja ty\u00f6ss\u00e4 k\u00e4yv\u00e4tkin, Hiltunen sanoo.<\/p>\n<p><img decoding=\"async\" alt=\"Kaksi ihmist\u00e4 ruokailee, taustalla on joulukuusi.\" src=\"https:\/\/www.europesays.com\/fi\/wp-content\/uploads\/2025\/12\/39-157300669468e7c4e63d.jpeg\" loading=\"lazy\" class=\"aw-1l9m598 hKVVvP\"\/><\/p>\n<p>Avaa kuvien katselu<\/p>\n<p>Olli Hiltunen ja Liisa Mertala ovat osallistuneet tapahtumaan aiemminkin. Kuva: Anna Polo \/ Yle<\/p>\n<p class=\"aw-1gybjub aw-1p7kakr kEtdKx cEmitX yle__article__paragraph\">Varat tapahtumaan tulevat lahjoittajilta, p\u00e4\u00e4asiassa yrityksilt\u00e4. Tapahtumaa j\u00e4rjest\u00e4v\u00e4n Janne Ahosen mukaan tapahtumaa varten saatiin ker\u00e4tty\u00e4 yrityksilt\u00e4 toivottu m\u00e4\u00e4r\u00e4 rahaa.<\/p>\n<p class=\"aw-1gybjub aw-1p7kakr kEtdKx cEmitX yle__article__paragraph\">\u2013 Se kuitenkin n\u00e4kyi t\u00e4n\u00e4 vuonna, ett\u00e4 yrityksill\u00e4kin on tiukempi rahatilanne.<\/p>\n","protected":false},"excerpt":{"rendered":"Oulussa j\u00e4rjestettiin tapahtuma, jossa jaettiin jouluruokaa erityisesti lapsiperheille. J\u00e4rjest\u00e4jist\u00e4 kyse on oululaisesta vastineesta Hurstin joulujuhlalle. Avaa kuvien katselu&hellip;\n","protected":false},"author":2,"featured_media":121585,"comment_status":"","ping_status":"","sticky":false,"template":"","format":"standard","meta":{"footnotes":""},"categories":[12],"tags":[22,23,26,27,33,31,30,17,5856,20931,21881,71,4000,8737,24,25,28,29,15,18,952,21,728,1325,9856,32,19,20,16],"class_list":{"0":"post-121584","1":"post","2":"type-post","3":"status-publish","4":"format-standard","5":"has-post-thumbnail","7":"category-suomi","8":"tag-breaking-news","9":"tag-breakingnews","10":"tag-featured-news","11":"tag-featurednews","12":"tag-fi","13":"tag-finland","14":"tag-finnish","15":"tag-headlines","16":"tag-joulu","17":"tag-jouluruoka","18":"tag-joulutapahtumat","19":"tag-kotimaa","20":"tag-koyhyys","21":"tag-lapsiperheet","22":"tag-latest-news","23":"tag-latestnews","24":"tag-main-news","25":"tag-mainnews","26":"tag-news","27":"tag-otsikot","28":"tag-oulu","29":"tag-paauutiset","30":"tag-pohjois-pohjanmaa","31":"tag-ruoat","32":"tag-ruoka-apu","33":"tag-suomi","34":"tag-top-stories","35":"tag-topstories","36":"tag-uutiset"},"share_on_mastodon":{"url":"https:\/\/pubeurope.com\/@fi\/115752673522848124","error":""},"_links":{"self":[{"href":"https:\/\/www.europesays.com\/fi\/wp-json\/wp\/v2\/posts\/121584","targetHints":{"allow":["GET"]}}],"collection":[{"href":"https:\/\/www.europesays.com\/fi\/wp-json\/wp\/v2\/posts"}],"about":[{"href":"https:\/\/www.europesays.com\/fi\/wp-json\/wp\/v2\/types\/post"}],"author":[{"embeddable":true,"href":"https:\/\/www.europesays.com\/fi\/wp-json\/wp\/v2\/users\/2"}],"replies":[{"embeddable":true,"href":"https:\/\/www.europesays.com\/fi\/wp-json\/wp\/v2\/comments?post=121584"}],"version-history":[{"count":0,"href":"https:\/\/www.europesays.com\/fi\/wp-json\/wp\/v2\/posts\/121584\/revisions"}],"wp:featuredmedia":[{"embeddable":true,"href":"https:\/\/www.europesays.com\/fi\/wp-json\/wp\/v2\/media\/121585"}],"wp:attachment":[{"href":"https:\/\/www.europesays.com\/fi\/wp-json\/wp\/v2\/media?parent=121584"}],"wp:term":[{"taxonomy":"category","embeddable":true,"href":"https:\/\/www.europesays.com\/fi\/wp-json\/wp\/v2\/categories?post=121584"},{"taxonomy":"post_tag","embeddable":true,"href":"https:\/\/www.europesays.com\/fi\/wp-json\/wp\/v2\/tags?post=121584"}],"curies":[{"name":"wp","href":"https:\/\/api.w.org\/{rel}","templated":true}]}}