{"id":121586,"date":"2025-12-20T15:46:07","date_gmt":"2025-12-20T15:46:07","guid":{"rendered":"https:\/\/www.europesays.com\/fi\/121586\/"},"modified":"2025-12-20T15:46:07","modified_gmt":"2025-12-20T15:46:07","slug":"oikeusasiamies-joutui-huomauttamaan-perusasioista-hs-fi","status":"publish","type":"post","link":"https:\/\/www.europesays.com\/fi\/121586\/","title":{"rendered":"Oikeusasiamies joutui huomauttamaan perusasioista | HS.fi"},"content":{"rendered":"<p>P\u00e4\u00e4kirjoitus|Eduskunnan oikeusasiamies arvosteli t\u00e4ll\u00e4 viikolla kolmen viraston toimintaa. Pahimmat moitteet sai Ulkopoliittinen instituutti kes\u00e4n harjoittelijavalinnasta.<\/p>\n<p class=\"article-body mb-nof-24 px-nof-16\">Vuodenvaihteessa teht\u00e4v\u00e4st\u00e4\u00e4n v\u00e4istyv\u00e4 eduskunnan oikeusasiamies Petri J\u00e4\u00e4skel\u00e4inen antoi t\u00e4ll\u00e4 viikolla nipun t\u00e4rkeit\u00e4 p\u00e4\u00e4t\u00f6ksi\u00e4, joissa h\u00e4n arvosteli <a class=\"article-genericlink\" href=\"https:\/\/oikeusasiamies.fi\/-\/oikeusasiamies-arvostelee-ulkopoliittisen-instituutin-menettelya-korkeakouluharjoittelijan-valinnassa\" rel=\"nofollow noopener\" target=\"_blank\">Ulkopoliittisen instituutin<\/a>, <a class=\"article-genericlink\" href=\"https:\/\/oikeusasiamies.fi\/-\/oikeusasiamies-arvostelee-ulkoministeriota-ottawan-suurlahetyston-hairintaasiassa\" rel=\"nofollow noopener\" target=\"_blank\">ulkoministeri\u00f6n ja entisen yhdenvertaisuusvaltuutetun<\/a> toimintaa. Ratkaisut olivat hyvin kirjoitettua laillisuusvalvontaa, joten muissakin virastoissa kannattaa tutustua niihin.<\/p>\n<p class=\"article-body mb-nof-24 px-nof-16\">Kovimmat moitteet sai Ulkopoliittinen instituutti, jolle oikeusasiamies antoi huomautuksen korkeakouluharjoittelijan valinnasta ja siihen liittyneen kriisiviestinn\u00e4n hankintatavasta. Kyse oli kes\u00e4harjoittelupaikasta, johon instituutti valitsi viime kev\u00e4\u00e4n\u00e4 tasavallan presidentin Alexander Stubbin pojan. Tapaus nousi yhdeksi viime kes\u00e4n isoista uutisista, kun valintaprosessista paljastuneet ep\u00e4selvyydet viittasivat presidentin pojan suosimiseen.<\/p>\n<p class=\"article-body mb-nof-24 px-nof-16\">Nyt oikeusasiamies siis totesi virallisesti, ettei hakijoita kohdeltu tasapuolisesti. Hakuilmoituksia oli lopulta kaksi erisis\u00e4lt\u00f6ist\u00e4, henkil\u00f6vastaavan viesteiss\u00e4 eri hakijoille oli selvi\u00e4 sis\u00e4ll\u00f6llisi\u00e4 eroja, eik\u00e4 hakuilmoituksessa asetettuja edellytyksi\u00e4 sovellettu yhdenmukaisesti. Hakijoille, my\u00f6s valitulle, t\u00e4m\u00e4 n\u00e4ytt\u00e4\u00e4 selvinneen vasta j\u00e4lkik\u00e4teen.<\/p>\n<p class=\"article-body mb-nof-24 px-nof-16\">Ulkoministeri\u00f6 ja yhdenvertaisuusvaltuutettu taas saivat sapiskaa asianajajien ja muiden ulkopuolisten lakimiesten k\u00e4ytt\u00e4misest\u00e4 julkishallintoon kuuluvissa teht\u00e4viss\u00e4 eli k\u00e4yt\u00e4nn\u00f6ss\u00e4 omien t\u00f6idens\u00e4 teett\u00e4misest\u00e4 muilla. Tunnetuin tapaus liittyi silloisen Ottawan-l\u00e4hettil\u00e4\u00e4n h\u00e4irint\u00e4asian selvittelyyn. Ulkopuolisten lakimiesten k\u00e4ytt\u00f6 maksaa, mutta oikeusasiamies huomautti my\u00f6s oikeusturvaongelmasta. Ulkoistettujen teht\u00e4vien hoitajat voivat j\u00e4\u00e4d\u00e4 oikeusasiamiehen valvonnan ulkopuolelle, toisin kuin virkavastuulla toimivat virkamiehet.<\/p>\n<p class=\"article-body mb-nof-24 px-nof-16\">Oikeusasiamies joutui siis kiinnitt\u00e4m\u00e4\u00e4n huomioita perusasioihin. Se oli selv\u00e4sti tarpeen erityisesti Ulkopoliittisessa instituutissa: l\u00e4hesk\u00e4\u00e4n kaikki sen ty\u00f6ntekij\u00e4t eiv\u00e4t n\u00e4k\u00f6j\u00e4\u00e4n ole ymm\u00e4rt\u00e4neet ty\u00f6skentelev\u00e4ns\u00e4 virastossa. On helppo ymm\u00e4rt\u00e4\u00e4, miksi oikeusasiamies kehottaa instituuttia kiinnitt\u00e4m\u00e4\u00e4n vakavaa huomiota hallintonsa kehitt\u00e4miseen.<\/p>\n","protected":false},"excerpt":{"rendered":"P\u00e4\u00e4kirjoitus|Eduskunnan oikeusasiamies arvosteli t\u00e4ll\u00e4 viikolla kolmen viraston toimintaa. Pahimmat moitteet sai Ulkopoliittinen instituutti kes\u00e4n harjoittelijavalinnasta. Vuodenvaihteessa teht\u00e4v\u00e4st\u00e4\u00e4n v\u00e4istyv\u00e4&hellip;\n","protected":false},"author":2,"featured_media":80827,"comment_status":"","ping_status":"","sticky":false,"template":"","format":"standard","meta":{"footnotes":""},"categories":[5],"tags":[22,23,26,27,33,31,30,17,46,24,25,28,29,15,18,21,32,19,20,16],"class_list":{"0":"post-121586","1":"post","2":"type-post","3":"status-publish","4":"format-standard","5":"has-post-thumbnail","7":"category-otsikot","8":"tag-breaking-news","9":"tag-breakingnews","10":"tag-featured-news","11":"tag-featurednews","12":"tag-fi","13":"tag-finland","14":"tag-finnish","15":"tag-headlines","16":"tag-helsingin-sanomat","17":"tag-latest-news","18":"tag-latestnews","19":"tag-main-news","20":"tag-mainnews","21":"tag-news","22":"tag-otsikot","23":"tag-paauutiset","24":"tag-suomi","25":"tag-top-stories","26":"tag-topstories","27":"tag-uutiset"},"share_on_mastodon":{"url":"https:\/\/pubeurope.com\/@fi\/115752677115402323","error":""},"_links":{"self":[{"href":"https:\/\/www.europesays.com\/fi\/wp-json\/wp\/v2\/posts\/121586","targetHints":{"allow":["GET"]}}],"collection":[{"href":"https:\/\/www.europesays.com\/fi\/wp-json\/wp\/v2\/posts"}],"about":[{"href":"https:\/\/www.europesays.com\/fi\/wp-json\/wp\/v2\/types\/post"}],"author":[{"embeddable":true,"href":"https:\/\/www.europesays.com\/fi\/wp-json\/wp\/v2\/users\/2"}],"replies":[{"embeddable":true,"href":"https:\/\/www.europesays.com\/fi\/wp-json\/wp\/v2\/comments?post=121586"}],"version-history":[{"count":0,"href":"https:\/\/www.europesays.com\/fi\/wp-json\/wp\/v2\/posts\/121586\/revisions"}],"wp:featuredmedia":[{"embeddable":true,"href":"https:\/\/www.europesays.com\/fi\/wp-json\/wp\/v2\/media\/80827"}],"wp:attachment":[{"href":"https:\/\/www.europesays.com\/fi\/wp-json\/wp\/v2\/media?parent=121586"}],"wp:term":[{"taxonomy":"category","embeddable":true,"href":"https:\/\/www.europesays.com\/fi\/wp-json\/wp\/v2\/categories?post=121586"},{"taxonomy":"post_tag","embeddable":true,"href":"https:\/\/www.europesays.com\/fi\/wp-json\/wp\/v2\/tags?post=121586"}],"curies":[{"name":"wp","href":"https:\/\/api.w.org\/{rel}","templated":true}]}}