{"id":121593,"date":"2025-12-20T16:09:13","date_gmt":"2025-12-20T16:09:13","guid":{"rendered":"https:\/\/www.europesays.com\/fi\/121593\/"},"modified":"2025-12-20T16:09:13","modified_gmt":"2025-12-20T16:09:13","slug":"noormarkun-yhtenaiskoulun-oppilaat-saivat-hopeaa-valtakunnallisessa-tiedekisassa","status":"publish","type":"post","link":"https:\/\/www.europesays.com\/fi\/121593\/","title":{"rendered":"Noormarkun yhten\u00e4iskoulun oppilaat saivat hopeaa valtakunnallisessa tiedekisassa"},"content":{"rendered":"<p>Porilaisnuoret menestyiv\u00e4t mainiosti luonnontieteisiin keskittyv\u00e4n oppimisohjelman finaalissa.<\/p>\n<p class=\"article-body mb-nof-24 px-nof-16\">Pori<\/p>\n<p class=\"article-body mb-nof-24 px-nof-16\">Noormarkun yhten\u00e4iskoulun joukkue tuli toiseksi valtakunnallisessa kilpailussa, jossa etsittiin kekseli\u00e4it\u00e4 nuorten kehitt\u00e4mi\u00e4 innovaatioita. Samsungin ja Tiedekoulun j\u00e4rjest\u00e4m\u00e4n Solve for Tomorrow -oppimisohjelman finaali j\u00e4rjestettiin Espoossa 16. joulukuuta.<\/p>\n","protected":false},"excerpt":{"rendered":"Porilaisnuoret menestyiv\u00e4t mainiosti luonnontieteisiin keskittyv\u00e4n oppimisohjelman finaalissa. Pori Noormarkun yhten\u00e4iskoulun joukkue tuli toiseksi valtakunnallisessa kilpailussa, jossa etsittiin kekseli\u00e4it\u00e4&hellip;\n","protected":false},"author":2,"featured_media":121594,"comment_status":"","ping_status":"","sticky":false,"template":"","format":"standard","meta":{"footnotes":""},"categories":[76],"tags":[79,77,33,31,30,80,32,78],"class_list":{"0":"post-121593","1":"post","2":"type-post","3":"status-publish","4":"format-standard","5":"has-post-thumbnail","7":"category-talous","8":"tag-business","9":"tag-economy","10":"tag-fi","11":"tag-finland","12":"tag-finnish","13":"tag-satakunnan-kansa","14":"tag-suomi","15":"tag-talous"},"share_on_mastodon":{"url":"https:\/\/pubeurope.com\/@fi\/115752768037595607","error":""},"_links":{"self":[{"href":"https:\/\/www.europesays.com\/fi\/wp-json\/wp\/v2\/posts\/121593","targetHints":{"allow":["GET"]}}],"collection":[{"href":"https:\/\/www.europesays.com\/fi\/wp-json\/wp\/v2\/posts"}],"about":[{"href":"https:\/\/www.europesays.com\/fi\/wp-json\/wp\/v2\/types\/post"}],"author":[{"embeddable":true,"href":"https:\/\/www.europesays.com\/fi\/wp-json\/wp\/v2\/users\/2"}],"replies":[{"embeddable":true,"href":"https:\/\/www.europesays.com\/fi\/wp-json\/wp\/v2\/comments?post=121593"}],"version-history":[{"count":0,"href":"https:\/\/www.europesays.com\/fi\/wp-json\/wp\/v2\/posts\/121593\/revisions"}],"wp:featuredmedia":[{"embeddable":true,"href":"https:\/\/www.europesays.com\/fi\/wp-json\/wp\/v2\/media\/121594"}],"wp:attachment":[{"href":"https:\/\/www.europesays.com\/fi\/wp-json\/wp\/v2\/media?parent=121593"}],"wp:term":[{"taxonomy":"category","embeddable":true,"href":"https:\/\/www.europesays.com\/fi\/wp-json\/wp\/v2\/categories?post=121593"},{"taxonomy":"post_tag","embeddable":true,"href":"https:\/\/www.europesays.com\/fi\/wp-json\/wp\/v2\/tags?post=121593"}],"curies":[{"name":"wp","href":"https:\/\/api.w.org\/{rel}","templated":true}]}}