{"id":121599,"date":"2025-12-20T16:12:13","date_gmt":"2025-12-20T16:12:13","guid":{"rendered":"https:\/\/www.europesays.com\/fi\/121599\/"},"modified":"2025-12-20T16:12:13","modified_gmt":"2025-12-20T16:12:13","slug":"aarni-mikkolan-hampaat-katkesivat-ilta-sanomat","status":"publish","type":"post","link":"https:\/\/www.europesays.com\/fi\/121599\/","title":{"rendered":"Aarni Mikkolan hampaat katkesivat &#8211; Ilta-Sanomat"},"content":{"rendered":"<p>Mikkola kertoo somep\u00e4ivityksess\u00e4\u00e4n, miten tilanne lopulta korjattiin.<\/p>\n<p class=\"article-body mb-nof-24 px-nof-16\">Meikkitaiteilija ja drag-artisti <a class=\"article-personlink\" href=\"https:\/\/www.is.fi\/haku\/?query=Aarni%20Mikkola\" rel=\"nofollow noopener\" target=\"_blank\">Aarni Mikkola<\/a> koki kovia, kun h\u00e4n yritti avata rasvapurkkia hampaillaan.<\/p>\n<p class=\"article-body mb-nof-24 px-nof-16\">T\u00e4m\u00e4n seurauksena Mikkolan hampaat katkesivat. Kaikki tapahtui, kun h\u00e4n oli meikkaamassa asiakastaan.<\/p>\n<p class=\"article-body mb-nof-24 px-nof-16\">\u2013 Aloin asiakkaan edess\u00e4 avata kosteusvoidepurkkia hampaillani. \u201dKr\u00e4ks\u201d vain kuului ja kaksi etuhampaan kruunua pirstoutui nelj\u00e4\u00e4n osaan, Mikkola kertoo Ilta-Sanomille.<\/p>\n<p class=\"article-body mb-nof-24 px-nof-16\">H\u00e4n sanoo, ett\u00e4 joutui niin sanotusti kasaamaan itse\u00e4\u00e4n hetken, jotta sai ty\u00f6ns\u00e4 tehty\u00e4 loppuun.<\/p>\n<p class=\"article-body mb-nof-24 px-nof-16\">\u2013 Onneksi asiakkaat olivat hyvin ymm\u00e4rt\u00e4v\u00e4isi\u00e4 ja ihania, Mikkola kiittelee.<\/p>\n<p class=\"article-body mb-nof-24 px-nof-16\">Mikkola kertoo asiasta my\u00f6s <a class=\"article-genericlink\" href=\"https:\/\/www.instagram.com\/p\/DSfKTmTggfk\/?img_index=1\" rel=\"nofollow noopener\" target=\"_blank\">Instagramissa<\/a>. P\u00e4ivityksess\u00e4\u00e4n h\u00e4n kuvailee tapahtuneen olleen \u201dhorror case\u201d eli kauhutapaus.<\/p>\n<p class=\"article-body mb-nof-24 px-nof-16\">\u2013 Ja viel\u00e4 n\u00e4in joulun alla!<\/p>\n<p class=\"article-body mb-nof-24 px-nof-16\">Julkaisun yhteydess\u00e4 on kuva, jossa Mikkola hymyilee katkenneilla hampailla. Toisesta etuhampaasta n\u00e4ytt\u00e4\u00e4 l\u00e4hteneen suuri pala irti.<\/p>\n<p><img decoding=\"async\" src=\"https:\/\/www.europesays.com\/fi\/wp-content\/uploads\/2025\/12\/1766247133_278_468.jpg\" alt=\"Aarni Mikkola poseerasi Tanssii t\u00e4htien kanssa -studiolla lokakuussa.\" class=\"_Img_1rerz_1\" style=\"aspect-ratio:1.5\" loading=\"eager\"\/><\/p>\n<p class=\"article-picture-caption\">Aarni Mikkola poseerasi Tanssii t\u00e4htien kanssa -studiolla lokakuussa. Kuva:\u00a0Aleksi Jalava \/ IS<\/p>\n<p class=\"article-body mb-nof-24 px-nof-16\">Tilanteesta seurasi h\u00e4nelle pieni paniikki. Mikkola ei meinannut heti saada aikaa hammasl\u00e4\u00e4k\u00e4riin.<\/p>\n<p class=\"article-body mb-nof-24 px-nof-16\">\u2013 T\u00e4llaisia ei hoideta p\u00e4ivystyksellisesti. Siell\u00e4 ei hoideta laminaatteja tai kruunuja ollenkaan.<\/p>\n<p class=\"article-body mb-nof-24 px-nof-16\">Lopulta Mikkola sai varattua hammasl\u00e4\u00e4k\u00e4riajan yksityiselle klinikalle lauantaiaamuna. Vastaanotolla h\u00e4nelle laitettiin v\u00e4liaikaiset muovipaikat. Mikkola on hyvin tyytyv\u00e4inen siihen, ett\u00e4 tilanne korjaantui.<\/p>\n<p class=\"article-body mb-nof-24 px-nof-16\">Vuoden alussa h\u00e4nelle asennetaan uudet hammaslaminaatit hajonneiden hammaskruunujen tilalle.<\/p>\n<p class=\"article-body mb-nof-24 px-nof-16\">Hammaskruunu on hampaan n\u00e4kyv\u00e4 osa.<\/p>\n<p class=\"article-body mb-nof-24 px-nof-16\"><a class=\"article-genericlink\" href=\"https:\/\/www.hammaslaakariliitto.fi\/fi\/suun-hoitotoimenpiteet\/hammasproteesit-kruunut-sillat-ja-laminaatit\" rel=\"nofollow noopener\" target=\"_blank\">Hammasl\u00e4\u00e4k\u00e4riliiton<\/a> mukaan hampaita voidaan korjata kruunutus- ja laminaattihoidoilla.<\/p>\n<p class=\"article-body mb-nof-24 px-nof-16\">Laminaatit kiinnitet\u00e4\u00e4n etuhampaiden ulkopinnalle. Ne ovat yleens\u00e4 keraamisia kuoria, jotka kiinnitet\u00e4\u00e4n paikoilleen muovisementill\u00e4.<\/p>\n<p class=\"article-body mb-nof-24 px-nof-16\">Ep\u00e4onnisen tapahtuman takana on se, ett\u00e4 Mikkolan hampaat ovat aiemminkin kokeneet kovia. H\u00e4n kertoo kaatuneensa ala-asteella maahan niin, ett\u00e4 h\u00e4nen nelj\u00e4 etuhammastaan katkesivat puoliksi.<\/p>\n<p class=\"article-body mb-nof-24 px-nof-16\">\u2013 Niihin laitettiin muovipaikat, jotka putosivat usein. Tuossa kahdeksan vuotta sitten p\u00e4\u00e4tin panostaa hammasterveyteeni ja teet\u00e4tin laminaattikruunut hampaisiini. Se oli iso ja mittava operaatio, mutta sen arvoinen.<\/p>\n<p class=\"article-body mb-nof-24 px-nof-16\">Mikkolan mukaan laminaatit pysyv\u00e4t hyv\u00e4n\u00e4 juuri noin kahdeksan vuotta, joten niiden vaihtaminen olisi joka tapauksessa tullut pian ajankohtaiseksi.<\/p>\n<p><script async src=\"\/\/www.instagram.com\/embed.js\"><\/script><\/p>\n","protected":false},"excerpt":{"rendered":"Mikkola kertoo somep\u00e4ivityksess\u00e4\u00e4n, miten tilanne lopulta korjattiin. Meikkitaiteilija ja drag-artisti Aarni Mikkola koki kovia, kun h\u00e4n yritti avata&hellip;\n","protected":false},"author":2,"featured_media":121600,"comment_status":"","ping_status":"","sticky":false,"template":"","format":"standard","meta":{"footnotes":""},"categories":[5],"tags":[22,23,26,27,33,31,30,17,34,24,25,28,29,15,18,21,32,19,20,16],"class_list":{"0":"post-121599","1":"post","2":"type-post","3":"status-publish","4":"format-standard","5":"has-post-thumbnail","7":"category-otsikot","8":"tag-breaking-news","9":"tag-breakingnews","10":"tag-featured-news","11":"tag-featurednews","12":"tag-fi","13":"tag-finland","14":"tag-finnish","15":"tag-headlines","16":"tag-ilta-sanomat","17":"tag-latest-news","18":"tag-latestnews","19":"tag-main-news","20":"tag-mainnews","21":"tag-news","22":"tag-otsikot","23":"tag-paauutiset","24":"tag-suomi","25":"tag-top-stories","26":"tag-topstories","27":"tag-uutiset"},"share_on_mastodon":{"url":"https:\/\/pubeurope.com\/@fi\/115752779561853965","error":""},"_links":{"self":[{"href":"https:\/\/www.europesays.com\/fi\/wp-json\/wp\/v2\/posts\/121599","targetHints":{"allow":["GET"]}}],"collection":[{"href":"https:\/\/www.europesays.com\/fi\/wp-json\/wp\/v2\/posts"}],"about":[{"href":"https:\/\/www.europesays.com\/fi\/wp-json\/wp\/v2\/types\/post"}],"author":[{"embeddable":true,"href":"https:\/\/www.europesays.com\/fi\/wp-json\/wp\/v2\/users\/2"}],"replies":[{"embeddable":true,"href":"https:\/\/www.europesays.com\/fi\/wp-json\/wp\/v2\/comments?post=121599"}],"version-history":[{"count":0,"href":"https:\/\/www.europesays.com\/fi\/wp-json\/wp\/v2\/posts\/121599\/revisions"}],"wp:featuredmedia":[{"embeddable":true,"href":"https:\/\/www.europesays.com\/fi\/wp-json\/wp\/v2\/media\/121600"}],"wp:attachment":[{"href":"https:\/\/www.europesays.com\/fi\/wp-json\/wp\/v2\/media?parent=121599"}],"wp:term":[{"taxonomy":"category","embeddable":true,"href":"https:\/\/www.europesays.com\/fi\/wp-json\/wp\/v2\/categories?post=121599"},{"taxonomy":"post_tag","embeddable":true,"href":"https:\/\/www.europesays.com\/fi\/wp-json\/wp\/v2\/tags?post=121599"}],"curies":[{"name":"wp","href":"https:\/\/api.w.org\/{rel}","templated":true}]}}