{"id":121609,"date":"2025-12-20T16:35:22","date_gmt":"2025-12-20T16:35:22","guid":{"rendered":"https:\/\/www.europesays.com\/fi\/121609\/"},"modified":"2025-12-20T16:35:22","modified_gmt":"2025-12-20T16:35:22","slug":"mielipide-hameenkyron-jumesniemen-juhan-uudisasukkaalta-tuulesta-temmattu","status":"publish","type":"post","link":"https:\/\/www.europesays.com\/fi\/121609\/","title":{"rendered":"Mielipide H\u00e4meenkyr\u00f6n Jumesniemen Juhan uudisasukkaalta: Tuulesta temmattu"},"content":{"rendered":"<p>Timin Sanomat sai oheisen kirjoituksen viestin\u00e4 ja pyynt\u00f6 oli sen julkaisemiseksi. H\u00e4meenkyr\u00f6n Jumesniemen uudisasukas Juha mielipidess\u00e4\u00e4n puntaroi tuulivoiman vaikutuksia alueelle.<\/p>\n<p>Oheisena kirjoituksen sis\u00e4lt\u00f6 kopiona: <\/p>\n<p>Ikaalislaisten ja H\u00e4meenkyr\u00f6l\u00e4isten yst\u00e4v\u00e4 t\u00e4ss\u00e4 moi. H\u00e4meenkyr\u00f6n Jumesniemest\u00e4 ns. Uudis asukas vuodesta 2011.<\/p>\n<p>Olen katsellut n\u00e4it\u00e4 keskustelun tuloksia ja mihin suuntaan t\u00e4t\u00e4 kehityst\u00e4 vied\u00e4\u00e4n tuulimyllyjen kanssa.<\/p>\n<p>Noissa paperitehtaissa ja muissa isoissa kemianteollisuuden tehtaissa olen ollut s\u00e4hk\u00f6urakoissa ja kansainv\u00e4lisestikin merkitt\u00e4viss\u00e4 muutost\u00f6iss\u00e4. Jo 20 vuotta sitten, kehitettiin sellaisia ratkaisuja, jotta kaikesta j\u00e4t\u00f6ksest\u00e4 ja ylituotannosta kehitettiin s\u00e4hk\u00f6\u00e4 ja l\u00e4mp\u00f6\u00e4 tuottavia j\u00e4rjestelmi\u00e4, koska kantalinjat jo silloin paukkuivat liitoksistaan. Eik\u00e4 niille ole edelleenk\u00e4\u00e4n tehty mullistavia muutoksia ja parannuksia.<\/p>\n<p>Hyv\u00e4 esimerkki on tuon uuden ydinvoimalan rajoitukset. Jos se laitos tuottaisi koko kapasiteetill\u00e4\u00e4n s\u00e4hk\u00f6\u00e4, niin sen s\u00e4hk\u00f6n siirt\u00e4misesss\u00e4 meid\u00e4n kantalinjat jys\u00e4htelisv\u00e4t ja sulaisivat. Siihen viel\u00e4 \u00e4nget\u00e4\u00e4n aurinko- ja tuulivoimaloiden tuotanto, niin naapurin Puuttinillakin on hauskaa, kun Suomi tuhoaa itse\u00e4\u00e4n omalla \u201dvihreydell\u00e4\u00e4n\u201d.<br \/>Eli teollisuuden oli\/on edelleen kehitett\u00e4v\u00e4 itse s\u00e4hk\u00f6ns\u00e4 ja omilla tuotannoillaan.<\/p>\n<p>Olen my\u00f6s n\u00e4hnyt ns. Ep\u00e4virallisesti p\u00e4iv\u00e4k\u00f6htaiaia taulukoita, joissa verrataan s\u00e4hk\u00f6ntuotantoa eri muodoilla. Tuulivoimalat ovat aina olleet viimeisen\u00e4, koska olosuhteet ovat niille kaikkein herkimm\u00e4t ja niiden huollot ovat ihan j\u00e4rjett\u00f6m\u00e4n kalliita ja yll\u00e4pitokustannukset isoja.<\/p>\n<p>Millonhan is\u00e4nn\u00e4t her\u00e4\u00e4v\u00e4t ja laskevat pitk\u00e4n ajan menetyksi\u00e4 sill\u00e4, ett\u00e4 ensinn\u00e4kin mets\u00e4\u00e4 kaadetaan ihan j\u00e4rkytt\u00e4v\u00e4sti yhden myllyn takia ja sitten, kun se paska on k\u00e4ynniss\u00e4 ja aiheuttaa maaper\u00e4\u00e4n t\u00e4rin\u00e4\u00e4, niin se on todistettu, ett\u00e4 puiden ja maaper\u00e4n yll\u00e4pitoon tarvittavat pieneli\u00f6t katoavat yhden neli\u00f6kilometrin alueelta ja sitten, kun niit\u00e4 huijari torneja tulee isom\u00e4\u00e4r\u00e4, niin ennallistaminen ei ole mahdollista kymmeniin vuosiin ja maanomistajan perilliset kiitt\u00e4v\u00e4t esi-isien idiootti p\u00e4\u00e4t\u00f6ksi\u00e4 hetkellisen ahneuden aiheuttamana. Silloin j\u00e4lkeen j\u00e4\u00e4neet valittavat, kun maanarvo on ollessa nolla.<\/p>\n<p>T\u00e4m\u00e4 vaan ajatuksenani meille kaikille ja niille, jotka haluavat v\u00e4kisin tuhota luontoamme seuraten vihreystrendi\u00e4 t\u00e4ll\u00e4 tapaa. On niit\u00e4 muitakin keinoja p\u00e4\u00e4st\u00f6j\u00e4 s\u00e4\u00e4dell\u00e4, kuin ensin tuhota Suomen voimavaraa eli luontoa. T\u00e4m\u00e4h\u00e4n on lyhyt n\u00e4k\u00f6ist\u00e4 seteliselk\u00e4rankaista toimintaa. Joillakin tahoilla, kun tuo nopea voitto on t\u00e4rke\u00e4mpi, kuin pitk\u00e4n aikav\u00e4lin ajatusmalli. N\u00e4keeh\u00e4n sen nyt miss\u00e4 Suomi makaa, kun kaikki koskiosuudet ja muut luonnon mahdollisuudet on pumpattu ja pumpataan ulos sellaisille ulkomaalaisille tahoille, jotka viis veisaavat luontoarvoistamme. <\/p>\n<p>P\u00f6rssiyhti\u00f6n omistajat kun haluavat vain isoja voittoja. T\u00e4m\u00e4 p\u00e4\u00e4st\u00e4kauppapolitiikka on sokeuttanut p\u00e4\u00e4tt\u00e4ji\u00e4 niin yksityisen ihmisen tasolla aina korkeimpiin virkamiehiin asti.<br \/>Siell\u00e4 kuntien hallituksissa on niin maasutettuja p\u00e4\u00e4tt\u00e4ji\u00e4, ett\u00e4 oksat pois. T\u00e4m\u00e4 trendi taitaa olla tullut j\u00e4\u00e4d\u00e4kseen.<\/p>\n<p>Pielisen Karjalan kansallismaisemaan on my\u00f6s kaavailtu uutta voimalapuistoa. Lieksan Vuonislahdesta katsottuna l\u00e4hemm\u00e4ksi rajaa.<br \/>Ei n\u00e4iss\u00e4 ole mit\u00e4\u00e4n j\u00e4rke\u00e4.<\/p>\n<p>Oheisen kirjoitti nimimerkki Juha Jumesniemelt\u00e4<\/p>\n<p><img loading=\"lazy\" decoding=\"async\" data-attachment-id=\"179252\" data-permalink=\"https:\/\/timinsanomat.wordpress.com\/wp-17616265450778781371585119779860\/\" data-orig-file=\"https:\/\/timinsanomat.wordpress.com\/wp-content\/uploads\/2025\/10\/wp-17616265450778781371585119779860.jpg\" data-orig-size=\"2000,1240\" data-comments-opened=\"1\" data-image-meta=\"{&quot;aperture&quot;:&quot;1.7&quot;,&quot;credit&quot;:&quot;&quot;,&quot;camera&quot;:&quot;SM-A405FN&quot;,&quot;caption&quot;:&quot;&quot;,&quot;created_timestamp&quot;:&quot;1686689353&quot;,&quot;copyright&quot;:&quot;&quot;,&quot;focal_length&quot;:&quot;3.92&quot;,&quot;iso&quot;:&quot;40&quot;,&quot;shutter_speed&quot;:&quot;0.0010152284263959&quot;,&quot;title&quot;:&quot;&quot;,&quot;orientation&quot;:&quot;1&quot;}\" data-image-title=\"wp-17616265450778781371585119779860\" data-image-description=\"\" data-image-caption=\"\" data-medium-file=\"https:\/\/timinsanomat.wordpress.com\/wp-content\/uploads\/2025\/10\/wp-17616265450778781371585119779860.jpg?w=300\" data-large-file=\"https:\/\/www.europesays.com\/fi\/wp-content\/uploads\/2025\/12\/wp-17616265450778781371585119779860.jpg\" width=\"616\" height=\"381\" src=\"https:\/\/www.europesays.com\/fi\/wp-content\/uploads\/2025\/12\/wp-17616265450778781371585119779860.jpg\" alt=\"\" class=\"wp-image-179252\"  \/><\/p>\n<p>Tuulivoimaloita Karviassa | KUVA: ERKKI KOVALAINEN<\/p>\n<p><img loading=\"lazy\" decoding=\"async\" data-attachment-id=\"181364\" data-permalink=\"https:\/\/timinsanomat.wordpress.com\/wp-17629591986341833312292200131587\/\" data-orig-file=\"https:\/\/timinsanomat.wordpress.com\/wp-content\/uploads\/2025\/11\/wp-17629591986341833312292200131587.jpg\" data-orig-size=\"1246,260\" data-comments-opened=\"1\" data-image-meta=\"{&quot;aperture&quot;:&quot;0&quot;,&quot;credit&quot;:&quot;&quot;,&quot;camera&quot;:&quot;&quot;,&quot;caption&quot;:&quot;&quot;,&quot;created_timestamp&quot;:&quot;0&quot;,&quot;copyright&quot;:&quot;&quot;,&quot;focal_length&quot;:&quot;0&quot;,&quot;iso&quot;:&quot;0&quot;,&quot;shutter_speed&quot;:&quot;0&quot;,&quot;title&quot;:&quot;&quot;,&quot;orientation&quot;:&quot;1&quot;}\" data-image-title=\"wp-17629591986341833312292200131587\" data-image-description=\"\" data-image-caption=\"\" data-medium-file=\"https:\/\/timinsanomat.wordpress.com\/wp-content\/uploads\/2025\/11\/wp-17629591986341833312292200131587.jpg?w=300\" data-large-file=\"https:\/\/www.europesays.com\/fi\/wp-content\/uploads\/2025\/11\/wp-17629591986341833312292200131587.jpg\" width=\"616\" height=\"128\" src=\"https:\/\/www.europesays.com\/fi\/wp-content\/uploads\/2025\/11\/wp-17629591986341833312292200131587.jpg\" alt=\"\" class=\"wp-image-181364\"  \/><\/p>\n<p>H\u00e4meenkyr\u00f6n ja l\u00e4hikuntien puolueista riippumaton vapaasti luettavissa oleva verkkomedia<\/p>\n<p><strong>Erkki Kovalainen<\/strong> H\u00e4meenkyr\u00f6<\/p>\n","protected":false},"excerpt":{"rendered":"Timin Sanomat sai oheisen kirjoituksen viestin\u00e4 ja pyynt\u00f6 oli sen julkaisemiseksi. H\u00e4meenkyr\u00f6n Jumesniemen uudisasukas Juha mielipidess\u00e4\u00e4n puntaroi tuulivoiman&hellip;\n","protected":false},"author":2,"featured_media":121610,"comment_status":"","ping_status":"","sticky":false,"template":"","format":"standard","meta":{"footnotes":""},"categories":[76],"tags":[79,77,33,31,30,32,78],"class_list":{"0":"post-121609","1":"post","2":"type-post","3":"status-publish","4":"format-standard","5":"has-post-thumbnail","7":"category-talous","8":"tag-business","9":"tag-economy","10":"tag-fi","11":"tag-finland","12":"tag-finnish","13":"tag-suomi","14":"tag-talous"},"share_on_mastodon":{"url":"https:\/\/pubeurope.com\/@fi\/115752870359950235","error":""},"_links":{"self":[{"href":"https:\/\/www.europesays.com\/fi\/wp-json\/wp\/v2\/posts\/121609","targetHints":{"allow":["GET"]}}],"collection":[{"href":"https:\/\/www.europesays.com\/fi\/wp-json\/wp\/v2\/posts"}],"about":[{"href":"https:\/\/www.europesays.com\/fi\/wp-json\/wp\/v2\/types\/post"}],"author":[{"embeddable":true,"href":"https:\/\/www.europesays.com\/fi\/wp-json\/wp\/v2\/users\/2"}],"replies":[{"embeddable":true,"href":"https:\/\/www.europesays.com\/fi\/wp-json\/wp\/v2\/comments?post=121609"}],"version-history":[{"count":0,"href":"https:\/\/www.europesays.com\/fi\/wp-json\/wp\/v2\/posts\/121609\/revisions"}],"wp:featuredmedia":[{"embeddable":true,"href":"https:\/\/www.europesays.com\/fi\/wp-json\/wp\/v2\/media\/121610"}],"wp:attachment":[{"href":"https:\/\/www.europesays.com\/fi\/wp-json\/wp\/v2\/media?parent=121609"}],"wp:term":[{"taxonomy":"category","embeddable":true,"href":"https:\/\/www.europesays.com\/fi\/wp-json\/wp\/v2\/categories?post=121609"},{"taxonomy":"post_tag","embeddable":true,"href":"https:\/\/www.europesays.com\/fi\/wp-json\/wp\/v2\/tags?post=121609"}],"curies":[{"name":"wp","href":"https:\/\/api.w.org\/{rel}","templated":true}]}}