{"id":121611,"date":"2025-12-20T16:36:08","date_gmt":"2025-12-20T16:36:08","guid":{"rendered":"https:\/\/www.europesays.com\/fi\/121611\/"},"modified":"2025-12-20T16:36:08","modified_gmt":"2025-12-20T16:36:08","slug":"isabel-tobella-80-hoitaa-lapsenlapsiaan-noin-20-tuntia-viikossa-en-osaisi-kuvitella-toisin","status":"publish","type":"post","link":"https:\/\/www.europesays.com\/fi\/121611\/","title":{"rendered":"Isabel Tobella, 80, hoitaa lapsenlapsiaan noin 20 tuntia viikossa: \u201dEn osaisi kuvitella toisin\u201d"},"content":{"rendered":"<p>HS Espanjassa|Lastenlasten hoidosta on l\u00e4hes mahdotonta kielt\u00e4yty\u00e4, mink\u00e4 takia Espanjassa puhutaan jopa iso\u00e4itien orjuussyndroomasta.<\/p>\n<p class=\"article-body mb-nof-24 px-nof-16\">Sant Pol de Mar<\/p>\n<p class=\"article-body mb-nof-24 px-nof-16\">Tiistaisiin <a class=\"article-personlink\" href=\"https:\/\/www.hs.fi\/haku\/?query=Isabel%20Tobellan\" rel=\"nofollow noopener\" target=\"_blank\">Isabel Tobellan<\/a>, 80, ja <a class=\"article-personlink\" href=\"https:\/\/www.hs.fi\/haku\/?query=Benet%20Roigin\" rel=\"nofollow noopener\" target=\"_blank\">Benet Roigin<\/a>, 78, aikataulu on tiukka.<\/p>\n<p class=\"article-body mb-nof-24 px-nof-16\">Aamulla seitsem\u00e4n aikoihin 10-vuotias tytt\u00e4renpoika <a class=\"article-personlink\" href=\"https:\/\/www.hs.fi\/haku\/?query=Aleix%20Dalmau%20Roig\" rel=\"nofollow noopener\" target=\"_blank\">Aleix Dalmau Roig<\/a> kiipe\u00e4\u00e4 y\u00f6pukusillaan yhden kerroksen yl\u00f6sp\u00e4in isovanhempien asunnon sohvalle, kun vanhemmat l\u00e4htev\u00e4t t\u00f6ihin.<\/p>\n<p class=\"article-body mb-nof-24 px-nof-16\">Aleix sy\u00f6 isovanhempiensa luona aamupalan, mink\u00e4 j\u00e4lkeen he viev\u00e4t h\u00e4net kouluun.<\/p>\n","protected":false},"excerpt":{"rendered":"HS Espanjassa|Lastenlasten hoidosta on l\u00e4hes mahdotonta kielt\u00e4yty\u00e4, mink\u00e4 takia Espanjassa puhutaan jopa iso\u00e4itien orjuussyndroomasta. Sant Pol de Mar&hellip;\n","protected":false},"author":2,"featured_media":121612,"comment_status":"","ping_status":"","sticky":false,"template":"","format":"standard","meta":{"footnotes":""},"categories":[14],"tags":[22,23,26,27,33,31,30,17,46,24,25,28,29,15,18,21,32,19,20,56,16,59,60,61],"class_list":{"0":"post-121611","1":"post","2":"type-post","3":"status-publish","4":"format-standard","5":"has-post-thumbnail","7":"category-ulkomaat","8":"tag-breaking-news","9":"tag-breakingnews","10":"tag-featured-news","11":"tag-featurednews","12":"tag-fi","13":"tag-finland","14":"tag-finnish","15":"tag-headlines","16":"tag-helsingin-sanomat","17":"tag-latest-news","18":"tag-latestnews","19":"tag-main-news","20":"tag-mainnews","21":"tag-news","22":"tag-otsikot","23":"tag-paauutiset","24":"tag-suomi","25":"tag-top-stories","26":"tag-topstories","27":"tag-ulkomaat","28":"tag-uutiset","29":"tag-world","30":"tag-world-news","31":"tag-worldnews"},"share_on_mastodon":{"url":"https:\/\/pubeurope.com\/@fi\/115752874084904052","error":""},"_links":{"self":[{"href":"https:\/\/www.europesays.com\/fi\/wp-json\/wp\/v2\/posts\/121611","targetHints":{"allow":["GET"]}}],"collection":[{"href":"https:\/\/www.europesays.com\/fi\/wp-json\/wp\/v2\/posts"}],"about":[{"href":"https:\/\/www.europesays.com\/fi\/wp-json\/wp\/v2\/types\/post"}],"author":[{"embeddable":true,"href":"https:\/\/www.europesays.com\/fi\/wp-json\/wp\/v2\/users\/2"}],"replies":[{"embeddable":true,"href":"https:\/\/www.europesays.com\/fi\/wp-json\/wp\/v2\/comments?post=121611"}],"version-history":[{"count":0,"href":"https:\/\/www.europesays.com\/fi\/wp-json\/wp\/v2\/posts\/121611\/revisions"}],"wp:featuredmedia":[{"embeddable":true,"href":"https:\/\/www.europesays.com\/fi\/wp-json\/wp\/v2\/media\/121612"}],"wp:attachment":[{"href":"https:\/\/www.europesays.com\/fi\/wp-json\/wp\/v2\/media?parent=121611"}],"wp:term":[{"taxonomy":"category","embeddable":true,"href":"https:\/\/www.europesays.com\/fi\/wp-json\/wp\/v2\/categories?post=121611"},{"taxonomy":"post_tag","embeddable":true,"href":"https:\/\/www.europesays.com\/fi\/wp-json\/wp\/v2\/tags?post=121611"}],"curies":[{"name":"wp","href":"https:\/\/api.w.org\/{rel}","templated":true}]}}