{"id":121613,"date":"2025-12-20T16:37:12","date_gmt":"2025-12-20T16:37:12","guid":{"rendered":"https:\/\/www.europesays.com\/fi\/121613\/"},"modified":"2025-12-20T16:37:12","modified_gmt":"2025-12-20T16:37:12","slug":"vaki-parveili-porin-tuomaan-markkinoilla","status":"publish","type":"post","link":"https:\/\/www.europesays.com\/fi\/121613\/","title":{"rendered":"V\u00e4ki parveili Porin Tuomaan markkinoilla"},"content":{"rendered":"<p class=\"article-ingress--medium\">Perinteiset Tuomaan markkinat toivat tungoksen Porin kauppatorille ja k\u00e4velykadulle. Markkinakansa oli paikalla lapsineen ja koirineen, ja kauppakin k\u00e4vi. Myynniss\u00e4 oli paljon k\u00e4sit\u00f6it\u00e4 ja jouluherkkuja.<\/p>\n<p><img decoding=\"async\" src=\"https:\/\/www.europesays.com\/fi\/wp-content\/uploads\/2025\/12\/1766248632_519_468.jpg\" alt=\"Kahdeksan kuukauden ik\u00e4inen Luka Per\u00e4-Takala odotti ensimm\u00e4ist\u00e4 jouluaan is\u00e4ns\u00e4 Juhani Per\u00e4-Takalan ja \u00e4itins\u00e4 Marleen M\u00f5ttusin kanssa. M\u00f5ttus on kotoisin Virosta, ja h\u00e4nen sukulaisiaan on k\u00e4ym\u00e4ss\u00e4 nyt viikonloppuna Suomessa. \u201dViet\u00e4mme t\u00e4n\u00e4\u00e4n virolaista joulua. Tarjolla on virolaisia jouluruokia, kuten verimakkaraa ja paistettua hapankaalia. Teen my\u00f6s suomalaisia perinteisi\u00e4 laatikoita, jotta virolaisvieraat saavat maistaa niit\u00e4. Pukkikin tulee jo t\u00e4n\u00e4\u00e4n, sellainen selfmade-pukki. Varsinaisena jouluaattona sy\u00f6mme sitten suomalaista jouluruokaa, ja joulupukki tulee uudelleen\u201d, M\u00f5ttus kertoi. \" class=\"_Img_1rerz_1\" style=\"aspect-ratio:1.5\" loading=\"eager\"\/><\/p>\n<p class=\"article-picture-caption\">Kahdeksan kuukauden ik\u00e4inen Luka Per\u00e4-Takala odotti ensimm\u00e4ist\u00e4 jouluaan is\u00e4ns\u00e4 Juhani Per\u00e4-Takalan ja \u00e4itins\u00e4 Marleen M\u00f5ttusin kanssa. M\u00f5ttus on kotoisin Virosta, ja h\u00e4nen sukulaisiaan on k\u00e4ym\u00e4ss\u00e4 nyt viikonloppuna Suomessa. \u201dViet\u00e4mme t\u00e4n\u00e4\u00e4n virolaista joulua. Tarjolla on virolaisia jouluruokia, kuten verimakkaraa ja paistettua hapankaalia. Teen my\u00f6s suomalaisia perinteisi\u00e4 laatikoita, jotta virolaisvieraat saavat maistaa niit\u00e4. Pukkikin tulee jo t\u00e4n\u00e4\u00e4n, sellainen selfmade-pukki. Varsinaisena jouluaattona sy\u00f6mme sitten suomalaista jouluruokaa, ja joulupukki tulee uudelleen\u201d, M\u00f5ttus kertoi.  Kuva:\u00a0Joonas Salli<\/p>\n<p><a href=\"https:\/\/www.satakunnankansa.fi\/haku\/?query=Marja-Kristiina+Vainela\" rel=\"nofollow noopener\" target=\"_blank\"><\/p>\n<p>Marja-Kristiina Vainela<\/p>\n<p><\/a><\/p>\n<p>16:36<\/p>\n<p class=\"article-body mb-nof-24 px-nof-16\">Pori<\/p>\n<p>KommentoiIlmoita asiavirheest\u00e4KommentoiIlmoita asiavirheest\u00e4<\/p>\n","protected":false},"excerpt":{"rendered":"Perinteiset Tuomaan markkinat toivat tungoksen Porin kauppatorille ja k\u00e4velykadulle. Markkinakansa oli paikalla lapsineen ja koirineen, ja kauppakin k\u00e4vi.&hellip;\n","protected":false},"author":2,"featured_media":121614,"comment_status":"","ping_status":"","sticky":false,"template":"","format":"standard","meta":{"footnotes":""},"categories":[12],"tags":[22,23,26,27,33,31,30,17,24,25,28,29,15,18,21,80,32,19,20,16],"class_list":{"0":"post-121613","1":"post","2":"type-post","3":"status-publish","4":"format-standard","5":"has-post-thumbnail","7":"category-suomi","8":"tag-breaking-news","9":"tag-breakingnews","10":"tag-featured-news","11":"tag-featurednews","12":"tag-fi","13":"tag-finland","14":"tag-finnish","15":"tag-headlines","16":"tag-latest-news","17":"tag-latestnews","18":"tag-main-news","19":"tag-mainnews","20":"tag-news","21":"tag-otsikot","22":"tag-paauutiset","23":"tag-satakunnan-kansa","24":"tag-suomi","25":"tag-top-stories","26":"tag-topstories","27":"tag-uutiset"},"share_on_mastodon":{"url":"https:\/\/pubeurope.com\/@fi\/115752877940495550","error":""},"_links":{"self":[{"href":"https:\/\/www.europesays.com\/fi\/wp-json\/wp\/v2\/posts\/121613","targetHints":{"allow":["GET"]}}],"collection":[{"href":"https:\/\/www.europesays.com\/fi\/wp-json\/wp\/v2\/posts"}],"about":[{"href":"https:\/\/www.europesays.com\/fi\/wp-json\/wp\/v2\/types\/post"}],"author":[{"embeddable":true,"href":"https:\/\/www.europesays.com\/fi\/wp-json\/wp\/v2\/users\/2"}],"replies":[{"embeddable":true,"href":"https:\/\/www.europesays.com\/fi\/wp-json\/wp\/v2\/comments?post=121613"}],"version-history":[{"count":0,"href":"https:\/\/www.europesays.com\/fi\/wp-json\/wp\/v2\/posts\/121613\/revisions"}],"wp:featuredmedia":[{"embeddable":true,"href":"https:\/\/www.europesays.com\/fi\/wp-json\/wp\/v2\/media\/121614"}],"wp:attachment":[{"href":"https:\/\/www.europesays.com\/fi\/wp-json\/wp\/v2\/media?parent=121613"}],"wp:term":[{"taxonomy":"category","embeddable":true,"href":"https:\/\/www.europesays.com\/fi\/wp-json\/wp\/v2\/categories?post=121613"},{"taxonomy":"post_tag","embeddable":true,"href":"https:\/\/www.europesays.com\/fi\/wp-json\/wp\/v2\/tags?post=121613"}],"curies":[{"name":"wp","href":"https:\/\/api.w.org\/{rel}","templated":true}]}}