{"id":12162,"date":"2025-08-21T13:35:09","date_gmt":"2025-08-21T13:35:09","guid":{"rendered":"https:\/\/www.europesays.com\/fi\/12162\/"},"modified":"2025-08-21T13:35:09","modified_gmt":"2025-08-21T13:35:09","slug":"sabina-sarkka-julkaisi-kuvan-josta-nousi-valtaisa-kohu","status":"publish","type":"post","link":"https:\/\/www.europesays.com\/fi\/12162\/","title":{"rendered":"Sabina S\u00e4rkk\u00e4 julkaisi kuvan, josta nousi valtaisa kohu"},"content":{"rendered":"<p>Sabina S\u00e4rkk\u00e4 kertoo katuvansa yhden kuvan julkaisua.<\/p>\n<p><img decoding=\"async\" class=\"image image-show image-preview\" src=\"https:\/\/www.europesays.com\/fi\/wp-content\/uploads\/2025\/08\/727c624e69af2bbf11f89a2692c1193e3fb85e39374c5f34873482e43401d9eb.jpg\" alt=\"\"\/><img decoding=\"async\" class=\"image image-show\" src=\"https:\/\/www.europesays.com\/fi\/wp-content\/uploads\/2025\/08\/1755783309_706_727c624e69af2bbf11f89a2692c1193e3fb85e39374c5f34873482e43401d9eb.jpg\" alt=\"\"\/><\/p>\n<p>Sabina S\u00e4rkk\u00e4 kertoo saaneensa paljon vihakommentteja kuvan julkaisun j\u00e4lkeen. Inka Soveri<\/p>\n<p class=\"paragraph\"><a href=\"https:\/\/open.podimo.com\/podcast\/f9be2d41-eb85-4e0b-828d-2f9495cdfc7e\" target=\"_blank\" rel=\"noopener nofollow\">Sieppi &amp; S\u00e4rkk\u00e4<\/a> -podcastin uudessa jaksossa <a href=\"https:\/\/www.iltalehti.fi\/henkilot\/Sara Sieppi\" class=\"article-link-person-page\" rel=\"nofollow noopener\" target=\"_blank\">Sara Sieppi<\/a> ja <a href=\"https:\/\/www.iltalehti.fi\/henkilot\/Sabina S\u00e4rkk\u00e4\" class=\"article-link-person-page\" rel=\"nofollow noopener\" target=\"_blank\">Sabina S\u00e4rkk\u00e4<\/a> vastaavat kuulijoiden kysymyksiin.<\/p>\n<p class=\"paragraph\">Yht\u00e4 kuulijaa kiinnostaa, mink\u00e4 asian Sieppi ja S\u00e4rkk\u00e4 olisivat el\u00e4m\u00e4ss\u00e4\u00e4n tehneet toisin. S\u00e4rk\u00e4ll\u00e4 on kysymykseen selke\u00e4 vastaus.<\/p>\n<p class=\"paragraph\">\u2013 Virhekuvan olisin voinut j\u00e4tt\u00e4\u00e4 ottamatta. Ja se kuvahan on otettu vessoilla, S\u00e4rkk\u00e4 sanoo.<\/p>\n<p class=\"paragraph\">Sieppi utelee, tuliko S\u00e4rk\u00e4lle kuvasta jotakin seurauksia j\u00e4lkeenp\u00e4in. S\u00e4rkk\u00e4 kertoo menett\u00e4neens\u00e4 ty\u00f6projekteja ja joutuneensa sulkemaan sosiaalisessa mediassa kommentoinnin ja yksityisviestit.<\/p>\n<p class=\"paragraph\">\u2013 Sain niin hirve\u00e4sti vihakommentteja ymp\u00e4ri maailmaa. Siell\u00e4 vain riepoteltiin.<\/p>\n<p class=\"paragraph\">S\u00e4rkk\u00e4 kertoo itkeneens\u00e4 yksin kotonaan ja ajatelleensa, ett\u00e4 koko el\u00e4m\u00e4 kaatui. H\u00e4n sanoo, ett\u00e4 tapahtuma on j\u00e4tt\u00e4nyt h\u00e4neen trauman.<\/p>\n<p class=\"paragraph\">S\u00e4rk\u00e4n mukaan ihmiset puhuivat paljon siit\u00e4, ett\u00e4 S\u00e4rkk\u00e4 saisi kuvan julkaisemisen kautta paljon huomiota, mik\u00e4 auttaisi h\u00e4nt\u00e4 t\u00f6iss\u00e4. Todellisuudessa h\u00e4n menetti t\u00f6it\u00e4.<\/p>\n<p class=\"paragraph\">Sieppi muistelee kuvan julkaisun aikaa ja kertoo, kuinka ahdistuneessa tilassa S\u00e4rkk\u00e4 oli. S\u00e4rkk\u00e4 my\u00f6t\u00e4ilee Sieppi\u00e4 ja sanoo, ett\u00e4 olisi halunnut pyyt\u00e4\u00e4 sata kertaa anteeksi. S\u00e4rkk\u00e4 kertoo ottaneensa opikseen virheest\u00e4.<\/p>\n<p>Kohukuva<\/p>\n<p class=\"paragraph\">S\u00e4rkk\u00e4 ei jaksossa paljasta tarkkaan, mist\u00e4 kuvasta on kyse. Yksi h\u00e4nen julkaisemansa kuva aiheutti kuitenkin suuren kohun vuonna 2022.<\/p>\n<p class=\"paragraph\">S\u00e4rkk\u00e4 oli juhlimassa silloisen p\u00e4\u00e4ministeri <a href=\"https:\/\/www.iltalehti.fi\/henkilot\/Sanna Marin\" class=\"article-link-person-page\" rel=\"nofollow noopener\" target=\"_blank\">Sanna Marinin<\/a> ja usean muun julkisuudesta tunnetun henkil\u00f6n kanssa. S\u00e4rkk\u00e4 julkaisi sosiaaliseen mediaan kuvan, jossa suuteli kirjailija ja ihmisoikeusaktivisti <a href=\"https:\/\/www.iltalehti.fi\/henkilot\/Natalia Kallio\" class=\"article-link-person-page\" rel=\"nofollow noopener\" target=\"_blank\">Natalia Kallion<\/a> kanssa.<\/p>\n<p class=\"paragraph\">Kuvassa S\u00e4rkk\u00e4 ja Kallio ovat nostaneet paitansa yl\u00f6s. Paljaat yl\u00e4vartalot on peitetty Finland-tekstill\u00e4 varustetulla kyltill\u00e4 ja kuvan p\u00e4\u00e4lle oli kirjoitettu \u201dKes\u00e4rata 22\u201d. Kuva oli otettu p\u00e4\u00e4ministerin virka-asunnolla Kes\u00e4rannassa.<\/p>\n<p class=\"paragraph\">S\u00e4rkk\u00e4 joutui my\u00f6hemmin pyyt\u00e4m\u00e4\u00e4n kuvaa anteeksi. My\u00f6s Sanna Marin kommentoi kuvaa.<\/p>\n<p class=\"paragraph\">\u2013 Mielest\u00e4ni se kuva ei ole asiallinen. Pyyd\u00e4n anteeksi, mielest\u00e4ni sit\u00e4 kuvaa ei olisi pit\u00e4nyt ottaa, Marin kommentoi tiedotustilaisuudessa.<\/p>\n","protected":false},"excerpt":{"rendered":"Sabina S\u00e4rkk\u00e4 kertoo katuvansa yhden kuvan julkaisua. Sabina S\u00e4rkk\u00e4 kertoo saaneensa paljon vihakommentteja kuvan julkaisun j\u00e4lkeen. Inka Soveri&hellip;\n","protected":false},"author":2,"featured_media":12163,"comment_status":"","ping_status":"","sticky":false,"template":"","format":"standard","meta":{"footnotes":""},"categories":[130],"tags":[35,137,33,31,30,142,151,888,885,887,32,109],"class_list":{"0":"post-12162","1":"post","2":"type-post","3":"status-publish","4":"format-standard","5":"has-post-thumbnail","7":"category-viihde","8":"tag-24h","9":"tag-entertainment","10":"tag-fi","11":"tag-finland","12":"tag-finnish","13":"tag-poliitikot","14":"tag-sosiaalinen-media-ja-verkostoituminen","15":"tag-suomalaiset-poliitikot","16":"tag-suomen-poliittiset-puolueet","17":"tag-suomen-politiikka","18":"tag-suomi","19":"tag-viihde"},"share_on_mastodon":{"url":"","error":""},"_links":{"self":[{"href":"https:\/\/www.europesays.com\/fi\/wp-json\/wp\/v2\/posts\/12162","targetHints":{"allow":["GET"]}}],"collection":[{"href":"https:\/\/www.europesays.com\/fi\/wp-json\/wp\/v2\/posts"}],"about":[{"href":"https:\/\/www.europesays.com\/fi\/wp-json\/wp\/v2\/types\/post"}],"author":[{"embeddable":true,"href":"https:\/\/www.europesays.com\/fi\/wp-json\/wp\/v2\/users\/2"}],"replies":[{"embeddable":true,"href":"https:\/\/www.europesays.com\/fi\/wp-json\/wp\/v2\/comments?post=12162"}],"version-history":[{"count":0,"href":"https:\/\/www.europesays.com\/fi\/wp-json\/wp\/v2\/posts\/12162\/revisions"}],"wp:featuredmedia":[{"embeddable":true,"href":"https:\/\/www.europesays.com\/fi\/wp-json\/wp\/v2\/media\/12163"}],"wp:attachment":[{"href":"https:\/\/www.europesays.com\/fi\/wp-json\/wp\/v2\/media?parent=12162"}],"wp:term":[{"taxonomy":"category","embeddable":true,"href":"https:\/\/www.europesays.com\/fi\/wp-json\/wp\/v2\/categories?post=12162"},{"taxonomy":"post_tag","embeddable":true,"href":"https:\/\/www.europesays.com\/fi\/wp-json\/wp\/v2\/tags?post=12162"}],"curies":[{"name":"wp","href":"https:\/\/api.w.org\/{rel}","templated":true}]}}