{"id":121626,"date":"2025-12-20T17:02:08","date_gmt":"2025-12-20T17:02:08","guid":{"rendered":"https:\/\/www.europesays.com\/fi\/121626\/"},"modified":"2025-12-20T17:02:08","modified_gmt":"2025-12-20T17:02:08","slug":"nbc-lisaa-epstein-dokumentteja-julki-uutisia-lyhyesti","status":"publish","type":"post","link":"https:\/\/www.europesays.com\/fi\/121626\/","title":{"rendered":"NBC: Lis\u00e4\u00e4 Epstein-dokumentteja julki | Uutisia lyhyesti"},"content":{"rendered":"<p><img decoding=\"async\" alt=\"Epstein-asiakirjoja. Ylimm\u00e4ss\u00e4 logo ja teksti &quot; Department of Justice&quot;.\" src=\"https:\/\/www.europesays.com\/fi\/wp-content\/uploads\/2025\/12\/39-15730276946a2aaa96a5.jpeg\" class=\"aw-1l9m598 hKVVvP\"\/><\/p>\n<p>Avaa kuvien katselu<\/p>\n<p>Yhdysvaltain oikeusministeri\u00f6 julkaisi lis\u00e4\u00e4 Epstein-aineistoa. Arkistokuva eiliselt\u00e4 p\u00e4iv\u00e4lt\u00e4. Kuva: Mandel Ngan \/ AFP<\/p>\n<p>17:41\u2022P\u00e4ivitetty 17:41<\/p>\n<p class=\"aw-1gybjub aw-1p7kakr kEtdKx cEmitX yle__article__paragraph\">Yhdysvaltain oikeusministeri\u00f6 on julkaissut lis\u00e4\u00e4 seksirikoksista syytettyyn <strong class=\"aw-ak79eh KyCXm yle__article__strong\">Jeffrey Epsteiniin<\/strong> liittyvi\u00e4 asiakirjoja ja valokuvia, kertoo <a class=\"aw-iao6s4 iHOxEa yle__article__link\" href=\"https:\/\/www.nbcnews.com\/politics\/justice-department\/live-blog\/epstein-files-live-updates-doj-release-documents-rcna250208\" role=\"link\" rel=\"nofollow noopener\" target=\"_blank\">NBC News -uutiskanava<\/a>.<\/p>\n<p class=\"aw-1gybjub aw-1p7kakr kEtdKx cEmitX yle__article__paragraph\">NBC News on tehnyt dokumenteist\u00e4 teko\u00e4lyajon. Sen mukaan uusissa dokumenteissa ei ole mainintoja presidentti <strong class=\"aw-ak79eh KyCXm yle__article__strong\">Donald Trumpist<\/strong>a tai entisest\u00e4 presidentist\u00e4 <strong class=\"aw-ak79eh KyCXm yle__article__strong\">Bill Clintonista<\/strong>, joka esiintyi useissa eilen julkaistuissa dokumenteissa.<\/p>\n","protected":false},"excerpt":{"rendered":"Avaa kuvien katselu Yhdysvaltain oikeusministeri\u00f6 julkaisi lis\u00e4\u00e4 Epstein-aineistoa. Arkistokuva eiliselt\u00e4 p\u00e4iv\u00e4lt\u00e4. Kuva: Mandel Ngan \/ AFP 17:41\u2022P\u00e4ivitetty 17:41&hellip;\n","protected":false},"author":2,"featured_media":121627,"comment_status":"","ping_status":"","sticky":false,"template":"","format":"standard","meta":{"footnotes":""},"categories":[14],"tags":[22,23,585,26,27,33,31,30,17,24,25,28,29,21890,15,18,21,4353,32,19,20,56,16,59,60,61,619],"class_list":{"0":"post-121626","1":"post","2":"type-post","3":"status-publish","4":"format-standard","5":"has-post-thumbnail","7":"category-ulkomaat","8":"tag-breaking-news","9":"tag-breakingnews","10":"tag-donald-trump","11":"tag-featured-news","12":"tag-featurednews","13":"tag-fi","14":"tag-finland","15":"tag-finnish","16":"tag-headlines","17":"tag-latest-news","18":"tag-latestnews","19":"tag-main-news","20":"tag-mainnews","21":"tag-nbc-news","22":"tag-news","23":"tag-otsikot","24":"tag-paauutiset","25":"tag-seksuaalirikokset","26":"tag-suomi","27":"tag-top-stories","28":"tag-topstories","29":"tag-ulkomaat","30":"tag-uutiset","31":"tag-world","32":"tag-world-news","33":"tag-worldnews","34":"tag-yhdysvallat"},"share_on_mastodon":{"url":"https:\/\/pubeurope.com\/@fi\/115752976172129368","error":""},"_links":{"self":[{"href":"https:\/\/www.europesays.com\/fi\/wp-json\/wp\/v2\/posts\/121626","targetHints":{"allow":["GET"]}}],"collection":[{"href":"https:\/\/www.europesays.com\/fi\/wp-json\/wp\/v2\/posts"}],"about":[{"href":"https:\/\/www.europesays.com\/fi\/wp-json\/wp\/v2\/types\/post"}],"author":[{"embeddable":true,"href":"https:\/\/www.europesays.com\/fi\/wp-json\/wp\/v2\/users\/2"}],"replies":[{"embeddable":true,"href":"https:\/\/www.europesays.com\/fi\/wp-json\/wp\/v2\/comments?post=121626"}],"version-history":[{"count":0,"href":"https:\/\/www.europesays.com\/fi\/wp-json\/wp\/v2\/posts\/121626\/revisions"}],"wp:featuredmedia":[{"embeddable":true,"href":"https:\/\/www.europesays.com\/fi\/wp-json\/wp\/v2\/media\/121627"}],"wp:attachment":[{"href":"https:\/\/www.europesays.com\/fi\/wp-json\/wp\/v2\/media?parent=121626"}],"wp:term":[{"taxonomy":"category","embeddable":true,"href":"https:\/\/www.europesays.com\/fi\/wp-json\/wp\/v2\/categories?post=121626"},{"taxonomy":"post_tag","embeddable":true,"href":"https:\/\/www.europesays.com\/fi\/wp-json\/wp\/v2\/tags?post=121626"}],"curies":[{"name":"wp","href":"https:\/\/api.w.org\/{rel}","templated":true}]}}