{"id":121628,"date":"2025-12-20T17:03:09","date_gmt":"2025-12-20T17:03:09","guid":{"rendered":"https:\/\/www.europesays.com\/fi\/121628\/"},"modified":"2025-12-20T17:03:09","modified_gmt":"2025-12-20T17:03:09","slug":"yle-rovaniemelainen-viivi-koki-kauhunhetkia-taksissa-keskella-yota","status":"publish","type":"post","link":"https:\/\/www.europesays.com\/fi\/121628\/","title":{"rendered":"Yle: Rovaniemel\u00e4inen Viivi koki kauhunhetki\u00e4 taksissa keskell\u00e4 y\u00f6t\u00e4"},"content":{"rendered":"<p>Yle kertoo, ett\u00e4 kun rovaniemel\u00e4inen nainen yritti p\u00e4\u00e4st\u00e4 ulos taksista, ovet olivatkin s\u00e4piss\u00e4.<\/p>\n<p class=\"article-body mb-nof-24 px-nof-16\">Rovaniemel\u00e4inen <a class=\"article-personlink\" href=\"https:\/\/www.is.fi\/haku\/?query=Viivi%20Vesala\" rel=\"nofollow noopener\" target=\"_blank\">Viivi Vesala<\/a> kertoo <a class=\"article-genericlink\" href=\"https:\/\/yle.fi\/a\/74-20198390\" rel=\"nofollow noopener\" target=\"_blank\">Ylelle <\/a>kauhunhetkist\u00e4\u00e4n taksin takapenkill\u00e4, kun kuski ei p\u00e4\u00e4st\u00e4nytk\u00e4\u00e4n h\u00e4nt\u00e4 ulos vaan vaati lis\u00e4maksua ovien avaamisesta.<\/p>\n<p class=\"article-body mb-nof-24 px-nof-16\">Vesala kertoo lauantaisesta y\u00f6st\u00e4, kun h\u00e4n oli k\u00e4velem\u00e4ss\u00e4 kotiin. Ylen jutussa ei tarkenneta v\u00e4likohtauksen tarkempaa ajankohtaa.<\/p>\n<p class=\"article-body mb-nof-24 px-nof-16\">Vierelle ajanut taksikuski tarjosi h\u00e4nelle kyydin. Kodille p\u00e4\u00e4sty\u00e4\u00e4n Vesala oli Ylen mukaan jo maksanut kyydin 10 euron hinnan, mutta auton ovet olivatkin lukossa. Kuljettaja halusi lis\u00e4tienesti\u00e4.<\/p>\n<p class=\"article-body mb-nof-24 px-nof-16\">\u2013 H\u00e4n vain hoki, ett\u00e4 viisikymppi\u00e4, viisikymppi\u00e4 tai\u2026 En tied\u00e4, mit\u00e4 se \u201dtai\u201d olisi ollut, enk\u00e4 onneksi saanutkaan tiet\u00e4\u00e4, Vesala kertoo Ylelle.<\/p>\n<p class=\"article-body mb-nof-24 px-nof-16\">Vesala soitti h\u00e4t\u00e4keskukseen ja kuski p\u00e4\u00e4sti h\u00e4net ulos. Ylen mukaan nainen on tehnyt asiasta rikosilmoituksen.<\/p>\n<p class=\"article-body mb-nof-24 px-nof-16\">Vuoden 2018 taksilain uudistuksen j\u00e4lkeen taksialalla ilmenneist\u00e4 ongelmista on keskusteltu s\u00e4\u00e4nn\u00f6llisesti julkisuudessa. My\u00f6s Ilta-Sanomat on uutisoinut viime vuosien erilaisista taksiongelmista.<\/p>\n<p class=\"article-body mb-nof-24 px-nof-16\">Aiemmin joulukuussa H\u00e4meen poliisi, Liikenne- ja viestint\u00e4virasto Traficom, Etel\u00e4-Suomen aluehallintovirasto ja Verohallinto iskiv\u00e4t yhdess\u00e4 takseihin Lahdessa.<\/p>\n<p class=\"article-body mb-nof-24 px-nof-16\">Lue lis\u00e4\u00e4: <a class=\"article-genericlink\" href=\"https:\/\/www.is.fi\/kotimaa\/art-2000011690055.html\" rel=\"nofollow noopener\" target=\"_blank\">Viranomaispartio iski Lahdessa \u2013 taksin\u00adkuljettaja l\u00f6ytyi katsomasta jalka\u00adpalloa<\/a><\/p>\n<p class=\"article-body mb-nof-24 px-nof-16\">35 taksia poimittiin tarkastukseen liikenteest\u00e4. Valvonnasta l\u00f6ytyi yksi pime\u00e4 taksi ja puutteita ajop\u00e4iv\u00e4kirjan pidossa sek\u00e4 hintatietojen esitt\u00e4misess\u00e4.<\/p>\n<p class=\"article-body mb-nof-24 px-nof-16\">\u2013 Yksi taksinkuljettaja katsoi jalkapalloa ajaessaan ja yhdell\u00e4 taksinkuljettajalla oli kuljettajan jalkatilassa nippu papereita, pahvilaatikko, tyhj\u00e4 t\u00f6lkki, lasipullo ja tyhj\u00e4 muovipullo, ylikonstaapeli <a class=\"article-personlink\" href=\"https:\/\/www.is.fi\/haku\/?query=Petri%20Molander\" rel=\"nofollow noopener\" target=\"_blank\">Petri Molander<\/a> kommentoi H\u00e4meen poliisin tiedotteessa.<\/p>\n<p><img decoding=\"async\" src=\"https:\/\/www.europesays.com\/fi\/wp-content\/uploads\/2025\/12\/1766250189_292_468.jpg\" alt=\"Taksialan ongelmista on uutisoitu paljon viime vuosien aikana.\" class=\"_Img_1rerz_1\" style=\"aspect-ratio:1.5011727912431587\" loading=\"eager\"\/><\/p>\n<p class=\"article-picture-caption\">Taksialan ongelmista on uutisoitu paljon viime vuosien aikana. Kuva:\u00a0Eeva Valtokari \/ IS<\/p>\n<p class=\"article-body mb-nof-24 px-nof-16\">Maaliskuussa IS kertoi, kuinka Traficomissa on tutkittu laajaa vyyhti\u00e4, jossa suomen kielt\u00e4 sujuvasti puhuvat ovat suorittaneet taksinkuljettajan ajolupakokeita kieli\u00adtaidottomien puolesta.<\/p>\n<p class=\"article-body mb-nof-24 px-nof-16\">Lue lis\u00e4\u00e4: <a class=\"article-genericlink\" href=\"https:\/\/www.is.fi\/kotimaa\/art-2000011094372.html\" rel=\"nofollow noopener\" target=\"_blank\">Viranomainen paljastaa yksityis\u00adkohtia h\u00e4rskist\u00e4 taksi\u00adkuskien huijaus\u00advyyhdist\u00e4: \u201dPelottava yht\u00e4l\u00f6\u201d<\/a><\/p>\n<p class=\"article-body mb-nof-24 px-nof-16\">Viranomaiset ep\u00e4ilev\u00e4t, ett\u00e4 luvan saaneet ovat maksaneet kokeen suorittamisesta useita satoja tai jopa tuhansia euroja. Vilpin vuoksi taksin rattiin on p\u00e4\u00e4tynyt Suomessa ihmisi\u00e4, jotka eiv\u00e4t osaa sanaakaan suomea tai ruotsia.<\/p>\n<p class=\"article-body mb-nof-24 px-nof-16\">Uutisissa on vilissyt my\u00f6s suomalaisten kokemuksia taksien hurjista hinnoista ja hintahuijauksista.<\/p>\n<p class=\"article-body mb-nof-24 px-nof-16\">Vuonna 2023 IS uutisoi, ett\u00e4 taksilain uudistuksen vapauttaman taksialan my\u00f6t\u00e4 joidenkin taksien hinnat pomppasivat rajusti, ja esimerkiksi Kilpailu- ja kuluttajavirasto (KKV) sai reklamaatioita h\u00e4vytt\u00f6m\u00e4n korkeista hinnoista pienill\u00e4kin matkoilla ja hinnastojen ep\u00e4selvist\u00e4 merkinn\u00f6ist\u00e4.<\/p>\n<p class=\"article-body mb-nof-24 px-nof-16\">Lue lis\u00e4\u00e4: <a class=\"article-genericlink\" href=\"https:\/\/www.is.fi\/kotimaa\/art-2000009359264.html\" rel=\"nofollow noopener\" target=\"_blank\">&#8221;Tajusin vasta matkan j\u00e4lkeen tulleeni huijatuksi&#8221; \u2013 15 kilometrin taksikyyti maksanut jopa 400 euroa<\/a><\/p>\n<p class=\"article-body mb-nof-24 px-nof-16\">IS on my\u00f6s itse vertaillut eri taksien hintoja esimerkiksi Helsingin keskustasta lentokent\u00e4lle.<\/p>\n<p class=\"article-body mb-nof-24 px-nof-16\">Liikenne ja viestint\u00e4ministeri\u00f6 kertoi marraskuussa, ett\u00e4 taksilakia uudistetaan nyt j\u00e4lleen niin, ett\u00e4 taksamittarit ja v\u00e4rilliset lis\u00e4kilvet tulevat pakollisiksi.<\/p>\n","protected":false},"excerpt":{"rendered":"Yle kertoo, ett\u00e4 kun rovaniemel\u00e4inen nainen yritti p\u00e4\u00e4st\u00e4 ulos taksista, ovet olivatkin s\u00e4piss\u00e4. Rovaniemel\u00e4inen Viivi Vesala kertoo Ylelle&hellip;\n","protected":false},"author":2,"featured_media":121629,"comment_status":"","ping_status":"","sticky":false,"template":"","format":"standard","meta":{"footnotes":""},"categories":[12],"tags":[22,23,26,27,33,31,30,17,34,24,25,28,29,15,18,21,32,19,20,16],"class_list":{"0":"post-121628","1":"post","2":"type-post","3":"status-publish","4":"format-standard","5":"has-post-thumbnail","7":"category-suomi","8":"tag-breaking-news","9":"tag-breakingnews","10":"tag-featured-news","11":"tag-featurednews","12":"tag-fi","13":"tag-finland","14":"tag-finnish","15":"tag-headlines","16":"tag-ilta-sanomat","17":"tag-latest-news","18":"tag-latestnews","19":"tag-main-news","20":"tag-mainnews","21":"tag-news","22":"tag-otsikot","23":"tag-paauutiset","24":"tag-suomi","25":"tag-top-stories","26":"tag-topstories","27":"tag-uutiset"},"share_on_mastodon":{"url":"https:\/\/pubeurope.com\/@fi\/115752980093142699","error":""},"_links":{"self":[{"href":"https:\/\/www.europesays.com\/fi\/wp-json\/wp\/v2\/posts\/121628","targetHints":{"allow":["GET"]}}],"collection":[{"href":"https:\/\/www.europesays.com\/fi\/wp-json\/wp\/v2\/posts"}],"about":[{"href":"https:\/\/www.europesays.com\/fi\/wp-json\/wp\/v2\/types\/post"}],"author":[{"embeddable":true,"href":"https:\/\/www.europesays.com\/fi\/wp-json\/wp\/v2\/users\/2"}],"replies":[{"embeddable":true,"href":"https:\/\/www.europesays.com\/fi\/wp-json\/wp\/v2\/comments?post=121628"}],"version-history":[{"count":0,"href":"https:\/\/www.europesays.com\/fi\/wp-json\/wp\/v2\/posts\/121628\/revisions"}],"wp:featuredmedia":[{"embeddable":true,"href":"https:\/\/www.europesays.com\/fi\/wp-json\/wp\/v2\/media\/121629"}],"wp:attachment":[{"href":"https:\/\/www.europesays.com\/fi\/wp-json\/wp\/v2\/media?parent=121628"}],"wp:term":[{"taxonomy":"category","embeddable":true,"href":"https:\/\/www.europesays.com\/fi\/wp-json\/wp\/v2\/categories?post=121628"},{"taxonomy":"post_tag","embeddable":true,"href":"https:\/\/www.europesays.com\/fi\/wp-json\/wp\/v2\/tags?post=121628"}],"curies":[{"name":"wp","href":"https:\/\/api.w.org\/{rel}","templated":true}]}}