{"id":121630,"date":"2025-12-20T17:04:11","date_gmt":"2025-12-20T17:04:11","guid":{"rendered":"https:\/\/www.europesays.com\/fi\/121630\/"},"modified":"2025-12-20T17:04:11","modified_gmt":"2025-12-20T17:04:11","slug":"naista-epaillaan-torkeasta-pahoinpitelysta-mantta-vilppulassa","status":"publish","type":"post","link":"https:\/\/www.europesays.com\/fi\/121630\/","title":{"rendered":"Naista ep\u00e4ill\u00e4\u00e4n t\u00f6rke\u00e4st\u00e4 pahoinpitelyst\u00e4 M\u00e4ntt\u00e4-Vilppulassa"},"content":{"rendered":"<p>Sis\u00e4-Suomen poliisi on ottanut kiinni naisen, jonka ep\u00e4ill\u00e4\u00e4n vammauttaneen miest\u00e4 ter\u00e4aseella M\u00e4ntt\u00e4-Vilppulassa torstai-iltana.<\/p>\n<p><img decoding=\"async\" class=\"image image-show image-preview\" src=\"https:\/\/www.europesays.com\/fi\/wp-content\/uploads\/2025\/12\/047c89b2eb30ebf0ee8b034f6df5047083cb218d197ba98990c9d7547afa283b.png\" alt=\"\"\/><img decoding=\"async\" class=\"image image-show\" src=\"https:\/\/www.europesays.com\/fi\/wp-content\/uploads\/2025\/12\/1766250251_627_047c89b2eb30ebf0ee8b034f6df5047083cb218d197ba98990c9d7547afa283b.png\" alt=\"\"\/><\/p>\n<p>Lukija kuvasi per\u00e4kk\u00e4\u00e4n ajaneen ambulanssin ja l\u00e4\u00e4k\u00e4riauton torstaina kello 21.48. <\/p>\n<p class=\"paragraph\">Uhri sai vamman, jonka vuoksi h\u00e4n joutui sairaalahoitoon. H\u00e4n ei ole kuitenkaan hengenvaarassa.<\/p>\n<p class=\"paragraph\">Rikos tapahtui <a href=\"https:\/\/www.iltalehti.fi\/kotimaa\/ed5e6b5c-e7df-4010-bd6d-b8a53ed75f20\" rel=\"nofollow noopener\" target=\"_blank\">iltayhdeks\u00e4n aikaan <\/a>ulkona entisen Vilppulan kunnan alueella.<\/p>\n<p class=\"paragraph\">Tapausta tutkittiin aluksi tapon yrityksen\u00e4, mutta rikoskomisario <strong>Ona Autereen<\/strong> mukaan rikosnimike on sittemmin muuttunut t\u00f6rke\u00e4ksi pahoinpitelyksi.<\/p>\n<p class=\"paragraph\">Osapuolia tilanteessa oli vain kaksi. Nainen ja mies tunsivat toisensa entuudestaan, mutta he eiv\u00e4t ole esimerkiksi samaa perhett\u00e4.<\/p>\n<p class=\"paragraph\">Tutkinnanjohtaja Autere ei ota kantaa kysymykseen, ep\u00e4ill\u00e4\u00e4nk\u00f6 my\u00f6s miest\u00e4 jostakin rikoksesta. H\u00e4n painottaa, ett\u00e4 esitutkinta on vasta alussa.<\/p>\n","protected":false},"excerpt":{"rendered":"Sis\u00e4-Suomen poliisi on ottanut kiinni naisen, jonka ep\u00e4ill\u00e4\u00e4n vammauttaneen miest\u00e4 ter\u00e4aseella M\u00e4ntt\u00e4-Vilppulassa torstai-iltana. Lukija kuvasi per\u00e4kk\u00e4\u00e4n ajaneen ambulanssin&hellip;\n","protected":false},"author":2,"featured_media":121631,"comment_status":"","ping_status":"","sticky":false,"template":"","format":"standard","meta":{"footnotes":""},"categories":[5],"tags":[35,22,23,26,27,33,31,30,17,55,53,24,25,28,29,15,18,21,122,54,52,32,19,20,16],"class_list":{"0":"post-121630","1":"post","2":"type-post","3":"status-publish","4":"format-standard","5":"has-post-thumbnail","7":"category-otsikot","8":"tag-24h","9":"tag-breaking-news","10":"tag-breakingnews","11":"tag-featured-news","12":"tag-featurednews","13":"tag-fi","14":"tag-finland","15":"tag-finnish","16":"tag-headlines","17":"tag-lainvalvonta","18":"tag-laki-oikeus-ja-rikos","19":"tag-latest-news","20":"tag-latestnews","21":"tag-main-news","22":"tag-mainnews","23":"tag-news","24":"tag-otsikot","25":"tag-paauutiset","26":"tag-pelastaminen","27":"tag-pelastuspalvelut","28":"tag-poliisi","29":"tag-suomi","30":"tag-top-stories","31":"tag-topstories","32":"tag-uutiset"},"share_on_mastodon":{"url":"https:\/\/pubeurope.com\/@fi\/115752983977808773","error":""},"_links":{"self":[{"href":"https:\/\/www.europesays.com\/fi\/wp-json\/wp\/v2\/posts\/121630","targetHints":{"allow":["GET"]}}],"collection":[{"href":"https:\/\/www.europesays.com\/fi\/wp-json\/wp\/v2\/posts"}],"about":[{"href":"https:\/\/www.europesays.com\/fi\/wp-json\/wp\/v2\/types\/post"}],"author":[{"embeddable":true,"href":"https:\/\/www.europesays.com\/fi\/wp-json\/wp\/v2\/users\/2"}],"replies":[{"embeddable":true,"href":"https:\/\/www.europesays.com\/fi\/wp-json\/wp\/v2\/comments?post=121630"}],"version-history":[{"count":0,"href":"https:\/\/www.europesays.com\/fi\/wp-json\/wp\/v2\/posts\/121630\/revisions"}],"wp:featuredmedia":[{"embeddable":true,"href":"https:\/\/www.europesays.com\/fi\/wp-json\/wp\/v2\/media\/121631"}],"wp:attachment":[{"href":"https:\/\/www.europesays.com\/fi\/wp-json\/wp\/v2\/media?parent=121630"}],"wp:term":[{"taxonomy":"category","embeddable":true,"href":"https:\/\/www.europesays.com\/fi\/wp-json\/wp\/v2\/categories?post=121630"},{"taxonomy":"post_tag","embeddable":true,"href":"https:\/\/www.europesays.com\/fi\/wp-json\/wp\/v2\/tags?post=121630"}],"curies":[{"name":"wp","href":"https:\/\/api.w.org\/{rel}","templated":true}]}}