{"id":121638,"date":"2025-12-20T17:24:08","date_gmt":"2025-12-20T17:24:08","guid":{"rendered":"https:\/\/www.europesays.com\/fi\/121638\/"},"modified":"2025-12-20T17:24:08","modified_gmt":"2025-12-20T17:24:08","slug":"peter-sandstromin-romaani-kuvaa-ikaantyneen-miehen-matkaa-synnyinseudulleen","status":"publish","type":"post","link":"https:\/\/www.europesays.com\/fi\/121638\/","title":{"rendered":"Peter Sandstr\u00f6min romaani kuvaa ik\u00e4\u00e4ntyneen miehen matkaa synnyinseudulleen"},"content":{"rendered":"<p>Kirja-arvio|Kirjailija palaa kotiseudulleen \u00e4idin syntym\u00e4p\u00e4iv\u00e4juhliin, mutta l\u00f6yt\u00e4\u00e4kin suljetun hoivakodin ja kadonneita vanhuksia.<\/p>\n<p class=\"article-body mb-nof-24 px-nof-16\">Romaani<\/p>\n<p class=\"article-body mb-nof-24 px-nof-16\">Peter Sandstr\u00f6m: Glory Days. Suom. Outi Menna. S&amp;S. 294 s.<\/p>\n<p class=\"article-body mb-nof-24 px-nof-16\">Ik\u00e4\u00e4ntynyt mies matkustaa synnyinseudulleen juhlistamaan \u00e4itins\u00e4 110-vuotisjuhlaa. Perill\u00e4 h\u00e4n huomaa, ett\u00e4 hoivakoti on suljettu ja vanhukset tiess\u00e4\u00e4n.<\/p>\n<p class=\"article-body mb-nof-24 px-nof-16\">Asetelmasta saisi ainekset vet\u00e4v\u00e4lle mysteerille, mutta <a class=\"article-personlink\" href=\"https:\/\/www.hs.fi\/haku\/?query=Peter%20Sandstr%C3%B6m\" rel=\"nofollow noopener\" target=\"_blank\">Peter Sandstr\u00f6m<\/a> j\u00e4tt\u00e4\u00e4 j\u00e4nnityksen kehittelyn sikseen. Kadonneiden vanhusten sijasta Glory Days keskittyy kuvaamaan min\u00e4kertojan sis\u00e4ist\u00e4 ja ulkoista haahuilua.<\/p>\n","protected":false},"excerpt":{"rendered":"Kirja-arvio|Kirjailija palaa kotiseudulleen \u00e4idin syntym\u00e4p\u00e4iv\u00e4juhliin, mutta l\u00f6yt\u00e4\u00e4kin suljetun hoivakodin ja kadonneita vanhuksia. Romaani Peter Sandstr\u00f6m: Glory Days. Suom.&hellip;\n","protected":false},"author":2,"featured_media":121639,"comment_status":"","ping_status":"","sticky":false,"template":"","format":"standard","meta":{"footnotes":""},"categories":[130],"tags":[137,33,31,30,46,32,109],"class_list":{"0":"post-121638","1":"post","2":"type-post","3":"status-publish","4":"format-standard","5":"has-post-thumbnail","7":"category-viihde","8":"tag-entertainment","9":"tag-fi","10":"tag-finland","11":"tag-finnish","12":"tag-helsingin-sanomat","13":"tag-suomi","14":"tag-viihde"},"share_on_mastodon":{"url":"https:\/\/pubeurope.com\/@fi\/115753062676352629","error":""},"_links":{"self":[{"href":"https:\/\/www.europesays.com\/fi\/wp-json\/wp\/v2\/posts\/121638","targetHints":{"allow":["GET"]}}],"collection":[{"href":"https:\/\/www.europesays.com\/fi\/wp-json\/wp\/v2\/posts"}],"about":[{"href":"https:\/\/www.europesays.com\/fi\/wp-json\/wp\/v2\/types\/post"}],"author":[{"embeddable":true,"href":"https:\/\/www.europesays.com\/fi\/wp-json\/wp\/v2\/users\/2"}],"replies":[{"embeddable":true,"href":"https:\/\/www.europesays.com\/fi\/wp-json\/wp\/v2\/comments?post=121638"}],"version-history":[{"count":0,"href":"https:\/\/www.europesays.com\/fi\/wp-json\/wp\/v2\/posts\/121638\/revisions"}],"wp:featuredmedia":[{"embeddable":true,"href":"https:\/\/www.europesays.com\/fi\/wp-json\/wp\/v2\/media\/121639"}],"wp:attachment":[{"href":"https:\/\/www.europesays.com\/fi\/wp-json\/wp\/v2\/media?parent=121638"}],"wp:term":[{"taxonomy":"category","embeddable":true,"href":"https:\/\/www.europesays.com\/fi\/wp-json\/wp\/v2\/categories?post=121638"},{"taxonomy":"post_tag","embeddable":true,"href":"https:\/\/www.europesays.com\/fi\/wp-json\/wp\/v2\/tags?post=121638"}],"curies":[{"name":"wp","href":"https:\/\/api.w.org\/{rel}","templated":true}]}}