{"id":12164,"date":"2025-08-21T13:36:10","date_gmt":"2025-08-21T13:36:10","guid":{"rendered":"https:\/\/www.europesays.com\/fi\/12164\/"},"modified":"2025-08-21T13:36:10","modified_gmt":"2025-08-21T13:36:10","slug":"eagle-s-kapteenilta-hurja-vaite-viranomaiset-uhkasivat-aseella","status":"publish","type":"post","link":"https:\/\/www.europesays.com\/fi\/12164\/","title":{"rendered":"Eagle S -kapteenilta hurja v\u00e4ite \u2013 Viranomaiset uhkasivat aseella"},"content":{"rendered":"<p>Eagle S:n kapteeni kritisoi suomalaisviranomaisten toimintaa tilanteessa. Asiasta uutisoi Yle.<\/p>\n<p><img decoding=\"async\" class=\"image image-show image-preview\" src=\"https:\/\/www.europesays.com\/fi\/wp-content\/uploads\/2025\/08\/210b342673f2e3c13483fb0cda0643a48951a140415a672bdaeecc466a26b040.jpg\" alt=\"\"\/><img decoding=\"async\" class=\"image image-show\" src=\"https:\/\/www.europesays.com\/fi\/wp-content\/uploads\/2025\/08\/1755783370_215_210b342673f2e3c13483fb0cda0643a48951a140415a672bdaeecc466a26b040.jpg\" alt=\"\"\/><\/p>\n<p>Eagle S:n kapteeni kertoo oman versionsa tapahtumien kulusta. Mikko Huisko<\/p>\n<p class=\"paragraph\">Eagle S -aluksen georgialaiskapteeni <strong>David Vadatchkoria<\/strong> kiist\u00e4\u00e4 v\u00e4itteet siit\u00e4, ett\u00e4 aluksen aiheuttama kaapelirikko olisi ollut tahallinen.<\/p>\n<p class=\"paragraph\">H\u00e4n antoi haastattelun <a href=\"https:\/\/yle.fi\/a\/7-10082866\" target=\"_blank\" rel=\"noopener nofollow\">Svenska Ylelle.<\/a><\/p>\n<p class=\"paragraph\">Estlink 2 -kaapeli katkesi <a href=\"https:\/\/www.iltalehti.fi\/kotimaa\/f012a5bb-f705-45f3-a8fc-01010dd4de5e\" rel=\"nofollow noopener\" target=\"_blank\">joulup\u00e4iv\u00e4n\u00e4<\/a>. Vadatchkoria v\u00e4itt\u00e4\u00e4 Ylell\u00e4, ettei h\u00e4n sai tiedon asiasta vasta silloin, kun viranomaiset ottivat aluksen haltuun. Asiasta uutisoitiin jo iltap\u00e4iv\u00e4ll\u00e4.<\/p>\n<p class=\"paragraph\">Rajavartioston Turva-alus ilmoitti kaapelirikosta alukselle. Kapteeni j\u00e4rkyttyi siit\u00e4, ett\u00e4 toinen ankkureista oli irronnut.<\/p>\n<p class=\"paragraph\">Vadatchkoria ihmettelee viranomaisten toimintaa ja kokee, ett\u00e4 heid\u00e4n toimensa olivat kohtuuttoman aggressiivisia. Viranomaiset my\u00f6sk\u00e4\u00e4n esitt\u00e4neet mink\u00e4\u00e4nlaisia perusteita aluksen haltuunotolle, h\u00e4n v\u00e4itt\u00e4\u00e4 Ylelle.<\/p>\n<p class=\"paragraph\">\u2013 Miksi vaarantaisin miehist\u00f6ni, alukseni ja lastini? Minulla ei ollut mit\u00e4\u00e4n syyt\u00e4 paeta, h\u00e4n sanoo.<\/p>\n<p class=\"paragraph\">Kapteeni v\u00e4itt\u00e4\u00e4, ett\u00e4 suomalaisviranomaiset pakottivat h\u00e4nt\u00e4 seuraamaan viranomaisten k\u00e4skyj\u00e4 aseella uhaten. Tilanne oli miehist\u00f6lle henkisesti kuormittava. Yksi j\u00e4sen vaati psykologista apua. Yksi joutui sairaalaan veritulpan takia.<\/p>\n<p class=\"paragraph\">Ven\u00e4j\u00e4lt\u00e4 \u00f6ljylastin kanssa l\u00e4hteneen Eagle S:n ep\u00e4ill\u00e4\u00e4n katkaisseen joulup\u00e4iv\u00e4n\u00e4 2024 Suomenlahdella viisi merikaapelia raahaamalla ankkuriaan meren pohjassa noin 90 kilometri\u00e4. Tapauksessa on nostettu syytteet kolmea ihmist\u00e4 vastaan: kapteeni Vadatchkoriaa sek\u00e4 ensimm\u00e4ist\u00e4 ja toista per\u00e4miest\u00e4 kohtaan. <a href=\"https:\/\/www.iltalehti.fi\/kotimaa\/69dc1006-60fd-42f4-9f00-9a958d8b44a6\" rel=\"nofollow noopener\" target=\"_blank\">Heit\u00e4 syytet\u00e4\u00e4n t\u00f6rke\u00e4st\u00e4 tuhoty\u00f6t\u00e4 ja t\u00f6rke\u00e4st\u00e4 tietoliikenteen h\u00e4irinn\u00e4st\u00e4.<\/a><\/p>\n<p class=\"paragraph\">\u2013 Olemme olleet alusta asti yhteisty\u00f6kykyisi\u00e4 poliisin kanssa. Luulin, ett\u00e4 saisimme oikeudenmukaisen tutkinnan, mutta olin v\u00e4\u00e4r\u00e4ss\u00e4. Pist\u00e4n nyt luottamukseni suomalaisen oikeusj\u00e4rjestelm\u00e4n varaan, h\u00e4n sanoo Ylelle.<\/p>\n<p class=\"paragraph\">Vadatchkoria kiist\u00e4\u00e4 haastattelussa kaikki syytteet. H\u00e4n sanoo k\u00e4sityksen\u00e4\u00e4n, ett\u00e4 tilanne oli onnettomuus.<\/p>\n<p>Eagle S -alukselle toimitettiin ruokaa tammikuussa kaapelirikon j\u00e4lkeen. Mikko Huisko<\/p>\n","protected":false},"excerpt":{"rendered":"Eagle S:n kapteeni kritisoi suomalaisviranomaisten toimintaa tilanteessa. Asiasta uutisoi Yle. Eagle S:n kapteeni kertoo oman versionsa tapahtumien kulusta.&hellip;\n","protected":false},"author":2,"featured_media":12165,"comment_status":"","ping_status":"","sticky":false,"template":"","format":"standard","meta":{"footnotes":""},"categories":[112],"tags":[35,33,31,30,2187,121,118,32,119,2569,2568,2570],"class_list":{"0":"post-12164","1":"post","2":"type-post","3":"status-publish","4":"format-standard","5":"has-post-thumbnail","7":"category-tiede","8":"tag-24h","9":"tag-fi","10":"tag-finland","11":"tag-finnish","12":"tag-kulkuneuvot","13":"tag-liikenne-ja-kuljetus","14":"tag-science","15":"tag-suomi","16":"tag-tiede","17":"tag-vesikulkuneuvot","18":"tag-vesiliikenne","19":"tag-vesiliikennneonnettomuus"},"share_on_mastodon":{"url":"","error":""},"_links":{"self":[{"href":"https:\/\/www.europesays.com\/fi\/wp-json\/wp\/v2\/posts\/12164","targetHints":{"allow":["GET"]}}],"collection":[{"href":"https:\/\/www.europesays.com\/fi\/wp-json\/wp\/v2\/posts"}],"about":[{"href":"https:\/\/www.europesays.com\/fi\/wp-json\/wp\/v2\/types\/post"}],"author":[{"embeddable":true,"href":"https:\/\/www.europesays.com\/fi\/wp-json\/wp\/v2\/users\/2"}],"replies":[{"embeddable":true,"href":"https:\/\/www.europesays.com\/fi\/wp-json\/wp\/v2\/comments?post=12164"}],"version-history":[{"count":0,"href":"https:\/\/www.europesays.com\/fi\/wp-json\/wp\/v2\/posts\/12164\/revisions"}],"wp:featuredmedia":[{"embeddable":true,"href":"https:\/\/www.europesays.com\/fi\/wp-json\/wp\/v2\/media\/12165"}],"wp:attachment":[{"href":"https:\/\/www.europesays.com\/fi\/wp-json\/wp\/v2\/media?parent=12164"}],"wp:term":[{"taxonomy":"category","embeddable":true,"href":"https:\/\/www.europesays.com\/fi\/wp-json\/wp\/v2\/categories?post=12164"},{"taxonomy":"post_tag","embeddable":true,"href":"https:\/\/www.europesays.com\/fi\/wp-json\/wp\/v2\/tags?post=12164"}],"curies":[{"name":"wp","href":"https:\/\/api.w.org\/{rel}","templated":true}]}}