{"id":121646,"date":"2025-12-20T17:29:12","date_gmt":"2025-12-20T17:29:12","guid":{"rendered":"https:\/\/www.europesays.com\/fi\/121646\/"},"modified":"2025-12-20T17:29:12","modified_gmt":"2025-12-20T17:29:12","slug":"saahan-tulee-nyt-rajahtava-muutos-jossa-on-kaikuja-koronatalvesta-pelkaan-pahinta","status":"publish","type":"post","link":"https:\/\/www.europesays.com\/fi\/121646\/","title":{"rendered":"S\u00e4\u00e4h\u00e4n tulee nyt &#8221;r\u00e4j\u00e4ht\u00e4v\u00e4&#8221; muutos, jossa on kaikuja koronatalvesta \u2013 \u201dPelk\u00e4\u00e4n pahinta\u201d"},"content":{"rendered":"<p>Meteorologi Markus M\u00e4ntykannas kertoo, ett\u00e4 ennusteet tarjoilevat eritt\u00e4in huonoja uutisia kaikille talven yst\u00e4ville. <\/p>\n<p><img decoding=\"async\" class=\"image image-show image-preview\" src=\"https:\/\/www.europesays.com\/fi\/wp-content\/uploads\/2025\/12\/6207fe7a913e1215135fd803dbd7bb24787f6f76f2e626b893322a8917f73276.jpg\" alt=\"\"\/><img decoding=\"async\" class=\"image image-show\" src=\"https:\/\/www.europesays.com\/fi\/wp-content\/uploads\/2025\/12\/1766251750_851_6207fe7a913e1215135fd803dbd7bb24787f6f76f2e626b893322a8917f73276.jpg\" alt=\"\"\/><\/p>\n<p>Kev\u00e4ttalvi 2020 muistetaan koronapandemian puhkeamisesta, mutta se oli my\u00f6s talvi, jolloin etel\u00e4\u00e4n ei k\u00e4yt\u00e4nn\u00f6ss\u00e4 talvea tullut. Riitta Heiskanen<\/p>\n<p class=\"paragraph\">Polaaripy\u00f6rre on vuodenvaihteen j\u00e4lkeen voimistumassa jopa r\u00e4j\u00e4hdysm\u00e4isesti, kerrotaan <a href=\"https:\/\/www.foreca.fi\/meteorologilta\/bfxr6pnx\" rel=\"noopener nofollow\" target=\"_blank\">Forecan<\/a> s\u00e4\u00e4blogissa.<\/p>\n<p class=\"paragraph\">Sen seurauksena voidaan kokea samaa kuin koronatalvena 2019\u20132020, Forecan meteorologi <a href=\"https:\/\/www.iltalehti.fi\/henkilot\/Markus M\u00e4ntykannas\" class=\"article-link-person-page\" rel=\"nofollow noopener\" target=\"_blank\">Markus M\u00e4ntykannas<\/a> kirjoittaa blogissa.<\/p>\n<p class=\"paragraph\">Silloin etel\u00e4isess\u00e4 Suomessa terminen syksy venyi kev\u00e4\u00e4seen ja talvi j\u00e4i k\u00e4yt\u00e4nn\u00f6ss\u00e4 tulematta.<\/p>\n<p class=\"paragraph\">Polaaripy\u00f6rre alkaa tuoreimpien ennusteiden mukaan vahvistua heti vuodenvaihteen j\u00e4lkeen. Kehityksen uskotaan jatkuvan tammikuun edetess\u00e4.<\/p>\n<p class=\"paragraph\">\u2013 Toivoni siit\u00e4, ett\u00e4 t\u00e4n\u00e4 talvena koettaisiin pitk\u00e4kestoisia, &#8221;vanhan ajan&#8221; pakkasjaksoja, alkaa hiipua olemattomiin, M\u00e4ntykannas kirjoittaa.<\/p>\n<p>Poikkeuksellista<\/p>\n<p class=\"paragraph\">M\u00e4ntykannaksen mukaan polaaripy\u00f6rre voi voimistua jopa poikkeuksellisen rajuksi. H\u00e4n kuvailee ennusteen lukemia pys\u00e4ytt\u00e4viksi.<\/p>\n<p class=\"paragraph\">Polaaripy\u00f6rre on napa-alueen yll\u00e4 talvisin yl\u00e4ilmakeh\u00e4ss\u00e4 py\u00f6riv\u00e4 laaja-alainen, kylm\u00e4 ilmapy\u00f6rre.<\/p>\n<p class=\"paragraph\">Voimakas py\u00f6rre pit\u00e4\u00e4 kylm\u00e4n ilman napa-alueella ja ruokkii voimakkaita l\u00e4nsivirtauksia my\u00f6s alempana ilmakeh\u00e4ss\u00e4.<\/p>\n<p class=\"paragraph\">\u2013 T\u00e4m\u00e4 on eritt\u00e4in huono uutinen kaikille talven yst\u00e4ville. Se lis\u00e4\u00e4 todenn\u00e4k\u00f6isyytt\u00e4 sille, ett\u00e4 Atlantilta puskee meille jatkuvalla sy\u00f6t\u00f6ll\u00e4 lauhaa ja kosteaa ilmaa, M\u00e4ntykannas kirjoittaa.<\/p>\n<p class=\"paragraph\">H\u00e4n toteaa, ett\u00e4 on kuitenkin ep\u00e4selv\u00e4\u00e4, mihin lauhin ilma ennusteiden toteutuessa kohdistuu.<\/p>\n<p class=\"paragraph\">\u2013 Osuuko se juuri Suomeen vai kenties Keski-Eurooppaan? Signaali on kuitenkin niin vahva, ett\u00e4 pelk\u00e4\u00e4n pahinta, M\u00e4ntykannas kirjoittaa.<\/p>\n<p class=\"paragraph\">H\u00e4n toteaa edelleen, ett\u00e4 \u201dsynkk\u00e4 talviennuste\u201d ei koske maan pohjoisosaa: siell\u00e4 l\u00e4nsivirtausvoittoisena ja sateisena talvena lunta on todenn\u00e4k\u00f6isesti yllin kyllin.<\/p>\n<p>Ehk\u00e4 lunta jouluksi<\/p>\n<p class=\"paragraph\">Ennen vuodenvaihdetta edess\u00e4 on viel\u00e4 joulu.<\/p>\n<p class=\"paragraph\">T\u00e4ll\u00e4 hetkell\u00e4 pohjoisessa lunta on jopa tavanomaista enemm\u00e4n, mutta Oulusta etel\u00e4\u00e4n ei juurikaan.<\/p>\n<p class=\"paragraph\">Ennusteissa pilkahtelee toivoa hieman mustaa valkeammasta joulusta jopa Etel\u00e4-Suomea my\u00f6ten.<\/p>\n<p class=\"paragraph\">\u2013 Lunta tulee t\u00e4m\u00e4nhetkisen ennusteen mukaan maanantaina ja tiistaiy\u00f6n\u00e4 pistem\u00e4isesti maan etel\u00e4- ja keskiosassa, M\u00e4ntykannas kirjoittaa.<\/p>\n<p class=\"paragraph\">Kun l\u00e4mp\u00f6tilan ennustetaan pysyv\u00e4n jouluaattoon saakka pakkasen puolella, valkea joulu on viel\u00e4 mahdollinen osassa etel\u00e4ist\u00e4 ja keskist\u00e4 Suomea \u2013 kuin ihmeen kaupalla, M\u00e4ntykannas sanoittaa.<\/p>\n<p><a href=\"https:\/\/www.iltalehti.fi\/parassaa?storeCampaign=ArticleBottomBanner\" rel=\"nofollow noopener\" target=\"_blank\"><img decoding=\"async\" src=\"https:\/\/www.europesays.com\/fi\/wp-content\/uploads\/2025\/08\/d0fd7860228df4fdd5fd0367e49d769aa09b08189080ddc5ccdd8c31ad63aca9.png\" alt=\"IL Paras S\u00e4\u00e4 - S\u00e4\u00e4tiedot ja s\u00e4\u00e4ennusteet\"\/><\/a><\/p>\n","protected":false},"excerpt":{"rendered":"Meteorologi Markus M\u00e4ntykannas kertoo, ett\u00e4 ennusteet tarjoilevat eritt\u00e4in huonoja uutisia kaikille talven yst\u00e4ville. Kev\u00e4ttalvi 2020 muistetaan koronapandemian puhkeamisesta,&hellip;\n","protected":false},"author":2,"featured_media":121647,"comment_status":"","ping_status":"","sticky":false,"template":"","format":"standard","meta":{"footnotes":""},"categories":[12],"tags":[35,10303,22,23,26,27,33,31,30,17,713,24,25,28,29,715,15,18,21,710,714,32,19,20,16],"class_list":{"0":"post-121646","1":"post","2":"type-post","3":"status-publish","4":"format-standard","5":"has-post-thumbnail","7":"category-suomi","8":"tag-24h","9":"tag-aikajakson-saa","10":"tag-breaking-news","11":"tag-breakingnews","12":"tag-featured-news","13":"tag-featurednews","14":"tag-fi","15":"tag-finland","16":"tag-finnish","17":"tag-headlines","18":"tag-lampotila-saa","19":"tag-latest-news","20":"tag-latestnews","21":"tag-main-news","22":"tag-mainnews","23":"tag-meteorologia","24":"tag-news","25":"tag-otsikot","26":"tag-paauutiset","27":"tag-saa","28":"tag-saaennustus","29":"tag-suomi","30":"tag-top-stories","31":"tag-topstories","32":"tag-uutiset"},"share_on_mastodon":{"url":"https:\/\/pubeurope.com\/@fi\/115753082518665399","error":""},"_links":{"self":[{"href":"https:\/\/www.europesays.com\/fi\/wp-json\/wp\/v2\/posts\/121646","targetHints":{"allow":["GET"]}}],"collection":[{"href":"https:\/\/www.europesays.com\/fi\/wp-json\/wp\/v2\/posts"}],"about":[{"href":"https:\/\/www.europesays.com\/fi\/wp-json\/wp\/v2\/types\/post"}],"author":[{"embeddable":true,"href":"https:\/\/www.europesays.com\/fi\/wp-json\/wp\/v2\/users\/2"}],"replies":[{"embeddable":true,"href":"https:\/\/www.europesays.com\/fi\/wp-json\/wp\/v2\/comments?post=121646"}],"version-history":[{"count":0,"href":"https:\/\/www.europesays.com\/fi\/wp-json\/wp\/v2\/posts\/121646\/revisions"}],"wp:featuredmedia":[{"embeddable":true,"href":"https:\/\/www.europesays.com\/fi\/wp-json\/wp\/v2\/media\/121647"}],"wp:attachment":[{"href":"https:\/\/www.europesays.com\/fi\/wp-json\/wp\/v2\/media?parent=121646"}],"wp:term":[{"taxonomy":"category","embeddable":true,"href":"https:\/\/www.europesays.com\/fi\/wp-json\/wp\/v2\/categories?post=121646"},{"taxonomy":"post_tag","embeddable":true,"href":"https:\/\/www.europesays.com\/fi\/wp-json\/wp\/v2\/tags?post=121646"}],"curies":[{"name":"wp","href":"https:\/\/api.w.org\/{rel}","templated":true}]}}