{"id":121648,"date":"2025-12-20T17:30:13","date_gmt":"2025-12-20T17:30:13","guid":{"rendered":"https:\/\/www.europesays.com\/fi\/121648\/"},"modified":"2025-12-20T17:30:13","modified_gmt":"2025-12-20T17:30:13","slug":"il-amstaffi-hyokkasi-11-vuotiaan-tyton-ja-taman-koiran-kimppuun-karmein-seurauksin","status":"publish","type":"post","link":"https:\/\/www.europesays.com\/fi\/121648\/","title":{"rendered":"IL: Amstaffi hy\u00f6kk\u00e4si 11-vuotiaan tyt\u00f6n ja t\u00e4m\u00e4n koiran kimppuun karmein seurauksin"},"content":{"rendered":"<p>11-vuotias tytt\u00f6 ja t\u00e4m\u00e4n koira joutuivat amstaffikoiran hy\u00f6kk\u00e4yksen uhreiksi.<\/p>\n<p class=\"article-body mb-nof-24 px-nof-16\">11-vuotias tytt\u00f6 oli ulkoiluttamassa Manu-mopsia, kun kaksi vapaana ollut amstaffikoiraa l\u00e4hestyi heit\u00e4. Toinen koirista hy\u00f6kk\u00e4si heid\u00e4n kimppuunsa, <a class=\"article-genericlink\" href=\"https:\/\/www.iltalehti.fi\/kotimaa\/a\/33b6e0b2-1a3c-48a3-b942-b930c9d666c0\" rel=\"nofollow noopener\" target=\"_blank\">kertoo Iltalehti<\/a>.<\/p>\n<p class=\"article-body mb-nof-24 px-nof-16\">Orimattilassa asuva tyt\u00f6n is\u00e4 <a class=\"article-personlink\" href=\"https:\/\/www.is.fi\/haku\/?query=Jere%20Dahlqvist\" rel=\"nofollow noopener\" target=\"_blank\">Jere Dahlqvist<\/a> kertoo lehdelle, ett\u00e4 tytt\u00f6 oli nostanut Manu-koiran syliins\u00e4 suojatakseen sit\u00e4. Amstaffikoirat onnistuivat kaatamaan tyt\u00f6n. Dahlqvistin mukaan amstaffi alkoi purra ja riuhtoa Manua tyt\u00f6n sylist\u00e4.<\/p>\n<p class=\"article-body mb-nof-24 px-nof-16\">Dahlqvistin mukaan paikalle saapui perheen naapuri, joka sai amstaffin hetkellisesti hallintaansa \u201dpitk\u00e4n painimisen\u201d j\u00e4lkeen. Tytt\u00f6 juoksi kotiin koira syliss\u00e4ns\u00e4.<\/p>\n<p class=\"article-body mb-nof-24 px-nof-16\">Koira oli kuitenkin saanut kuolettavia vammoja ja se jouduttiin lopettamaan. Tyt\u00f6lle tuli mustelmia polviin ja h\u00e4n oli is\u00e4n mukaan hyvin j\u00e4rkyttynyt tapahtuneesta. Dahlqvist kertoo tehneens\u00e4 asiasta rikosilmoituksen. H\u00e4meen poliisi vahvisti IL:lle, ett\u00e4 tapauksesta on olemassa rikosilmoitus.<\/p>\n<p class=\"article-body mb-nof-24 px-nof-16\">Rikoslain mukaan el\u00e4imen vartioimatta j\u00e4tt\u00e4misest\u00e4 voi seurata sakkorangaistus ja tuomioistuin voi m\u00e4\u00e4r\u00e4t\u00e4 el\u00e4imen lopetettavaksi.<\/p>\n<p class=\"article-body mb-nof-24 px-nof-16\">Amstaffi on kokoonsa n\u00e4hden voimakas koira, joka t\u00e4ytyy aina ja joka paikassa olla omistajansa hallinnassa, <a class=\"article-genericlink\" href=\"https:\/\/www.amstaffiyhdistys.net\/amstaffi\/luonne\/\" rel=\"nofollow noopener\" target=\"_blank\">kerrotaan Amstaffiyhdistyksen verkkosivuilla<\/a>.<\/p>\n<p class=\"article-body mb-nof-24 px-nof-16\">\u201dTapakasvatukseen kannattaakin panostaa amstaffin kanssa, jotta siit\u00e4 kasvaa mahtava perhekoira ja harrastuskaveri. T\u00e4ysin kouluttamaton aikuinen amstaffi ei v\u00e4ltt\u00e4m\u00e4tt\u00e4 ole lainkaan mukava kumppani.<\/p>\n<p class=\"article-body mb-nof-24 px-nof-16\">Amstaffi on oiva koira aikuiselle, aktiiviselle ja paljon ulkoilevalle ihmiselle, jolla on aikaa ja halua paneutua koiran tapakasvatukseen\u201d, sivustolla kirjoitetaan.<\/p>\n","protected":false},"excerpt":{"rendered":"11-vuotias tytt\u00f6 ja t\u00e4m\u00e4n koira joutuivat amstaffikoiran hy\u00f6kk\u00e4yksen uhreiksi. 11-vuotias tytt\u00f6 oli ulkoiluttamassa Manu-mopsia, kun kaksi vapaana ollut&hellip;\n","protected":false},"author":2,"featured_media":121649,"comment_status":"","ping_status":"","sticky":false,"template":"","format":"standard","meta":{"footnotes":""},"categories":[5],"tags":[22,23,26,27,33,31,30,17,34,24,25,28,29,15,18,21,32,19,20,16],"class_list":{"0":"post-121648","1":"post","2":"type-post","3":"status-publish","4":"format-standard","5":"has-post-thumbnail","7":"category-otsikot","8":"tag-breaking-news","9":"tag-breakingnews","10":"tag-featured-news","11":"tag-featurednews","12":"tag-fi","13":"tag-finland","14":"tag-finnish","15":"tag-headlines","16":"tag-ilta-sanomat","17":"tag-latest-news","18":"tag-latestnews","19":"tag-main-news","20":"tag-mainnews","21":"tag-news","22":"tag-otsikot","23":"tag-paauutiset","24":"tag-suomi","25":"tag-top-stories","26":"tag-topstories","27":"tag-uutiset"},"share_on_mastodon":{"url":"https:\/\/pubeurope.com\/@fi\/115753086008902638","error":""},"_links":{"self":[{"href":"https:\/\/www.europesays.com\/fi\/wp-json\/wp\/v2\/posts\/121648","targetHints":{"allow":["GET"]}}],"collection":[{"href":"https:\/\/www.europesays.com\/fi\/wp-json\/wp\/v2\/posts"}],"about":[{"href":"https:\/\/www.europesays.com\/fi\/wp-json\/wp\/v2\/types\/post"}],"author":[{"embeddable":true,"href":"https:\/\/www.europesays.com\/fi\/wp-json\/wp\/v2\/users\/2"}],"replies":[{"embeddable":true,"href":"https:\/\/www.europesays.com\/fi\/wp-json\/wp\/v2\/comments?post=121648"}],"version-history":[{"count":0,"href":"https:\/\/www.europesays.com\/fi\/wp-json\/wp\/v2\/posts\/121648\/revisions"}],"wp:featuredmedia":[{"embeddable":true,"href":"https:\/\/www.europesays.com\/fi\/wp-json\/wp\/v2\/media\/121649"}],"wp:attachment":[{"href":"https:\/\/www.europesays.com\/fi\/wp-json\/wp\/v2\/media?parent=121648"}],"wp:term":[{"taxonomy":"category","embeddable":true,"href":"https:\/\/www.europesays.com\/fi\/wp-json\/wp\/v2\/categories?post=121648"},{"taxonomy":"post_tag","embeddable":true,"href":"https:\/\/www.europesays.com\/fi\/wp-json\/wp\/v2\/tags?post=121648"}],"curies":[{"name":"wp","href":"https:\/\/api.w.org\/{rel}","templated":true}]}}