{"id":121656,"date":"2025-12-20T17:53:08","date_gmt":"2025-12-20T17:53:08","guid":{"rendered":"https:\/\/www.europesays.com\/fi\/121656\/"},"modified":"2025-12-20T17:53:08","modified_gmt":"2025-12-20T17:53:08","slug":"tilastot-moni-tekee-joululiikenteessa-tempun-jolla-ei-halua-kehuskella","status":"publish","type":"post","link":"https:\/\/www.europesays.com\/fi\/121656\/","title":{"rendered":"Tilastot: Moni tekee joululiikenteess\u00e4 tempun, jolla ei halua kehuskella"},"content":{"rendered":"<p>Jouluostokset ja alennusmyynti ajavat autoilijat ahtaana oleville parkkipaikoille \u2013 ja sill\u00e4 on yll\u00e4tt\u00e4v\u00e4n usein ik\u00e4v\u00e4 seuraus.<\/p>\n<p class=\"article-body mb-nof-24 px-nof-16\">Satakunta<\/p>\n<p class=\"article-body mb-nof-24 px-nof-16\">Yll\u00e4tt\u00e4v\u00e4n moni l\u00e4nsisuomalaisista on tehnyt tai tiet\u00e4\u00e4 jonkun muun tehneen sen, mist\u00e4 kukaan ei mielell\u00e4\u00e4n puhu \u00e4\u00e4neen.<\/p>\n<p class=\"article-body mb-nof-24 px-nof-16\">He ovat livist\u00e4neet parkkipaikkavahingon paikalta j\u00e4tt\u00e4m\u00e4tt\u00e4 yhteystietoja.<\/p>\n<p class=\"article-body mb-nof-24 px-nof-16\">Vakuutusyhti\u00f6 L\u00e4hitapiolan kyselyss\u00e4 15 prosenttia l\u00e4nsisuomalaisista tunnustaa, ett\u00e4 on joko itse poistunut vahinkopaikalta yhteystietoja j\u00e4tt\u00e4m\u00e4tt\u00e4 tai tuntee n\u00e4in toimineen henkil\u00f6n.<\/p>\n<p class=\"article-body mb-nof-24 px-nof-16\">\u201dParas vaihtoehto on j\u00e4\u00e4d\u00e4 reilusti odottamaan toisen auton omistajan saapumista. Jos t\u00e4h\u00e4n ei ole mahdollisuutta, on syyt\u00e4 j\u00e4tt\u00e4\u00e4 omat yhteystiedot vaikkapa pyyhkij\u00e4n sulan alle\u201d, yhti\u00f6n riskienhallinnan asiantuntija <a class=\"article-personlink\" href=\"https:\/\/www.satakunnankansa.fi\/haku\/?query=Esa%20Nummi\" rel=\"nofollow noopener\" target=\"_blank\">Esa Nummi<\/a> toteaa tiedotteessa.<\/p>\n<p class=\"article-body mb-nof-24 px-nof-16\">Erityisen yleisiksi n\u00e4m\u00e4 tilanteet muuttuvat joulun aikaan, kun kauppojen pys\u00e4k\u00f6intipaikoilla vallitsee kaaos. Aattoa edelt\u00e4v\u00e4t p\u00e4iv\u00e4t ja tapaninp\u00e4iv\u00e4n j\u00e4lkeinen aika ovat vuoden pahimpia ajoneuvovahinkop\u00e4ivi\u00e4.<\/p>\n<p class=\"article-body mb-nof-24 px-nof-16\">\u201dMerkitt\u00e4vin syy ei l\u00f6ydy meno- ja paluuliikenteest\u00e4 vaan kaupassak\u00e4ynnist\u00e4, tarkemmin sanottuna jouluostoksista ennen joulua ja alennusmyyntibuumista joulun j\u00e4lkeen.\u201d<\/p>\n<p class=\"article-body mb-nof-24 px-nof-16\">1 000 euroa. Siit\u00e4 l\u00e4htee keskim\u00e4\u00e4rin yksitt\u00e4isen pys\u00e4k\u00f6intivahingon hintalappu, joka saattaa tulla monille t\u00e4yten\u00e4 yll\u00e4tyksen\u00e4.<\/p>\n<p class=\"article-body mb-nof-24 px-nof-16\">&#8221;Kyseess\u00e4 on varsin kallis lysti&#8221;, Nummi sanoo.<\/p>\n<p class=\"article-body mb-nof-24 px-nof-16\">L\u00e4hitapiolan teett\u00e4m\u00e4n kyselyn mukaan 24 prosenttia l\u00e4nsisuomalaisista on kolhinut parkkipaikalla toista autoa tai ollut kyydiss\u00e4, kun n\u00e4in tapahtui. Vastaajista 32 prosenttia puolestaan kertoo, ett\u00e4 heid\u00e4n autoaan on kolhittu pys\u00e4k\u00f6intialueella.<\/p>\n<p class=\"article-body mb-nof-24 px-nof-16\">Erityisesti toisen auton kolhimiset ovat kasvaneet tuntuvasti vuodesta 2021. Tuolloin 7 prosenttia Rauman seudulla ja 5 prosenttia Porin seudulla asuvista kertoi kolhineensa parkkipaikalla toisen autoa.<\/p>\n<p class=\"article-body mb-nof-24 px-nof-16\">&#8221;Ylivoimaisesti yleisin juhlapyh\u00e4vahinko sattuu pys\u00e4k\u00f6intialueella ja useimmiten peruuttaessa pys\u00e4k\u00f6intiruudusta pois&#8221;, Nummi summaa.<\/p>\n","protected":false},"excerpt":{"rendered":"Jouluostokset ja alennusmyynti ajavat autoilijat ahtaana oleville parkkipaikoille \u2013 ja sill\u00e4 on yll\u00e4tt\u00e4v\u00e4n usein ik\u00e4v\u00e4 seuraus. Satakunta Yll\u00e4tt\u00e4v\u00e4n&hellip;\n","protected":false},"author":2,"featured_media":121657,"comment_status":"","ping_status":"","sticky":false,"template":"","format":"standard","meta":{"footnotes":""},"categories":[76],"tags":[79,77,33,31,30,80,32,78],"class_list":{"0":"post-121656","1":"post","2":"type-post","3":"status-publish","4":"format-standard","5":"has-post-thumbnail","7":"category-talous","8":"tag-business","9":"tag-economy","10":"tag-fi","11":"tag-finland","12":"tag-finnish","13":"tag-satakunnan-kansa","14":"tag-suomi","15":"tag-talous"},"share_on_mastodon":{"url":"https:\/\/pubeurope.com\/@fi\/115753176572171853","error":""},"_links":{"self":[{"href":"https:\/\/www.europesays.com\/fi\/wp-json\/wp\/v2\/posts\/121656","targetHints":{"allow":["GET"]}}],"collection":[{"href":"https:\/\/www.europesays.com\/fi\/wp-json\/wp\/v2\/posts"}],"about":[{"href":"https:\/\/www.europesays.com\/fi\/wp-json\/wp\/v2\/types\/post"}],"author":[{"embeddable":true,"href":"https:\/\/www.europesays.com\/fi\/wp-json\/wp\/v2\/users\/2"}],"replies":[{"embeddable":true,"href":"https:\/\/www.europesays.com\/fi\/wp-json\/wp\/v2\/comments?post=121656"}],"version-history":[{"count":0,"href":"https:\/\/www.europesays.com\/fi\/wp-json\/wp\/v2\/posts\/121656\/revisions"}],"wp:featuredmedia":[{"embeddable":true,"href":"https:\/\/www.europesays.com\/fi\/wp-json\/wp\/v2\/media\/121657"}],"wp:attachment":[{"href":"https:\/\/www.europesays.com\/fi\/wp-json\/wp\/v2\/media?parent=121656"}],"wp:term":[{"taxonomy":"category","embeddable":true,"href":"https:\/\/www.europesays.com\/fi\/wp-json\/wp\/v2\/categories?post=121656"},{"taxonomy":"post_tag","embeddable":true,"href":"https:\/\/www.europesays.com\/fi\/wp-json\/wp\/v2\/tags?post=121656"}],"curies":[{"name":"wp","href":"https:\/\/api.w.org\/{rel}","templated":true}]}}