{"id":121660,"date":"2025-12-20T17:55:10","date_gmt":"2025-12-20T17:55:10","guid":{"rendered":"https:\/\/www.europesays.com\/fi\/121660\/"},"modified":"2025-12-20T17:55:10","modified_gmt":"2025-12-20T17:55:10","slug":"kaikki-kerralla-ja-viime-tingassa-kysyimme-espoolaisilta-paljonko-joulukaupoilla-kuluu-aikaa","status":"publish","type":"post","link":"https:\/\/www.europesays.com\/fi\/121660\/","title":{"rendered":"\u201dKaikki kerralla ja viime tingassa\u201d \u2013 Kysyimme espoolaisilta, paljonko joulukaupoilla kuluu aikaa"},"content":{"rendered":"<p>Joulu|Mielipiteet jouluvalmistelujen oikeanlaisesta taktiikasta vaihtelevat. Yksi suunnittelee ostokset tarkasti etuk\u00e4teen, toinen hoitaa kaiken spontaanisti viime tingassa.<\/p>\n<p>Lue tiivistelm\u00e4<\/p>\n<p class=\"article-body mb-nof-24 px-nof-16 sndp-summary-bullet-point-font\">Jouluostoksiin menee puolesta tunnista kuuteen tuntiin, kertovat jouluostoksia tekev\u00e4t kaupunkilaiset HS:lle.<\/p>\n<p class=\"article-body mb-nof-24 px-nof-16 sndp-summary-bullet-point-font\">Raimo Lampi v\u00e4ltt\u00e4\u00e4 joulustressin ostamalla lahjoja pitkin vuotta ja varastoimalla niit\u00e4 tulevillekin vuosille.<\/p>\n<p class=\"article-body mb-nof-24 px-nof-16 sndp-summary-bullet-point-font\">Ialina Buckbee selvitt\u00e4\u00e4 jouluostokset puolessa tunnissa suunnittelemalla tarkkaan ja ostamalla verkosta.<\/p>\n<p class=\"article-body mb-nof-24 px-nof-16 sndp-summary-bullet-point-font\">Pauliina ja Mikko Luukkonen edustavat spontaania koulukuntaa ja hoitavat kaikki ostokset kerralla viime tingassa.<\/p>\n<p class=\"article-body mb-nof-24 px-nof-16\">Paljonko ihmiset varaavat aikaa joulukaupassa k\u00e4yntiin?<\/p>\n<p class=\"article-body mb-nof-24 px-nof-16\">Kysyimme t\u00e4t\u00e4 kymmenelt\u00e4 seurueelta kauppakeskus Isossa Omenassa Espoossa lauantaina. Aikatauluhaarukka vaihteli puolesta tunnista kuuteen tuntiin. Useimmat haastateltavat arvioivat k\u00e4ytt\u00e4v\u00e4ns\u00e4 jouluostoksiin nelisen tuntia.<\/p>\n<p class=\"article-body mb-nof-24 px-nof-16\">\u201dEn min\u00e4 kelloa katso\u201d, sanoo <a class=\"article-personlink\" href=\"https:\/\/www.hs.fi\/haku\/?query=Raimo%20Lampi\" rel=\"nofollow noopener\" target=\"_blank\">Raimo Lampi<\/a> kirjakaupassa.<\/p>\n<p class=\"article-body mb-nof-24 px-nof-16\">Mutta kun h\u00e4n nyt tekee poikkeuksen ja v\u00e4h\u00e4n pureskelee kysymyst\u00e4, seuraa yll\u00e4tys. T\u00e4n\u00e4\u00e4n joulukaupoilla on hurahtanut huomaamatta jo kaksi ja puoli tuntia.<\/p>\n<p class=\"article-body mb-nof-24 px-nof-16\">Kirjojen hankintaan vier\u00e4ht\u00e4\u00e4 aikaa, sill\u00e4 ennen ostop\u00e4\u00e4st\u00f6st\u00e4 Lampi tutustuu teoksiin ja pohtii, sopivatko ne lahjansaajan ajatusmaailmaan.<\/p>\n<p><img decoding=\"async\" src=\"https:\/\/www.europesays.com\/fi\/wp-content\/uploads\/2025\/12\/1766253309_575_468.jpg\" alt=\"Isossa Omenassa oli melko rauhallista vain muutama p\u00e4iv\u00e4 ennen joulua.\" class=\"_Img_1rerz_1\" style=\"aspect-ratio:0.6666666666666666\" loading=\"eager\"\/><\/p>\n<p class=\"article-picture-caption\">Isossa Omenassa oli melko rauhallista vain muutama p\u00e4iv\u00e4 ennen joulua. Kuva:\u00a0Petteri Tuohinen \/ HS<\/p>\n<p class=\"article-body mb-nof-24 px-nof-16\">Stressi\u00e4 konkari ei suostu joulun hullunmyllyst\u00e4 ottamaan. Lammella on paineenhallintaan oma taktiikkansa.<\/p>\n<p class=\"article-body mb-nof-24 px-nof-16\">\u201dIhan niin kuin ammattiautonkuljettaja sanoo: ennakoi.\u201d<\/p>\n<p class=\"article-body mb-nof-24 px-nof-16\">Lampi sanoo valmistautuvansa jouluun ostelemalla lahjoja pitkin vuotta. Kun n\u00e4kee jotakin kiinnostavaa, h\u00e4n miettii, kenelle se k\u00e4visi.<\/p>\n<p class=\"article-body mb-nof-24 px-nof-16\">Jos lahja ei heti p\u00e4\u00e4dy ostoskoriin, idean voi kirjata muistivihkoon, k\u00e4nnykk\u00e4\u00e4n tai omaan p\u00e4\u00e4h\u00e4ns\u00e4 kuten Lampi tekee.<\/p>\n<p class=\"article-body mb-nof-24 px-nof-16\">Lahjoja voi my\u00f6s ostaa valmiiksi varastoon, josta niit\u00e4 voi kaivella sopiviin hetkiin. Varastoon k\u00e4tketty lahja saattaa tulla ajankohtaiseksi vasta parin kolmen vuoden p\u00e4\u00e4st\u00e4.<\/p>\n<p class=\"article-body mb-nof-24 px-nof-16\">\u201dLahjan hankkiminen ei saa j\u00e4\u00e4d\u00e4 jouluaattoon. Aattona pit\u00e4\u00e4 rauhoittua.\u201d<\/p>\n<p><img decoding=\"async\" src=\"https:\/\/www.europesays.com\/fi\/wp-content\/uploads\/2025\/12\/1766253310_435_468.jpg\" alt=\"Ialina Buckbee v\u00e4ltt\u00e4\u00e4 stressin ostamalla lahjat verkosta.\" class=\"_Img_1rerz_1\" style=\"aspect-ratio:1.5\" loading=\"eager\"\/><\/p>\n<p class=\"article-picture-caption\">Ialina Buckbee v\u00e4ltt\u00e4\u00e4 stressin ostamalla lahjat verkosta. Kuva:\u00a0Petteri Tuohinen \/ HS<\/p>\n<p class=\"article-body mb-nof-24 px-nof-16\">Puoli tuntia joulukaupassa riitt\u00e4\u00e4 <a class=\"article-personlink\" href=\"https:\/\/www.hs.fi\/haku\/?query=Ialina%20Buckbeelle\" rel=\"nofollow noopener\" target=\"_blank\">Ialina Buckbeelle<\/a>. N\u00e4in tehokas ajank\u00e4ytt\u00f6 edellytt\u00e4\u00e4 huolellista suunnittelua.<\/p>\n<p class=\"article-body mb-nof-24 px-nof-16\">Buckbee miettii tarkkaan etuk\u00e4teen, mit\u00e4 haluaa kenellekin antaa. Sitten h\u00e4n laatii ostoslistan ja hankkii kaikki kerralla.<\/p>\n<p class=\"article-body mb-nof-24 px-nof-16\">\u201dSe on kaiken a ja o.\u201d<\/p>\n<p class=\"article-body mb-nof-24 px-nof-16\">Tehokasta ajank\u00e4ytt\u00f6\u00e4 helpottaa se, ett\u00e4 Buckbee klikkailee lahjat verkosta. N\u00e4in kertoo toimivansa muutama muukin haastateltava.<\/p>\n<p class=\"article-body mb-nof-24 px-nof-16\">Verkkokaupan helppous n\u00e4kyy kauppakeskuksessa, jonka k\u00e4yt\u00e4vill\u00e4 on joulua edelt\u00e4v\u00e4n\u00e4 viikonloppuna verrattain v\u00e4lj\u00e4\u00e4.<\/p>\n<p class=\"article-body mb-nof-24 px-nof-16\">Ostosten tekeminen t\u00e4\u00e4ll\u00e4 virtuaalimaailman ulkopuolella n\u00e4ytt\u00e4\u00e4 suorastaan rentouttavalta. Kaupoista puuttuvat megapitk\u00e4t jonot.<\/p>\n<p><img decoding=\"async\" src=\"https:\/\/www.europesays.com\/fi\/wp-content\/uploads\/2025\/12\/1766253310_912_468.jpg\" alt=\"Anni (vas.), Pauliina ja Mikko Luukkonen eiv\u00e4t stressaa jouluvalmisteluista.\" class=\"_Img_1rerz_1\" style=\"aspect-ratio:1.5\" loading=\"eager\"\/><\/p>\n<p class=\"article-picture-caption\">Anni (vas.), Pauliina ja Mikko Luukkonen eiv\u00e4t stressaa jouluvalmisteluista. Kuva:\u00a0Petteri Tuohinen \/ HS<\/p>\n<p class=\"article-body mb-nof-24 px-nof-16\">Ruuhkattomuus ilahduttaa <a class=\"article-personlink\" href=\"https:\/\/www.hs.fi\/haku\/?query=Pauliina\" rel=\"nofollow noopener\" target=\"_blank\">Pauliina<\/a> ja <a class=\"article-personlink\" href=\"https:\/\/www.hs.fi\/haku\/?query=Mikko%20Luukkosta\" rel=\"nofollow noopener\" target=\"_blank\">Mikko Luukkosta<\/a>, jotka ovat l\u00e4hteneet joulukauppaan tytt\u00e4rens\u00e4 <a class=\"article-personlink\" href=\"https:\/\/www.hs.fi\/haku\/?query=Anni%20Luukkosen\" rel=\"nofollow noopener\" target=\"_blank\">Anni Luukkosen<\/a> kanssa.<\/p>\n<p class=\"article-body mb-nof-24 px-nof-16\">Miten he selvi\u00e4v\u00e4t joulukaupasta?<\/p>\n<p class=\"article-body mb-nof-24 px-nof-16\">\u201dKaikki kerralla\u201d, Pauliina Luukkonen sanoo.<\/p>\n<p class=\"article-body mb-nof-24 px-nof-16\">\u201dJa viime tingassa\u201d, lis\u00e4\u00e4 Mikko Luukkonen.<\/p>\n<p class=\"article-body mb-nof-24 px-nof-16\">Luukkoset edustavat selv\u00e4sti toista koulukuntaa kuin useimmat muut haastateltavat. He eiv\u00e4t suunnittele eiv\u00e4tk\u00e4 valmistele vaan el\u00e4v\u00e4t spontaanisti, joulunakin.<\/p>\n<p class=\"article-body mb-nof-24 px-nof-16\">Jouluostosten lomassa perhe ruokailee kauppakeskuksessa, jotta reissu ei olisi pelkk\u00e4\u00e4 suorittamista. Alkossakin aikuiset saattavat py\u00f6r\u00e4ht\u00e4\u00e4 gl\u00f6giostoksilla.<\/p>\n<p><img decoding=\"async\" src=\"https:\/\/www.europesays.com\/fi\/wp-content\/uploads\/2025\/12\/1766253310_787_468.jpg\" alt=\"Ronja Rapo ostaa lahjoja ilman tarkempia suunnitelmia.\" class=\"_Img_1rerz_1\" style=\"aspect-ratio:1.5\" loading=\"eager\"\/><\/p>\n<p class=\"article-picture-caption\">Ronja Rapo ostaa lahjoja ilman tarkempia suunnitelmia. Kuva:\u00a0Petteri Tuohinen \/ HS<\/p>\n<p class=\"article-body mb-nof-24 px-nof-16\">Viime hetken jouluostoksia tekev\u00e4 <a class=\"article-personlink\" href=\"https:\/\/www.hs.fi\/haku\/?query=Ronja%20Rapo\" rel=\"nofollow noopener\" target=\"_blank\">Ronja Rapo<\/a> suosittelee l\u00e4htem\u00e4\u00e4n kaupoille hyviss\u00e4 ajoin.<\/p>\n<p class=\"article-body mb-nof-24 px-nof-16\">\u201dEttei tule kauhea stressi.\u201d<\/p>\n<p class=\"article-body mb-nof-24 px-nof-16\">H\u00e4n ei itse yleens\u00e4 suunnittele lahjaostoja etuk\u00e4teen vaan soveltaa ja kuuntelee.<\/p>\n<p class=\"article-body mb-nof-24 px-nof-16\">\u201dJos k\u00e4yn kaupoissa ja n\u00e4en jonkin asian, joka muistuttaa jostain tyypist\u00e4, ajattelen, ett\u00e4 se voisi sopia. Tai jos joku kaveri sanoo, ett\u00e4 vitsi m\u00e4 haluaisin, ett\u00e4 mulle ostettaisiin tollanen, pid\u00e4n sen mieless\u00e4.\u201d<\/p>\n<p class=\"article-body mb-nof-24 px-nof-16\">Rapo on ehtinyt kiert\u00e4\u00e4 lukuisat liikkeet Isossa Omenassa kaverinsa kanssa. T\u00e4\u00e4lt\u00e4 he jatkavat viel\u00e4 Tapiolan Ainoaan, jossa on eri kauppoja.<\/p>\n<p class=\"article-body mb-nof-24 px-nof-16\">\u201dTuntuu, ett\u00e4 l\u00f6yd\u00e4n sielt\u00e4 viimeisen lahjan. Kyll\u00e4 t\u00e4ss\u00e4 on shoppailtu aika paljon jo.\u201d<\/p>\n","protected":false},"excerpt":{"rendered":"Joulu|Mielipiteet jouluvalmistelujen oikeanlaisesta taktiikasta vaihtelevat. Yksi suunnittelee ostokset tarkasti etuk\u00e4teen, toinen hoitaa kaiken spontaanisti viime tingassa. Lue tiivistelm\u00e4&hellip;\n","protected":false},"author":2,"featured_media":121661,"comment_status":"","ping_status":"","sticky":false,"template":"","format":"standard","meta":{"footnotes":""},"categories":[12],"tags":[22,23,26,27,33,31,30,17,46,24,25,28,29,15,18,21,32,19,20,16],"class_list":{"0":"post-121660","1":"post","2":"type-post","3":"status-publish","4":"format-standard","5":"has-post-thumbnail","7":"category-suomi","8":"tag-breaking-news","9":"tag-breakingnews","10":"tag-featured-news","11":"tag-featurednews","12":"tag-fi","13":"tag-finland","14":"tag-finnish","15":"tag-headlines","16":"tag-helsingin-sanomat","17":"tag-latest-news","18":"tag-latestnews","19":"tag-main-news","20":"tag-mainnews","21":"tag-news","22":"tag-otsikot","23":"tag-paauutiset","24":"tag-suomi","25":"tag-top-stories","26":"tag-topstories","27":"tag-uutiset"},"share_on_mastodon":{"url":"https:\/\/pubeurope.com\/@fi\/115753184535808986","error":""},"_links":{"self":[{"href":"https:\/\/www.europesays.com\/fi\/wp-json\/wp\/v2\/posts\/121660","targetHints":{"allow":["GET"]}}],"collection":[{"href":"https:\/\/www.europesays.com\/fi\/wp-json\/wp\/v2\/posts"}],"about":[{"href":"https:\/\/www.europesays.com\/fi\/wp-json\/wp\/v2\/types\/post"}],"author":[{"embeddable":true,"href":"https:\/\/www.europesays.com\/fi\/wp-json\/wp\/v2\/users\/2"}],"replies":[{"embeddable":true,"href":"https:\/\/www.europesays.com\/fi\/wp-json\/wp\/v2\/comments?post=121660"}],"version-history":[{"count":0,"href":"https:\/\/www.europesays.com\/fi\/wp-json\/wp\/v2\/posts\/121660\/revisions"}],"wp:featuredmedia":[{"embeddable":true,"href":"https:\/\/www.europesays.com\/fi\/wp-json\/wp\/v2\/media\/121661"}],"wp:attachment":[{"href":"https:\/\/www.europesays.com\/fi\/wp-json\/wp\/v2\/media?parent=121660"}],"wp:term":[{"taxonomy":"category","embeddable":true,"href":"https:\/\/www.europesays.com\/fi\/wp-json\/wp\/v2\/categories?post=121660"},{"taxonomy":"post_tag","embeddable":true,"href":"https:\/\/www.europesays.com\/fi\/wp-json\/wp\/v2\/tags?post=121660"}],"curies":[{"name":"wp","href":"https:\/\/api.w.org\/{rel}","templated":true}]}}