{"id":121678,"date":"2025-12-20T18:22:15","date_gmt":"2025-12-20T18:22:15","guid":{"rendered":"https:\/\/www.europesays.com\/fi\/121678\/"},"modified":"2025-12-20T18:22:15","modified_gmt":"2025-12-20T18:22:15","slug":"puhtaasti-ampunut-suvi-minkkinen-nousi-toiseksi-maailmancupin-takaa-ajossa-siirtyi-samalla-takaa-ajocupin-johtoon","status":"publish","type":"post","link":"https:\/\/www.europesays.com\/fi\/121678\/","title":{"rendered":"Puhtaasti ampunut Suvi Minkkinen nousi toiseksi maailmancupin takaa-ajossa \u2013 siirtyi samalla takaa-ajocupin johtoon"},"content":{"rendered":"<p>    <img decoding=\"async\" class=\"responsive-image article__image-image lozad\"   src=\"https:\/\/www.europesays.com\/fi\/wp-content\/uploads\/2025\/12\/oobfmP8qj0LwW--jTrznY3PUJufzNJftWekjGtFKG3afmSy0knofjPiiJcihfOgUV9SqhnXaRDmCz61PyoCABvrNyjTdB55jZLCS.jpeg\" alt=\"Kaikki 20 laukaustaan tauluun ampunut Suvi Minkkinen h\u00e4visi puoli minuuttia Ranskan Lou Jeanmonnot'lle.\"\/><\/p>\n<p>\n                Kaikki 20 laukaustaan tauluun ampunut Suvi Minkkinen h\u00e4visi puoli minuuttia Ranskan Lou Jeanmonnot&#8217;lle.\n              <\/p>\n<p>\n                Kuva: Bjorn Larsson Rosvall \/ AFP \/ Lehtikuva\n              <\/p>\n<p class=\"article__paragraph\">\n      Suvi Minkkinen on sijoittunut toiseksi ampumahiihdon naisten maailmancupin takaa-ajokisassa Ranskassa.\n    <\/p>\n<p class=\"article__paragraph\">\n      Kaikki 20 laukaustaan tauluun ampunut Minkkinen h\u00e4visi puoli minuuttia Ranskan Lou Jeanmonnot&#8217;lle, joka voitti 10 kilometrin mittaisen kilpailun Annecy-Le Grand Bornandissa. Kolmas takaa-ajon j\u00e4lkeen maalissa oli Italian Dorothea Wierer.\n    <\/p>\n<p class=\"article__paragraph\">\n      Minkkinen oli takaa-ajoa toissa p\u00e4iv\u00e4n\u00e4 edelt\u00e4neess\u00e4 pikakisassa kuudes. H\u00e4n k\u00e4rsi alkuviikosta ruokamyrkytyksest\u00e4, joten jaksaminen samalla viikolla toisessa maailmancup-kilpailussa oli arvoitus.\n    <\/p>\n<p class=\"article__paragraph\">\n      Ranskan Jeanmonnot siirtyi maailmancupin kokonaiskilpailun johtoon ohi Ruotsin Anna Magnussonin. Minkkinen kipusi cupin kokonaiskisassa nelj\u00e4nneksi ja takaa-ajocupin johtoon.\n    <\/p>\n<p class=\"article__paragraph\">\n      Minkkinen otti uransa ensimm\u00e4isen maailmancup-voiton joulukuun alussa kauden cup-avaustapahtumassa Ruotsin \u00d6stersundissa, jossa h\u00e4n oli ykk\u00f6nen pikakilpailussa. H\u00e4nell\u00e4 on cup-kauden takaa-ajokisoista nyt kaksi kakkossijaa.\n    <\/p>\n<p class=\"article__paragraph\">\n      Venla Lehtonen, Suomen toinen kilpailija Annecy-Le Grand Bornandissa, \u00a0ampui takaa-ajossa kolme sakkoa ja oli 50:s.\n    <\/p>\n<p class=\"article__paragraph\">\n      Naisten maailmancup jatkuu huomenna yhteisl\u00e4ht\u00f6kilpailulla, jossa Minkkinen on mukana ainoana suomalaisena.\n    <\/p>\n","protected":false},"excerpt":{"rendered":"Kaikki 20 laukaustaan tauluun ampunut Suvi Minkkinen h\u00e4visi puoli minuuttia Ranskan Lou Jeanmonnot&#8217;lle. Kuva: Bjorn Larsson Rosvall \/&hellip;\n","protected":false},"author":2,"featured_media":121679,"comment_status":"","ping_status":"","sticky":false,"template":"","format":"standard","meta":{"footnotes":""},"categories":[5],"tags":[22,23,26,27,33,31,30,17,24,25,28,29,15,18,21,32,19,20,16],"class_list":{"0":"post-121678","1":"post","2":"type-post","3":"status-publish","4":"format-standard","5":"has-post-thumbnail","7":"category-otsikot","8":"tag-breaking-news","9":"tag-breakingnews","10":"tag-featured-news","11":"tag-featurednews","12":"tag-fi","13":"tag-finland","14":"tag-finnish","15":"tag-headlines","16":"tag-latest-news","17":"tag-latestnews","18":"tag-main-news","19":"tag-mainnews","20":"tag-news","21":"tag-otsikot","22":"tag-paauutiset","23":"tag-suomi","24":"tag-top-stories","25":"tag-topstories","26":"tag-uutiset"},"share_on_mastodon":{"url":"https:\/\/pubeurope.com\/@fi\/115753290732125143","error":""},"_links":{"self":[{"href":"https:\/\/www.europesays.com\/fi\/wp-json\/wp\/v2\/posts\/121678","targetHints":{"allow":["GET"]}}],"collection":[{"href":"https:\/\/www.europesays.com\/fi\/wp-json\/wp\/v2\/posts"}],"about":[{"href":"https:\/\/www.europesays.com\/fi\/wp-json\/wp\/v2\/types\/post"}],"author":[{"embeddable":true,"href":"https:\/\/www.europesays.com\/fi\/wp-json\/wp\/v2\/users\/2"}],"replies":[{"embeddable":true,"href":"https:\/\/www.europesays.com\/fi\/wp-json\/wp\/v2\/comments?post=121678"}],"version-history":[{"count":0,"href":"https:\/\/www.europesays.com\/fi\/wp-json\/wp\/v2\/posts\/121678\/revisions"}],"wp:featuredmedia":[{"embeddable":true,"href":"https:\/\/www.europesays.com\/fi\/wp-json\/wp\/v2\/media\/121679"}],"wp:attachment":[{"href":"https:\/\/www.europesays.com\/fi\/wp-json\/wp\/v2\/media?parent=121678"}],"wp:term":[{"taxonomy":"category","embeddable":true,"href":"https:\/\/www.europesays.com\/fi\/wp-json\/wp\/v2\/categories?post=121678"},{"taxonomy":"post_tag","embeddable":true,"href":"https:\/\/www.europesays.com\/fi\/wp-json\/wp\/v2\/tags?post=121678"}],"curies":[{"name":"wp","href":"https:\/\/api.w.org\/{rel}","templated":true}]}}