{"id":121684,"date":"2025-12-20T18:37:09","date_gmt":"2025-12-20T18:37:09","guid":{"rendered":"https:\/\/www.europesays.com\/fi\/121684\/"},"modified":"2025-12-20T18:37:09","modified_gmt":"2025-12-20T18:37:09","slug":"sastamalassa-kuvattu-sarja-on-ehdolla-vuoden-ohjelmaksi-tata-kaikkea-tv-julkisuus-on-tuonut-tekijoille","status":"publish","type":"post","link":"https:\/\/www.europesays.com\/fi\/121684\/","title":{"rendered":"Sastamalassa kuvattu sarja on ehdolla Vuoden ohjelmaksi \u2013 T\u00e4t\u00e4 kaikkea tv-julkisuus on tuonut tekij\u00f6ille"},"content":{"rendered":"<p>Special rescue -toimintaa edist\u00e4m\u00e4\u00e4n perustettiin t\u00e4n\u00e4 syksyn\u00e4 yhdistys.<\/p>\n<p class=\"article-body mb-nof-24 px-nof-16\">Sastamalassa pitk\u00e4lti kuvattu Special rescue \u2013 Asema 63 -televisiosarja on ehdolla vuoden 2025 Kultainen Venla -yleis\u00f6\u00e4\u00e4nestyksess\u00e4. Sarja on ehdolla Vuoden ohjelmaksi.<\/p>\n<p class=\"article-body mb-nof-24 px-nof-16\">Special rescue -sarjassa seurataan Illon special rescue -osaston toimintaa ja seitsem\u00e4n erityist\u00e4 tukea tarvitsevan vapaapalokuntalaisen el\u00e4m\u00e4\u00e4. Sarjan p\u00e4\u00e4henkil\u00f6ist\u00e4 viisi on Sastamalasta ja kaksi Huittisista.<\/p>\n","protected":false},"excerpt":{"rendered":"Special rescue -toimintaa edist\u00e4m\u00e4\u00e4n perustettiin t\u00e4n\u00e4 syksyn\u00e4 yhdistys. Sastamalassa pitk\u00e4lti kuvattu Special rescue \u2013 Asema 63 -televisiosarja on&hellip;\n","protected":false},"author":2,"featured_media":121685,"comment_status":"","ping_status":"","sticky":false,"template":"","format":"standard","meta":{"footnotes":""},"categories":[133],"tags":[137,33,31,30,32,206,156,3885,109],"class_list":{"0":"post-121684","1":"post","2":"type-post","3":"status-publish","4":"format-standard","5":"has-post-thumbnail","7":"category-televisiot","8":"tag-entertainment","9":"tag-fi","10":"tag-finland","11":"tag-finnish","12":"tag-suomi","13":"tag-televisiot","14":"tag-tv","15":"tag-tyrvaan-sanomat","16":"tag-viihde"},"share_on_mastodon":{"url":"","error":""},"_links":{"self":[{"href":"https:\/\/www.europesays.com\/fi\/wp-json\/wp\/v2\/posts\/121684","targetHints":{"allow":["GET"]}}],"collection":[{"href":"https:\/\/www.europesays.com\/fi\/wp-json\/wp\/v2\/posts"}],"about":[{"href":"https:\/\/www.europesays.com\/fi\/wp-json\/wp\/v2\/types\/post"}],"author":[{"embeddable":true,"href":"https:\/\/www.europesays.com\/fi\/wp-json\/wp\/v2\/users\/2"}],"replies":[{"embeddable":true,"href":"https:\/\/www.europesays.com\/fi\/wp-json\/wp\/v2\/comments?post=121684"}],"version-history":[{"count":0,"href":"https:\/\/www.europesays.com\/fi\/wp-json\/wp\/v2\/posts\/121684\/revisions"}],"wp:featuredmedia":[{"embeddable":true,"href":"https:\/\/www.europesays.com\/fi\/wp-json\/wp\/v2\/media\/121685"}],"wp:attachment":[{"href":"https:\/\/www.europesays.com\/fi\/wp-json\/wp\/v2\/media?parent=121684"}],"wp:term":[{"taxonomy":"category","embeddable":true,"href":"https:\/\/www.europesays.com\/fi\/wp-json\/wp\/v2\/categories?post=121684"},{"taxonomy":"post_tag","embeddable":true,"href":"https:\/\/www.europesays.com\/fi\/wp-json\/wp\/v2\/tags?post=121684"}],"curies":[{"name":"wp","href":"https:\/\/api.w.org\/{rel}","templated":true}]}}