{"id":121688,"date":"2025-12-20T18:42:08","date_gmt":"2025-12-20T18:42:08","guid":{"rendered":"https:\/\/www.europesays.com\/fi\/121688\/"},"modified":"2025-12-20T18:42:08","modified_gmt":"2025-12-20T18:42:08","slug":"yhteistyota-bonon-claptonin-adamsin-ja-pavarottin-kanssa-maailman-suurimpiin-bluesrock-nimiin-kuuluva-mies-tampere-taloon-paikalliset","status":"publish","type":"post","link":"https:\/\/www.europesays.com\/fi\/121688\/","title":{"rendered":"Yhteisty\u00f6t\u00e4 Bonon, Claptonin, Adamsin ja Pavarottin kanssa \u2013 Maailman suurimpiin bluesrock-nimiin kuuluva mies Tampere-taloon | Paikalliset"},"content":{"rendered":"<p>Jo vuonna 1983 ensimm\u00e4isen studioalbuminsa julkaissut ja t\u00e4n\u00e4 vuonna 70 vuotta t\u00e4ytt\u00e4nyt bluesrokkari <strong>Zucchero<\/strong> alias <strong>Adelmo Fornaciari<\/strong> teki pari vuotta sitten paluun suurille areenoille, ja ensi vuonna h\u00e4n konsertoi j\u00e4lleen ymp\u00e4ri Euroopan.<\/p>\n<p>Muun muassa kaksi Lontoon Royal Albert Hallin konserttia sis\u00e4lt\u00e4v\u00e4 kiertue saapuu my\u00f6s Suomeen, jossa Zucchero n\u00e4hd\u00e4\u00e4n 27. lokakuuta Tampere-talossa.<\/p>\n<p>Zucchero on ehtinyt pitk\u00e4ll\u00e4 ja aktiivisella urallaan saavuttaa melkoisia virstanpylv\u00e4it\u00e4, joista esimerkkein\u00e4 ovat yli 60 miljoonaa myyty\u00e4 levy\u00e4, esiintyminen ensimm\u00e4isen\u00e4 l\u00e4nsimaisena artistina Kremliss\u00e4 Berliinin muurin murtumisen j\u00e4lkeen sek\u00e4<strong> Luciano Pavarottin<\/strong> kanssa ideoitu, ensimm\u00e4ist\u00e4 kertaa vuonna 1992 j\u00e4rjestetty Pavarotti &amp; Friends -hyv\u00e4ntekev\u00e4isyyskonsertti, joita j\u00e4rjestettiin 11 vuoden ajan suorana ymp\u00e4ri maailman.<\/p>\n<p>Zucchero on n\u00e4hty muun muassa <strong>Bonon<\/strong> kutsumana Net Aid -hyv\u00e4ntekev\u00e4isyyskonsertissa, vuoden 1994 Woodstockissa sek\u00e4 Stingin mobilisoimassa Rainforest Fund -tapahtumassa.<\/p>\n<p>Italialaist\u00e4hden suurin biisi Senza Una Donna, julkaistiin my\u00f6s duettona <strong>Paul Youngin <\/strong>kanssa, ja single lukeutuu edelleen radioiden soittolistojen vakiobiiseihin ymp\u00e4ri maailman.<\/p>\n<p>Zucchero on tehnyt menestyksek\u00e4st\u00e4 yhteisty\u00f6t\u00e4 my\u00f6s esimerkiksi <strong>Bryan Adamsin, Tom Jonesin, Eric Claptonin, Miles Davisin, Joe Cockerin <\/strong>sek\u00e4 <strong>Ennio Morriconen<\/strong> kanssa.<\/p>\n","protected":false},"excerpt":{"rendered":"Jo vuonna 1983 ensimm\u00e4isen studioalbuminsa julkaissut ja t\u00e4n\u00e4 vuonna 70 vuotta t\u00e4ytt\u00e4nyt bluesrokkari Zucchero alias Adelmo Fornaciari teki&hellip;\n","protected":false},"author":2,"featured_media":121689,"comment_status":"","ping_status":"","sticky":false,"template":"","format":"standard","meta":{"footnotes":""},"categories":[130],"tags":[138,137,2267,33,31,30,3142,47,141,32,484,5257,109],"class_list":{"0":"post-121688","1":"post","2":"type-post","3":"status-publish","4":"format-standard","5":"has-post-thumbnail","7":"category-viihde","8":"tag-audio","9":"tag-entertainment","10":"tag-eurooppa","11":"tag-fi","12":"tag-finland","13":"tag-finnish","14":"tag-lontoo","15":"tag-musiikki","16":"tag-muusikot-bandit","17":"tag-suomi","18":"tag-taiteellinen-ilmaisu-ja-mediat","19":"tag-tampere-talo","20":"tag-viihde"},"share_on_mastodon":{"url":"https:\/\/pubeurope.com\/@fi\/115753369252033258","error":""},"_links":{"self":[{"href":"https:\/\/www.europesays.com\/fi\/wp-json\/wp\/v2\/posts\/121688","targetHints":{"allow":["GET"]}}],"collection":[{"href":"https:\/\/www.europesays.com\/fi\/wp-json\/wp\/v2\/posts"}],"about":[{"href":"https:\/\/www.europesays.com\/fi\/wp-json\/wp\/v2\/types\/post"}],"author":[{"embeddable":true,"href":"https:\/\/www.europesays.com\/fi\/wp-json\/wp\/v2\/users\/2"}],"replies":[{"embeddable":true,"href":"https:\/\/www.europesays.com\/fi\/wp-json\/wp\/v2\/comments?post=121688"}],"version-history":[{"count":0,"href":"https:\/\/www.europesays.com\/fi\/wp-json\/wp\/v2\/posts\/121688\/revisions"}],"wp:featuredmedia":[{"embeddable":true,"href":"https:\/\/www.europesays.com\/fi\/wp-json\/wp\/v2\/media\/121689"}],"wp:attachment":[{"href":"https:\/\/www.europesays.com\/fi\/wp-json\/wp\/v2\/media?parent=121688"}],"wp:term":[{"taxonomy":"category","embeddable":true,"href":"https:\/\/www.europesays.com\/fi\/wp-json\/wp\/v2\/categories?post=121688"},{"taxonomy":"post_tag","embeddable":true,"href":"https:\/\/www.europesays.com\/fi\/wp-json\/wp\/v2\/tags?post=121688"}],"curies":[{"name":"wp","href":"https:\/\/api.w.org\/{rel}","templated":true}]}}