{"id":121694,"date":"2025-12-20T18:46:13","date_gmt":"2025-12-20T18:46:13","guid":{"rendered":"https:\/\/www.europesays.com\/fi\/121694\/"},"modified":"2025-12-20T18:46:13","modified_gmt":"2025-12-20T18:46:13","slug":"reuters-yhdysvallat-valtasi-jo-toisen-tankkerin-venezuelan-rannikolla-uutisia-lyhyesti","status":"publish","type":"post","link":"https:\/\/www.europesays.com\/fi\/121694\/","title":{"rendered":"Reuters: Yhdysvallat valtasi jo toisen tankkerin Venezuelan rannikolla | Uutisia lyhyesti"},"content":{"rendered":"<p class=\"aw-1gybjub aw-5vja16 kEtdKx kmuxyA yle__article__paragraph\">Pakotteiden alla oleva tankkeri vallattiin kansainv\u00e4lisell\u00e4 vesialueella.<\/p>\n<p>19:13\u2022P\u00e4ivitetty 19:16<\/p>\n<p class=\"aw-1gybjub aw-1p7kakr kEtdKx cEmitX yle__article__paragraph\">Yhdysvaltain merivartiosto on vallannut jo toisen tankkilaivan Venezuelan l\u00e4hivesill\u00e4. Asiasta kertoo uutistoimisto Reuters, joka on saanut tiedon kolmelta yhdysvaltalaiselta, nimett\u00f6m\u00e4n\u00e4 pysyttelev\u00e4lt\u00e4 virkamiehelt\u00e4.<\/p>\n<p class=\"aw-1gybjub aw-1p7kakr kEtdKx cEmitX yle__article__paragraph\">Valtaus tapahtui kansainv\u00e4lisell\u00e4 merialueella, Reuters kertoo.<\/p>\n<p class=\"aw-1gybjub aw-1p7kakr kEtdKx cEmitX yle__article__paragraph\">Yhdysvaltain presidentti <strong class=\"aw-ak79eh KyCXm yle__article__strong\">Donald Trump<\/strong> m\u00e4\u00e4r\u00e4si alkuviikosta sulun kaikille Venezuelaan matkalla oleville tai sielt\u00e4 tuleville tankkereille, jotka olivat Yhdysvaltain pakotteiden piiriss\u00e4.<\/p>\n<p class=\"aw-1gybjub aw-1p7kakr kEtdKx cEmitX yle__article__paragraph\">10. joulukuuta tapahtuneen ensimm\u00e4isen tankkerivaltauksen j\u00e4lkeen Venezuelan \u00f6ljynvienti on romahtanut.<\/p>\n<p class=\"aw-1gybjub aw-1p7kakr kEtdKx cEmitX yle__article__paragraph\">Yhdysvallat on koonnut sotavoimaa Venezuelan l\u00e4hist\u00f6lle. Venezuelan presidentti <strong class=\"aw-ak79eh KyCXm yle__article__strong\">Nicolas Maduro<\/strong> sanoo, ett\u00e4 Yhdysvallat haluaa kaataa h\u00e4nen hallintonsa.<\/p>\n<p class=\"aw-1gybjub aw-1p7kakr kEtdKx cEmitX yle__article__paragraph\">L\u00e4hde: Reuters<\/p>\n","protected":false},"excerpt":{"rendered":"Pakotteiden alla oleva tankkeri vallattiin kansainv\u00e4lisell\u00e4 vesialueella. 19:13\u2022P\u00e4ivitetty 19:16 Yhdysvaltain merivartiosto on vallannut jo toisen tankkilaivan Venezuelan l\u00e4hivesill\u00e4.&hellip;\n","protected":false},"author":2,"featured_media":74,"comment_status":"","ping_status":"","sticky":false,"template":"","format":"standard","meta":{"footnotes":""},"categories":[14],"tags":[22,23,1826,26,27,33,31,30,17,5129,24,25,28,29,5092,15,7595,18,21,20836,32,19,20,56,16,7605,59,60,61,619],"class_list":{"0":"post-121694","1":"post","2":"type-post","3":"status-publish","4":"format-standard","5":"has-post-thumbnail","7":"category-ulkomaat","8":"tag-breaking-news","9":"tag-breakingnews","10":"tag-etela-amerikka","11":"tag-featured-news","12":"tag-featurednews","13":"tag-fi","14":"tag-finland","15":"tag-finnish","16":"tag-headlines","17":"tag-kansainvaliset-pakotteet","18":"tag-latest-news","19":"tag-latestnews","20":"tag-main-news","21":"tag-mainnews","22":"tag-merenkulku","23":"tag-news","24":"tag-nicolas-maduro","25":"tag-otsikot","26":"tag-paauutiset","27":"tag-sailioalukset","28":"tag-suomi","29":"tag-top-stories","30":"tag-topstories","31":"tag-ulkomaat","32":"tag-uutiset","33":"tag-venezuela","34":"tag-world","35":"tag-world-news","36":"tag-worldnews","37":"tag-yhdysvallat"},"share_on_mastodon":{"url":"https:\/\/pubeurope.com\/@fi\/115753384969323125","error":""},"_links":{"self":[{"href":"https:\/\/www.europesays.com\/fi\/wp-json\/wp\/v2\/posts\/121694","targetHints":{"allow":["GET"]}}],"collection":[{"href":"https:\/\/www.europesays.com\/fi\/wp-json\/wp\/v2\/posts"}],"about":[{"href":"https:\/\/www.europesays.com\/fi\/wp-json\/wp\/v2\/types\/post"}],"author":[{"embeddable":true,"href":"https:\/\/www.europesays.com\/fi\/wp-json\/wp\/v2\/users\/2"}],"replies":[{"embeddable":true,"href":"https:\/\/www.europesays.com\/fi\/wp-json\/wp\/v2\/comments?post=121694"}],"version-history":[{"count":0,"href":"https:\/\/www.europesays.com\/fi\/wp-json\/wp\/v2\/posts\/121694\/revisions"}],"wp:featuredmedia":[{"embeddable":true,"href":"https:\/\/www.europesays.com\/fi\/wp-json\/wp\/v2\/media\/74"}],"wp:attachment":[{"href":"https:\/\/www.europesays.com\/fi\/wp-json\/wp\/v2\/media?parent=121694"}],"wp:term":[{"taxonomy":"category","embeddable":true,"href":"https:\/\/www.europesays.com\/fi\/wp-json\/wp\/v2\/categories?post=121694"},{"taxonomy":"post_tag","embeddable":true,"href":"https:\/\/www.europesays.com\/fi\/wp-json\/wp\/v2\/tags?post=121694"}],"curies":[{"name":"wp","href":"https:\/\/api.w.org\/{rel}","templated":true}]}}