{"id":121701,"date":"2025-12-20T19:01:24","date_gmt":"2025-12-20T19:01:24","guid":{"rendered":"https:\/\/www.europesays.com\/fi\/121701\/"},"modified":"2025-12-20T19:01:24","modified_gmt":"2025-12-20T19:01:24","slug":"arvio-oulun-taitelijaseuran-yhdeksan-tekijan-nayttely-pohtii-tyoskentelyn-suhdetta-aikaan","status":"publish","type":"post","link":"https:\/\/www.europesays.com\/fi\/121701\/","title":{"rendered":"Arvio: Oulun taitelijaseuran yhdeks\u00e4n tekij\u00e4n n\u00e4yttely pohtii ty\u00f6skentelyn suhdetta aikaan"},"content":{"rendered":"<p>\n      68539,94 km\u00b2. Oulun taiteilijaseuran n\u00e4yttely Oulun kuvataiteen talossa. Esill\u00e4 21.12.2025 saakka ja j\u00e4lleen joulutauon j\u00e4lkeen 7.\u201318.1.2026.\n    <\/p>\n<p>\n      Oulun taiteilijaseuran toimintapiiri ylt\u00e4\u00e4 maantieteellisesti paljon Oulun kaupunkia laajemmalle, ja seuran j\u00e4sentaiteilijoita ty\u00f6skentelee eri puolilla Pohjois-Pohjanmaata ja Kainuuta.\n    <\/p>\n<p class=\"article__paragraph\">\n      Nyt n\u00e4ht\u00e4v\u00e4n yhteisn\u00e4yttelyn nimi viittaa seuran toiminta-alueen pinta-alaan: 68539,94 km\u00b2. N\u00e4yttelyn yhdeks\u00e4n taiteilijan \u201dkotikyli\u00e4\u201d ovat Oulun lis\u00e4ksi Raahe, Tavastkenk\u00e4 (Pyh\u00e4nt\u00e4), Puolanka, Kajaani ja Iivantiira (Kuhmo).\n    <\/p>\n<p class=\"article__paragraph\">\n      Alueellisen ulottuvuuden lis\u00e4ksi n\u00e4yttelyn kuratoinut seuran puheenjohtaja Johanna P\u00f6ykk\u00f6 on selv\u00e4sti miettinyt my\u00f6s taiteilijoiden ty\u00f6skentelyn olemusta.\n    <\/p>\n<p class=\"article__paragraph\">\n      Kokonaisuudessa korostuu ty\u00f6skentelyn suhde aikaan toisaalta hitaina tekniikkoina teosten ty\u00f6st\u00e4misess\u00e4, toisaalta vuosien ja jopa vuosikymmenten mittaisina aikajaksoina teosten sis\u00e4ll\u00f6ss\u00e4.\n    <\/p>\n<p>    <img decoding=\"async\" class=\"responsive-image article__image-image lozad\"   src=\"https:\/\/www.europesays.com\/fi\/wp-content\/uploads\/2025\/12\/qQVsbryeRonwntK-sMeEhpbMKFqdqpOwlNX3zUxxgdFfK-nWuuMjNn6G_N2hsqv6e-xc4gaFaq6gdWc8DjezBR7uTto6waW7Rylt.jpeg\" alt=\"Ariadna Donner: Eloisa ja hiljainen kes\u00e4, 2015, kuvakudos.\"\/><\/p>\n<p>\n                Ariadna Donner: Eloisa ja hiljainen kes\u00e4, 2015, kuvakudos.\n              <\/p>\n<p>\n                Kuva: Leena Kangas\n              <\/p>\n<p>    <img decoding=\"async\" class=\"responsive-image article__image-image lozad\"   src=\"https:\/\/www.europesays.com\/fi\/wp-content\/uploads\/2025\/12\/T0pLBOouUGqhTmI_VCdirSPJ0A1P4J80LHd0-E-bCTnvpwR9WQJ56JxviuqOrD2jASgngo0nQFfciNrTu66h6YzpLam2vrcNwHFd.jpeg\" alt=\"Leo Karsikas: Ainon aalto, 2011, tervattu puu.\"\/><\/p>\n<p>\n                Leo Karsikas: Ainon aalto, 2011, tervattu puu.\n              <\/p>\n<p>\n                Kuva: Leena Kangas\n              <\/p>\n<p class=\"article__paragraph\">\n      Ariadna Donnerin komeat kuvakudokset ovat erilleenkin ripustettuina pari \u2013 toinen teoksista kuvaa kes\u00e4\u00e4, toinen talvea. Donner ei teoksissaan kerro tarinoita pyhimyksist\u00e4 tai ritareista historiallisten kuvakudosten tapaan, vaan p\u00e4iv\u00e4kirjanomaisesti kutoo havaintojaan ymp\u00e4rill\u00e4\u00e4n tapahtuvasta.\n    <\/p>\n<p class=\"article__paragraph\">\n      Ilmava ripustus mahdollistaa kurkistamisen my\u00f6s teosten k\u00e4\u00e4nt\u00f6puolelle lukemattomien langanp\u00e4iden joukkoon.\n    <\/p>\n<p>Nosto<\/p>\n<p>      Kriitikko kiteytt\u00e4\u00e4<\/p>\n<p class=\"article__fact-paragraph\">\n      Yhdeks\u00e4n taiteilijan yhteisn\u00e4yttelyss\u00e4 korostuu ty\u00f6skentelyn suhde aikaan toisaalta hitaina tekniikkoina teosten ty\u00f6st\u00e4misess\u00e4, toisaalta vuosien ja jopa vuosikymmenten mittaisina aikajaksoina teosten sis\u00e4ll\u00f6ss\u00e4.\n    <\/p>\n<p class=\"article__paragraph\">\n      Leo Karsikkaan puuveistos Ainon aalto ottaa haltuunsa kokonaisen huoneen, ja ehk\u00e4 etenkin n\u00e4in \u00e4\u00e4rimmilleen pakatussa tilassa se on vaikuttava. Muuta ei tarvita.\n    <\/p>\n<p class=\"article__paragraph\">\n      Niina Kestil\u00e4n kasviaiheisten puureliefien rakenne mahdollistaa puumateriaalin kanssa ty\u00f6skentelyn joustavalla tavalla melkein kuin k\u00e4sill\u00e4 olisikin jokin pehme\u00e4 materiaali.\n    <\/p>\n<p class=\"article__paragraph\">\n      Mayumi Niiranen-Hisatomin teoksissa puunkuoret ja iho l\u00e4hestyv\u00e4t toisiaan taiteilijan pohtiessa paikkaansa osana kaikkea elollista.\n    <\/p>\n<p>    <img decoding=\"async\" class=\"responsive-image article__image-image lozad\"   src=\"https:\/\/www.europesays.com\/fi\/wp-content\/uploads\/2025\/12\/_1SL7V7R38QsYKgZdYODeoeBBq0bmFgScn5rduit1YncfCjnaLNuqSUh3gOfGTSWd_5Uo9fE2xAHw1GfjNHSJ5p8EsP-VVWZf-Pw.jpeg\" alt=\"Osa Havainnoida, el\u00e4\u00e4 ja olla Mayumi Niiranen-Hisatomin teossarjasta Maisemani Kainuussa, 2025, tuomen, haavan, koivun, pajun, lep\u00e4n ja korpipaatsaman kuoret kiilapuille.\"\/><\/p>\n<p>\n                Osa Havainnoida, el\u00e4\u00e4 ja olla Mayumi Niiranen-Hisatomin teossarjasta Maisemani Kainuussa, 2025, tuomen, haavan, koivun, pajun, lep\u00e4n ja korpipaatsaman kuoret kiilapuille.\n              <\/p>\n<p>\n                Kuva: Leena Kangas\n              <\/p>\n<p>    <img decoding=\"async\" class=\"responsive-image article__image-image lozad\"   src=\"https:\/\/www.europesays.com\/fi\/wp-content\/uploads\/2025\/12\/D6B5Cs-FszHAZgHEptZN-bx3u1_KKodpvTJxk4dlG3tj7r8SUkdj4NbhqpaSTOQ7zLO5QjJmz6CNzzQhtyxMQr7cuhpPbrvPjz4i.jpeg\" alt=\"Mari Koskela: 22\u201325, 2025, piirustus.\"\/><\/p>\n<p>\n                Mari Koskela: 22\u201325, 2025, piirustus.\n              <\/p>\n<p>\n                Kuva: Leena Kangas\n              <\/p>\n<p>    <img decoding=\"async\" class=\"responsive-image article__image-image lozad\"   src=\"https:\/\/www.europesays.com\/fi\/wp-content\/uploads\/2025\/12\/ji3M9LSu8bYM13IMJQAvJ0Nmh2mf58I-3plXCXtiGcir9ELGNLeWe-F6w5UXR7DhKm1yAii0ZvR935FS8g9UZIwH-87huNkKASTU.jpeg\" alt=\"Tuuli Ker\u00e4t\u00e4r: Pale morning, 2025, \u00f6ljyv\u00e4ri pellavakankaalle.\"\/><\/p>\n<p>\n                Tuuli Ker\u00e4t\u00e4r: Pale morning, 2025, \u00f6ljyv\u00e4ri pellavakankaalle.\n              <\/p>\n<p>\n                Kuva: Leena Kangas\n              <\/p>\n<p class=\"article__paragraph\">\n      Tuuli Ker\u00e4tt\u00e4ren hele\u00e4t maalaukset luovat tunteen siit\u00e4, ett\u00e4 ollaan matkalla, liikkeess\u00e4 ja uusien maisemien \u00e4\u00e4rell\u00e4, ilmavirran kosketus iholla.\n    <\/p>\n<p class=\"article__paragraph\">\n      Eija Hirvosen useita aikatasoja yhdist\u00e4v\u00e4 videoteos pohtii taideteoksen rakentumista.\n    <\/p>\n<p class=\"article__paragraph\">\n      Kuvassa n\u00e4kyv\u00e4t ensin pala palalta t\u00e4ydentyv\u00e4t p\u00e4iv\u00e4kirjamerkinn\u00e4t, sitten k\u00e4sity\u00f6n\u00e4 tapahtuva paperiarkin maalaus, taittelu ja muotoutuminen kukaksi. Teosta taustoittavat muun muassa amerikkalaiseen taidemaalarin Agnes Martiniin (1859\u20131951) liittyv\u00e4t tekstit.\n    <\/p>\n<p>    <img decoding=\"async\" class=\"responsive-image article__image-image lozad\"   src=\"https:\/\/www.europesays.com\/fi\/wp-content\/uploads\/2025\/12\/7BKepY_SFVNE9fRS-glp-erLt8R-5q7p27zkx637lftHR4c6NcFi2TPVTu326avQVyTTPH59QMVEDDvLyNhEDpSX-5Tp_dSr1Xmi.jpeg\" alt=\"Viktor Denisov: Pilvet karkaavat, 2025, akvarelli, akryyli, pastelli.\"\/><\/p>\n<p>\n                Viktor Denisov: Pilvet karkaavat, 2025, akvarelli, akryyli, pastelli.\n              <\/p>\n<p>\n                Kuva: Viktor Denisov\n              <\/p>\n<p class=\"article__paragraph\">\n      Viktor Denisov tallentaa akvarelli-\/akryylimaalauksiinsa maisemia varmaotteisesti. Mari Koskelan piirustus on kuin j\u00e4ttikokoinen (leveys 235,5 cm) piirtelyarkki, jossa sekalaiset visuaaliset elementit kohtaavat samalla kent\u00e4ll\u00e4.\n    <\/p>\n<p class=\"article__paragraph\">\n      Kirsi Aution Pyyhkeen tarina -teos l\u00e4htee liikkeelle 1970-luvun alusta. Se kertoo pyyhkeeseen kirjottuna yhden ihmisen ja juuri t\u00e4m\u00e4n pyyhkeen yhteisist\u00e4 vaiheista l\u00e4pi vuosikymmenten. Tarina ja tarinan v\u00e4litt\u00e4miseen valittu tekniikka ovat t\u00e4ydellinen pari.\n    <\/p>\n<p>    <img decoding=\"async\" class=\"responsive-image article__image-image lozad\"   src=\"https:\/\/www.europesays.com\/fi\/wp-content\/uploads\/2025\/12\/ON6FSmrgc6f3g46_t0nNjTYI4CSyAIGkWL5haOKV6nF8ip0PCUI3JGnca-qpYlAPasAExb8Vfr7XBUDzkmCcDLcy6pGhJ1CW7hsn.jpeg\" alt=\"Kirsi Autio: Pyyhkeen tarina, 2025, kirjonta kankaalle.\"\/><\/p>\n<p>\n                Kirsi Autio: Pyyhkeen tarina, 2025, kirjonta kankaalle.\n              <\/p>\n<p>\n                Kuva: Leena Kangas\n              <\/p>\n<p>Fakta<\/p>\n<p>      Muista my\u00f6s<\/p>\n<p class=\"article__fact-paragraph\">\n      Surusta ja siit\u00e4 toipumisesta. Takotsubo. Leena Yl\u00e4-Lylyn n\u00e4yttely Pohjoisen valokuvakeskuksen Photo North -galleriassa Oulussa, Hallituskatu 7. Esill\u00e4 21.12.2025 saakka.\n    <\/p>\n<p class=\"article__fact-paragraph\">\n      Vanhojen diakuvien uusi el\u00e4m\u00e4. Traces of an Absent Past. Katri Hein\u00e4m\u00e4en n\u00e4yttely Pohjoisen valokuvakeskuksen Aulagalleriassa Kulttuuritalo Valveella Oulussa, Hallituskatu 7. Esill\u00e4 21.12.2025 saakka.\n    <\/p>\n<p class=\"article__fact-paragraph\">\n      Nykytaidetta, koruja ja kortteja pukinkonttiin. Joulugalleria Galleria MABD:ssa Oulussa, Torikatu 4. Esill\u00e4 21.12.2025 saakka.\n    <\/p>\n<p class=\"article__fact-paragraph\">\n      Taiteellista joulutunnelmaa Hietasaaressa. Taivaan valoa ja rauhaa p\u00e4\u00e4lle maan. N\u00e4yttely Galleria Colmiossa Oulussa, Kaulapuomintie 7. Esill\u00e4 21.12.2025 saakka.\n    <\/p>\n<p class=\"article__fact-paragraph\">\n      Y\u00f6taivaan ihmeit\u00e4. Welcome to the Stars \u2013 Tervetuloa t\u00e4htiin. J-P Mets\u00e4vainion taidetta JiiPee Art Showroomissa Oulussa, Hallituskatu 12. Esill\u00e4 23.12.2025 saakka.\n    <\/p>\n<p class=\"article__fact-paragraph\">\n      S\u00e4rest\u00f6niemen taidetta oululaisista yksityiskokoelmista. Reidar S\u00e4rest\u00f6niemi 100 vuotta -juhlan\u00e4yttely Oulussa, Torikatu 7. Mukana my\u00f6s Ilkka Jaakolan valokuvateoksia S\u00e4rest\u00f6niemest\u00e4. Esill\u00e4 31.12.2025 saakka.\n    <\/p>\n<p class=\"article__fact-paragraph\">\n      Galleria kahdessa osassa. Kari Holman akvarelleja Art and After -puolella ja Anna Haanp\u00e4\u00e4-Vesenter\u00e4n n\u00e4yttely pienen taidekaupan puolella Galleria 33:ssa Oulussa, Hallituskatu 33. Esill\u00e4 6.1.2026 saakka, joulun aikaan suljettuna.\n    <\/p>\n<p class=\"article__fact-paragraph\">\n      Moderneja ja perinteisi\u00e4 himmeleit\u00e4 lasista. Valon taika. Tuija Rajam\u00e4en lasihimmelin\u00e4yttely Galleria My\u00f6t\u00e4tuulessa Raahessa, Kirkkokatu 28 (3. krs). Esill\u00e4 28.1.2026 saakka.\n    <\/p>\n","protected":false},"excerpt":{"rendered":"68539,94 km\u00b2. Oulun taiteilijaseuran n\u00e4yttely Oulun kuvataiteen talossa. Esill\u00e4 21.12.2025 saakka ja j\u00e4lleen joulutauon j\u00e4lkeen 7.\u201318.1.2026. Oulun taiteilijaseuran&hellip;\n","protected":false},"author":2,"featured_media":121702,"comment_status":"","ping_status":"","sticky":false,"template":"","format":"standard","meta":{"footnotes":""},"categories":[135],"tags":[389,387,388,390,137,33,31,30,32,394,393,391,392,109],"class_list":{"0":"post-121701","1":"post","2":"type-post","3":"status-publish","4":"format-standard","5":"has-post-thumbnail","7":"category-taiteet-ja-suunnittelu","8":"tag-arts","9":"tag-arts-and-design","10":"tag-artsanddesign","11":"tag-design","12":"tag-entertainment","13":"tag-fi","14":"tag-finland","15":"tag-finnish","16":"tag-suomi","17":"tag-suunnittelu","18":"tag-taiteet","19":"tag-taiteet-ja-suunnittelu","20":"tag-taiteetsuunnittelu","21":"tag-viihde"},"share_on_mastodon":{"url":"https:\/\/pubeurope.com\/@fi\/115753444100480080","error":""},"_links":{"self":[{"href":"https:\/\/www.europesays.com\/fi\/wp-json\/wp\/v2\/posts\/121701","targetHints":{"allow":["GET"]}}],"collection":[{"href":"https:\/\/www.europesays.com\/fi\/wp-json\/wp\/v2\/posts"}],"about":[{"href":"https:\/\/www.europesays.com\/fi\/wp-json\/wp\/v2\/types\/post"}],"author":[{"embeddable":true,"href":"https:\/\/www.europesays.com\/fi\/wp-json\/wp\/v2\/users\/2"}],"replies":[{"embeddable":true,"href":"https:\/\/www.europesays.com\/fi\/wp-json\/wp\/v2\/comments?post=121701"}],"version-history":[{"count":0,"href":"https:\/\/www.europesays.com\/fi\/wp-json\/wp\/v2\/posts\/121701\/revisions"}],"wp:featuredmedia":[{"embeddable":true,"href":"https:\/\/www.europesays.com\/fi\/wp-json\/wp\/v2\/media\/121702"}],"wp:attachment":[{"href":"https:\/\/www.europesays.com\/fi\/wp-json\/wp\/v2\/media?parent=121701"}],"wp:term":[{"taxonomy":"category","embeddable":true,"href":"https:\/\/www.europesays.com\/fi\/wp-json\/wp\/v2\/categories?post=121701"},{"taxonomy":"post_tag","embeddable":true,"href":"https:\/\/www.europesays.com\/fi\/wp-json\/wp\/v2\/tags?post=121701"}],"curies":[{"name":"wp","href":"https:\/\/api.w.org\/{rel}","templated":true}]}}