{"id":121703,"date":"2025-12-20T19:03:08","date_gmt":"2025-12-20T19:03:08","guid":{"rendered":"https:\/\/www.europesays.com\/fi\/121703\/"},"modified":"2025-12-20T19:03:08","modified_gmt":"2025-12-20T19:03:08","slug":"taman-hetken-puhutuimman-tv-sarjan-tahti-toivoo-ristiriitaista-palautetta-hyva-vain-etta-se-herattaa-keskustelua","status":"publish","type":"post","link":"https:\/\/www.europesays.com\/fi\/121703\/","title":{"rendered":"T\u00e4m\u00e4n hetken puhutuimman tv-sarjan t\u00e4hti toivoo ristiriitaista palautetta &#8211; &#8221;Hyv\u00e4 vain, ett\u00e4 se her\u00e4tt\u00e4\u00e4 keskustelua&#8221;"},"content":{"rendered":"<p>Apple TV:n Pluribus-sarjan t\u00e4hti <strong>Rhea Seehorn<\/strong> kertoi tuoreessa haastattelussa fanien reaktioista, p\u00e4\u00e4henkil\u00f6n identiteetist\u00e4, sek\u00e4 sarjan luonteesta ylip\u00e4\u00e4t\u00e4\u00e4n.<\/p>\n<p>Seehornilta kysyttiin, tulevatko katsojat olemaan tyytyv\u00e4isi\u00e4 h\u00e4nen roolihahmonsa Carolin tekemiin p\u00e4\u00e4t\u00f6ksiin, vai onko luvassa \u201dvihaisia twiittej\u00e4\u201d kauden j\u00e4lkeen?<\/p>\n<p>\u201cToivottavasti molempia. Se olisi paras mahdollinen lopputulos. On hienoa, ett\u00e4 sarja synnytt\u00e4\u00e4 keskustelua\u201d, h\u00e4n vastasi.<\/p>\n<p>Lue my\u00f6s: <a href=\"https:\/\/www.episodi.fi\/uutiset\/tama-sarja-rikkoo-ennatyksia-siihen-malliin-etta-kaikki-kritiikki-nollautuu\/\" title=\"T\u00e4m\u00e4 sarja rikkoo enn\u00e4tyksi\u00e4 siihen malliin, ett\u00e4 kaikki kritiikki nollautuu\" class=\"underline-custom !font-montserrat !font-bold !underline-offset-4 !decoration-4 !decoration-episodi-blue !text-md\" rel=\"nofollow noopener\" target=\"_blank\">T\u00e4m\u00e4 sarja rikkoo enn\u00e4tyksi\u00e4 siihen malliin, ett\u00e4 kaikki kritiikki nollautuu<\/a><\/p>\n<p>Lue my\u00f6s: <a href=\"https:\/\/www.episodi.fi\/uutiset\/huippusuositun-apple-tv-plus-sarjan-tekija-ei-halua-kertoa-mista-siina-on-kysymys\/\" title=\"Huippusuositun Apple TV Plus -sarjan tekij\u00e4 ei halua kertoa mist\u00e4 siin\u00e4 on kysymys\" class=\"underline-custom !font-montserrat !font-bold !underline-offset-4 !decoration-4 !decoration-episodi-blue !text-md\" rel=\"nofollow noopener\" target=\"_blank\">Huippusuositun Apple TV Plus -sarjan tekij\u00e4 ei halua kertoa mist\u00e4 siin\u00e4 on kysymys<\/a><\/p>\n<p>Seehornilta kysyttiin my\u00f6s Carol-hahmon seksuaalisuudesta. H\u00e4n on lesbo ja sarjassa tuodaan esille, ett\u00e4 h\u00e4nen menneisyyteens\u00e4 kuului konversioterapia, jossa Carolia yritettiin \u201dparantaa\u201d lesboudestaan. <\/p>\n<p>T\u00e4m\u00e4 on poikinut paljon katsojapalautetta.<\/p>\n<p>\u201dH\u00e4n on lesbo, joka el\u00e4\u00e4 rakastavassa suhteessa \u2013 eik\u00e4 siin\u00e4 ole mit\u00e4\u00e4n outoa. Hahmo on moniulotteisempi kuin pelkk\u00e4 h\u00e4nen sukupuolensa tai seksuaalisuutensa\u201d.<\/p>\n<p>\u201dLuotan <strong>Vince Gilliganiin <\/strong>ja k\u00e4sikirjoitustiimiin. He kunnioittavat katsojien \u00e4lykkyytt\u00e4, eiv\u00e4tk\u00e4 t\u00e4ht\u00e4\u00e4 shokkiarvoon, vaan viev\u00e4t sit\u00e4 suuntiin, joita ei osaisi odottaa\u201d, Seehorn vastasi.<\/p>\n<p><img loading=\"lazy\" decoding=\"async\" alt=\"YouTube video\" width=\"480\" height=\"360\" data-pin-nopin=\"true\" nopin=\"nopin\" class=\"perfmatters-lazy\" src=\"https:\/\/www.europesays.com\/fi\/wp-content\/uploads\/2025\/12\/1766257388_310_hqdefault.jpg\"\/><\/p>\n<p>Lue my\u00f6s: <a href=\"https:\/\/www.episodi.fi\/uutiskirje\/?uutiskirjemainos=tekstilinkkimainos\" title=\"Tilaa Episodin uutiskirje ja voit voittaa leffalippuja! Nappaa tv-vinkit suoraan s\u00e4hk\u00f6postiin t\u00e4st\u00e4.\" class=\"underline-custom !font-montserrat !font-bold !underline-offset-4 !decoration-4 !decoration-episodi-blue !text-md\" rel=\"nofollow noopener\" target=\"_blank\">Tilaa Episodin uutiskirje ja voit voittaa leffalippuja! Nappaa katseluvinkit suoraan s\u00e4hk\u00f6postiin t\u00e4st\u00e4.<\/a><\/p>\n","protected":false},"excerpt":{"rendered":"Apple TV:n Pluribus-sarjan t\u00e4hti Rhea Seehorn kertoi tuoreessa haastattelussa fanien reaktioista, p\u00e4\u00e4henkil\u00f6n identiteetist\u00e4, sek\u00e4 sarjan luonteesta ylip\u00e4\u00e4t\u00e4\u00e4n. Seehornilta&hellip;\n","protected":false},"author":2,"featured_media":121704,"comment_status":"","ping_status":"","sticky":false,"template":"","format":"standard","meta":{"footnotes":""},"categories":[133],"tags":[137,33,31,30,16917,353,32,206,156,109],"class_list":{"0":"post-121703","1":"post","2":"type-post","3":"status-publish","4":"format-standard","5":"has-post-thumbnail","7":"category-televisiot","8":"tag-entertainment","9":"tag-fi","10":"tag-finland","11":"tag-finnish","12":"tag-pluribus","13":"tag-rhea-seehorn","14":"tag-suomi","15":"tag-televisiot","16":"tag-tv","17":"tag-viihde"},"share_on_mastodon":{"url":"https:\/\/pubeurope.com\/@fi\/115753451922111032","error":""},"_links":{"self":[{"href":"https:\/\/www.europesays.com\/fi\/wp-json\/wp\/v2\/posts\/121703","targetHints":{"allow":["GET"]}}],"collection":[{"href":"https:\/\/www.europesays.com\/fi\/wp-json\/wp\/v2\/posts"}],"about":[{"href":"https:\/\/www.europesays.com\/fi\/wp-json\/wp\/v2\/types\/post"}],"author":[{"embeddable":true,"href":"https:\/\/www.europesays.com\/fi\/wp-json\/wp\/v2\/users\/2"}],"replies":[{"embeddable":true,"href":"https:\/\/www.europesays.com\/fi\/wp-json\/wp\/v2\/comments?post=121703"}],"version-history":[{"count":0,"href":"https:\/\/www.europesays.com\/fi\/wp-json\/wp\/v2\/posts\/121703\/revisions"}],"wp:featuredmedia":[{"embeddable":true,"href":"https:\/\/www.europesays.com\/fi\/wp-json\/wp\/v2\/media\/121704"}],"wp:attachment":[{"href":"https:\/\/www.europesays.com\/fi\/wp-json\/wp\/v2\/media?parent=121703"}],"wp:term":[{"taxonomy":"category","embeddable":true,"href":"https:\/\/www.europesays.com\/fi\/wp-json\/wp\/v2\/categories?post=121703"},{"taxonomy":"post_tag","embeddable":true,"href":"https:\/\/www.europesays.com\/fi\/wp-json\/wp\/v2\/tags?post=121703"}],"curies":[{"name":"wp","href":"https:\/\/api.w.org\/{rel}","templated":true}]}}