{"id":121711,"date":"2025-12-20T19:11:12","date_gmt":"2025-12-20T19:11:12","guid":{"rendered":"https:\/\/www.europesays.com\/fi\/121711\/"},"modified":"2025-12-20T19:11:12","modified_gmt":"2025-12-20T19:11:12","slug":"kokkolan-koivuhaan-sahkokatkos-johtui-muuntajaviasta","status":"publish","type":"post","link":"https:\/\/www.europesays.com\/fi\/121711\/","title":{"rendered":"Kokkolan Koivuhaan s\u00e4hk\u00f6katkos johtui muuntajaviasta"},"content":{"rendered":"<p>                                  Paikallisuutiset<\/p>\n<p>                <img loading=\"lazy\" decoding=\"async\" itemprop=\"contentUrl\" class=\"figure-img img-fluid\"  src=\"https:\/\/www.europesays.com\/fi\/wp-content\/uploads\/2025\/12\/1766257872_884_imengine.public.prod.hil.infomaker.io\" width=\"3840\" height=\"2561\"  alt=\"\"\/><\/p>\n<p>                                    S\u00e4hk\u00f6katkos kosketti noin 1500 asiakasta.<br \/>\n                                                    Kuva:<br \/>\n                    Emmi Korhonen<\/p>\n<p>      MAINOS &#8211; juttu jatkuu mainoksen j\u00e4lkeen<\/p>\n<p>      MAINOS &#8211; mainos p\u00e4\u00e4ttyy<\/p>\n<p class=\"ew-body\">Kokkolan Koivuhaan alueella oli perjantai-iltana laaja s\u00e4hk\u00f6katkos, joka kosketti noin 1 500 asukasta. S\u00e4hk\u00f6njakelu keskeytyi kello 18 muuntajan rikkoutumisen vuoksi.<\/p>\n<p class=\"ew-body\">S\u00e4hk\u00f6njakelusta vastaava Kokkolan Energia ryhtyi vian ilmetty\u00e4 nopeasti korjaustoimiin. Ensimm\u00e4iset asiakkaat saivat s\u00e4hk\u00f6t takaisin n<\/p>\n<p>  <a class=\"btn btn-secondary btn-icon-left\" href=\"#coral_thread\"><br \/>\n    <img decoding=\"async\" src=\"https:\/\/www.keskipohjanmaa.fi\/wp-content\/themes\/hilla-theme\/assets\/img\/icon_comments.svg\" alt=\"\"\/><br \/>\n    Kommentoi<br \/>\n    \u00a0(0)<br \/>\n  <\/a><\/p>\n<p>  <a class=\"btn btn-secondary btn-icon-left mailto_web\" href=\"mailto:toimitus@keskipohjanmaa.fi?subject=Ilmoita%20asiavirheest%C3%A4&amp;body=Otsikko%3A%20Kokkolan%20Koivuhaan%20s%C3%A4hk%C3%B6katkos%20johtui%20muuntajaviasta%0AUuid%3A%20d039228d-072f-4a62-9ed2-37c8110ce29d%0AUrl%3A%20https%3A%2F%2Fwww.keskipohjanmaa.fi%2Fartikkeli%2Fkokkolan-koivuhaan-sahkokatkos-johtui-muuntajaviasta\"><br \/>\n    <img decoding=\"async\" src=\"https:\/\/www.keskipohjanmaa.fi\/wp-content\/themes\/hilla-theme\/assets\/img\/icon_feedback.svg\" alt=\"\"\/><br \/>\n    Ilmoita asiavirheest\u00e4<br \/>\n  <\/a><\/p>\n","protected":false},"excerpt":{"rendered":"Paikallisuutiset S\u00e4hk\u00f6katkos kosketti noin 1500 asiakasta. Kuva: Emmi Korhonen MAINOS &#8211; juttu jatkuu mainoksen j\u00e4lkeen MAINOS &#8211; mainos&hellip;\n","protected":false},"author":2,"featured_media":121712,"comment_status":"","ping_status":"","sticky":false,"template":"","format":"standard","meta":{"footnotes":""},"categories":[76],"tags":[79,77,33,31,30,32,78],"class_list":{"0":"post-121711","1":"post","2":"type-post","3":"status-publish","4":"format-standard","5":"has-post-thumbnail","7":"category-talous","8":"tag-business","9":"tag-economy","10":"tag-fi","11":"tag-finland","12":"tag-finnish","13":"tag-suomi","14":"tag-talous"},"share_on_mastodon":{"url":"https:\/\/pubeurope.com\/@fi\/115753483555587355","error":""},"_links":{"self":[{"href":"https:\/\/www.europesays.com\/fi\/wp-json\/wp\/v2\/posts\/121711","targetHints":{"allow":["GET"]}}],"collection":[{"href":"https:\/\/www.europesays.com\/fi\/wp-json\/wp\/v2\/posts"}],"about":[{"href":"https:\/\/www.europesays.com\/fi\/wp-json\/wp\/v2\/types\/post"}],"author":[{"embeddable":true,"href":"https:\/\/www.europesays.com\/fi\/wp-json\/wp\/v2\/users\/2"}],"replies":[{"embeddable":true,"href":"https:\/\/www.europesays.com\/fi\/wp-json\/wp\/v2\/comments?post=121711"}],"version-history":[{"count":0,"href":"https:\/\/www.europesays.com\/fi\/wp-json\/wp\/v2\/posts\/121711\/revisions"}],"wp:featuredmedia":[{"embeddable":true,"href":"https:\/\/www.europesays.com\/fi\/wp-json\/wp\/v2\/media\/121712"}],"wp:attachment":[{"href":"https:\/\/www.europesays.com\/fi\/wp-json\/wp\/v2\/media?parent=121711"}],"wp:term":[{"taxonomy":"category","embeddable":true,"href":"https:\/\/www.europesays.com\/fi\/wp-json\/wp\/v2\/categories?post=121711"},{"taxonomy":"post_tag","embeddable":true,"href":"https:\/\/www.europesays.com\/fi\/wp-json\/wp\/v2\/tags?post=121711"}],"curies":[{"name":"wp","href":"https:\/\/api.w.org\/{rel}","templated":true}]}}