{"id":121713,"date":"2025-12-20T19:12:13","date_gmt":"2025-12-20T19:12:13","guid":{"rendered":"https:\/\/www.europesays.com\/fi\/121713\/"},"modified":"2025-12-20T19:12:13","modified_gmt":"2025-12-20T19:12:13","slug":"zelenskyin-mukaan-yhdysvallat-ehdotti-venajan-ja-ukrainan-tapaamista-venajan-rauhanneuvottelija-matkalla-miamiin","status":"publish","type":"post","link":"https:\/\/www.europesays.com\/fi\/121713\/","title":{"rendered":"Zelenskyin mukaan Yhdysvallat ehdotti Ven\u00e4j\u00e4n ja Ukrainan tapaamista \u2013 Ven\u00e4j\u00e4n rauhanneuvottelija matkalla Miamiin"},"content":{"rendered":"<p>    <img decoding=\"async\" class=\"responsive-image article__image-image lozad\"   src=\"https:\/\/www.europesays.com\/fi\/wp-content\/uploads\/2025\/12\/V0DH1zM3qpOWzFXiU1pZDc2GUcHYPeB9Cjwd4yxcZkk5Ncjui3TdRmxF-D_TSthZRLpmWLhh8GUl4hbgCyDqAXYoCC67-yZEwyGK.jpeg\" alt=\"Ukrainan presidentin Volodymyr Zelenskyin mukaan Yhdysvallat esitt\u00e4\u00e4 Ukrainan ja Ven\u00e4j\u00e4n tapaamista Miamissa.\"\/><\/p>\n<p>\n                Ukrainan presidentin Volodymyr Zelenskyin mukaan Yhdysvallat esitt\u00e4\u00e4 Ukrainan ja Ven\u00e4j\u00e4n tapaamista Miamissa.\n              <\/p>\n<p>\n                Kuva: TETIANA DZHAFAROVA \/ AFP \/ Lehtikuva\n              <\/p>\n<p class=\"article__paragraph\">\n      Ukrainan presidentin Volodymyr Zelenskyin mukaan Yhdysvallat on ehdottanut, ett\u00e4 Ukrainan ja Ven\u00e4j\u00e4n neuvottelijat tapaavat Miamissa Yhdysvalloissa.\n    <\/p>\n<p class=\"article__paragraph\">\n      \u2013\u2009He ehdottivat ymm\u00e4rt\u00e4\u00e4kseni t\u00e4llaista formaattia: Ukraina, Yhdysvallat, Ven\u00e4j\u00e4, Zelenskyi sanoo.\n    <\/p>\n<p class=\"article__paragraph\">\n      H\u00e4n lis\u00e4si, ett\u00e4 my\u00f6s Euroopan edustus voisi mahdollisesti olla neuvotteluissa mukana. Zelenskyin mukaan on loogista, ett\u00e4 ehdotettu yhteistapaaminen j\u00e4rjestet\u00e4\u00e4n.\n    <\/p>\n<p class=\"article__paragraph\">\n      Zelenskyill\u00e4 oli my\u00f6s sanansa sanottavana Ven\u00e4j\u00e4n presidentille Vladimir Putinille, joka on ehdottanut, ett\u00e4 Ven\u00e4j\u00e4 voisi pit\u00e4\u00e4 taukoa Ukrainaan iskemisest\u00e4, jotta maassa voidaan j\u00e4rjest\u00e4\u00e4 presidentinvaalit.\n    <\/p>\n<p class=\"article__paragraph\">\n      \u2013\u2009Putin ei ole se, joka p\u00e4\u00e4tt\u00e4\u00e4 milloin ja mill\u00e4 formaatilla Ukrainassa j\u00e4rjestet\u00e4\u00e4n vaalit, Zelenskyi jyr\u00e4hti.\n    <\/p>\n<p>      Ven\u00e4j\u00e4n neuvottelija matkalla<\/p>\n<p class=\"article__paragraph\">\n      Ven\u00e4j\u00e4n l\u00e4hettil\u00e4s Kirill Dmitrijev kertoo olevansa matkalla Miamiin, jossa Ven\u00e4j\u00e4n ja Yhdysvaltojen edustajien on t\u00e4n\u00e4\u00e4n m\u00e4\u00e4r\u00e4 neuvotella Ukrainan sodan lopettamisesta. Dmitrijev ei maininnut Ukrainan osallistumista.\n    <\/p>\n<p class=\"article__paragraph\">\n      Julkaisuunsa viestipalvelu X:ss\u00e4 Dmitrijev on liitt\u00e4nyt rauhankyyhky-emojin. Lis\u00e4ksi Dmitrijev on liitt\u00e4nyt julkaisuunsa videon, jossa aurinko paistaa pilvien l\u00e4pi rannalla.\n    <\/p>\n<p class=\"article__paragraph\">\n      \u2013\u2009Kun sodanlietsojat jatkavat ylit\u00f6it\u00e4 horjuttaakseen Yhdysvaltojen rauhansuunnitelmaa Ukrainaan, muistin t\u00e4m\u00e4n videon edelliselt\u00e4 vierailultani \u2013 valo murtautuu ukkospilvien l\u00e4pi, Dmitrijev kirjoittaa X-julkaisussaan.\n    <\/p>\n<p class=\"article__paragraph\">\n      Ven\u00e4j\u00e4 aloitti t\u00e4ysimittaisen hy\u00f6kk\u00e4yksens\u00e4 Ukrainaan helmikuussa 2022.\n    <\/p>\n<p class=\"article__paragraph\">\n      Yhdysvaltain ulkoministeri Marco Rubio sanoi perjantaina, ettei Ukrainaa painosteta rauhansopimukseen. H\u00e4n saattaa osallistua lauantain neuvotteluihin. H\u00e4nen mukaansa rauhansopimusta ei tehd\u00e4, ellei Ukraina siihen suostu.\n    <\/p>\n<p class=\"article__paragraph\">\n      Ukrainan ja Yhdysvaltojen edustajat tapasivat Miamissa perjantaina. Neuvotteluiden sis\u00e4ll\u00f6st\u00e4 ei ole tullut tarkempaa tietoa julkisuuteen.\n    <\/p>\n<p>      Iskut rintamalla jatkuneet<\/p>\n<p class=\"article__paragraph\">\n      Tapahtumat sotarintamalla ovat jatkuneet rauhanneuvotteluista huolimatta. Perjantaina Ven\u00e4j\u00e4 iski Ukrainan Odessaan, jossa ainakin kahdeksan ihmist\u00e4 on kuollut iskujen seurauksena. Alueen kuvern\u00f6\u00f6rin mukaan iskujen kohteena oli satamainfrastruktuuri.\n    <\/p>\n<p class=\"article__paragraph\">\n      L\u00e4hde Ukrainan turvallisuuspalvelusta puolestaan sanoi perjantaina, ett\u00e4 Ukraina oli iskenyt lennokeilla Ven\u00e4j\u00e4n varjolaivaston s\u00e4ili\u00f6alukseen V\u00e4limerell\u00e4. Kyseess\u00e4 on ensimm\u00e4inen kerta, kun Ukraina iski ven\u00e4l\u00e4isalukseen V\u00e4limerell\u00e4.\n    <\/p>\n<p class=\"article__paragraph\">\n      S\u00e4ili\u00f6alus k\u00e4rsi l\u00e4hteen mukaan iskussa sellaisia vaurioita, ettei se ole en\u00e4\u00e4 k\u00e4ytt\u00f6kelpoinen. Alus oli iskun aikaan tyhj\u00e4, eik\u00e4 iskusta koitunut p\u00e4\u00e4st\u00f6j\u00e4 ymp\u00e4rist\u00f6\u00f6n, l\u00e4hde sanoi.\n    <\/p>\n<p class=\"article__paragraph\">\n      L\u00e4hteen mukaan alusta k\u00e4ytettiin l\u00e4nsimaiden asettamien pakotteiden kiert\u00e4miseen.\n    <\/p>\n<p class=\"article__paragraph\">\n      Operaatio toteutettiin noin 2\u2009000 kilometrin p\u00e4\u00e4ss\u00e4 Ukrainan rajasta. L\u00e4hde ei kertonut, miten tai mist\u00e4 lennokit V\u00e4limerelle l\u00e4hetettiin tai mink\u00e4 maiden yli lennokit mahdollisesti lensiv\u00e4t.\n    <\/p>\n","protected":false},"excerpt":{"rendered":"Ukrainan presidentin Volodymyr Zelenskyin mukaan Yhdysvallat esitt\u00e4\u00e4 Ukrainan ja Ven\u00e4j\u00e4n tapaamista Miamissa. Kuva: TETIANA DZHAFAROVA \/ AFP \/&hellip;\n","protected":false},"author":2,"featured_media":121714,"comment_status":"","ping_status":"","sticky":false,"template":"","format":"standard","meta":{"footnotes":""},"categories":[14],"tags":[22,23,26,27,33,31,30,17,24,25,28,29,15,18,21,32,19,20,56,16,59,60,61],"class_list":{"0":"post-121713","1":"post","2":"type-post","3":"status-publish","4":"format-standard","5":"has-post-thumbnail","7":"category-ulkomaat","8":"tag-breaking-news","9":"tag-breakingnews","10":"tag-featured-news","11":"tag-featurednews","12":"tag-fi","13":"tag-finland","14":"tag-finnish","15":"tag-headlines","16":"tag-latest-news","17":"tag-latestnews","18":"tag-main-news","19":"tag-mainnews","20":"tag-news","21":"tag-otsikot","22":"tag-paauutiset","23":"tag-suomi","24":"tag-top-stories","25":"tag-topstories","26":"tag-ulkomaat","27":"tag-uutiset","28":"tag-world","29":"tag-world-news","30":"tag-worldnews"},"share_on_mastodon":{"url":"https:\/\/pubeurope.com\/@fi\/115753487281788793","error":""},"_links":{"self":[{"href":"https:\/\/www.europesays.com\/fi\/wp-json\/wp\/v2\/posts\/121713","targetHints":{"allow":["GET"]}}],"collection":[{"href":"https:\/\/www.europesays.com\/fi\/wp-json\/wp\/v2\/posts"}],"about":[{"href":"https:\/\/www.europesays.com\/fi\/wp-json\/wp\/v2\/types\/post"}],"author":[{"embeddable":true,"href":"https:\/\/www.europesays.com\/fi\/wp-json\/wp\/v2\/users\/2"}],"replies":[{"embeddable":true,"href":"https:\/\/www.europesays.com\/fi\/wp-json\/wp\/v2\/comments?post=121713"}],"version-history":[{"count":0,"href":"https:\/\/www.europesays.com\/fi\/wp-json\/wp\/v2\/posts\/121713\/revisions"}],"wp:featuredmedia":[{"embeddable":true,"href":"https:\/\/www.europesays.com\/fi\/wp-json\/wp\/v2\/media\/121714"}],"wp:attachment":[{"href":"https:\/\/www.europesays.com\/fi\/wp-json\/wp\/v2\/media?parent=121713"}],"wp:term":[{"taxonomy":"category","embeddable":true,"href":"https:\/\/www.europesays.com\/fi\/wp-json\/wp\/v2\/categories?post=121713"},{"taxonomy":"post_tag","embeddable":true,"href":"https:\/\/www.europesays.com\/fi\/wp-json\/wp\/v2\/tags?post=121713"}],"curies":[{"name":"wp","href":"https:\/\/api.w.org\/{rel}","templated":true}]}}