{"id":121715,"date":"2025-12-20T19:13:08","date_gmt":"2025-12-20T19:13:08","guid":{"rendered":"https:\/\/www.europesays.com\/fi\/121715\/"},"modified":"2025-12-20T19:13:08","modified_gmt":"2025-12-20T19:13:08","slug":"tallinnan-ostoskeskuksessa-rajahdys-yksi-loukkaantunut-uutisia-lyhyesti","status":"publish","type":"post","link":"https:\/\/www.europesays.com\/fi\/121715\/","title":{"rendered":"Tallinnan ostoskeskuksessa r\u00e4j\u00e4hdys \u2013 yksi loukkaantunut | Uutisia lyhyesti"},"content":{"rendered":"<p class=\"aw-1gybjub aw-5vja16 kEtdKx kmuxyA yle__article__paragraph\">R\u00e4j\u00e4hdyksen syyt\u00e4 ei viel\u00e4 tiedet\u00e4. Viranomaiset ovat tyhjent\u00e4neet kauppakeskuksen.<\/p>\n<p>Tallinnalaisessa kauppakeskuksessa tapahtui r\u00e4j\u00e4hdys lauantaina.<\/p>\n<p>19:45\u2022P\u00e4ivitetty 20:35<\/p>\n<p class=\"aw-1gybjub aw-1p7kakr kEtdKx cEmitX yle__article__paragraph\">Tallinnalaisessa \u00dclemisten kauppakeskuksessa on tapahtunut r\u00e4j\u00e4hdys, jossa yksi ihminen on loukkaantunut. H\u00e4net on viety sairaalaan.<\/p>\n<p class=\"aw-1gybjub aw-1p7kakr kEtdKx cEmitX yle__article__paragraph\">Asiasta kertovat virolaiset uutissivustot, muiden muassa <a class=\"aw-iao6s4 iHOxEa yle__article__link\" href=\"https:\/\/www.postimees.ee\/8383521\/ulemiste-keskuses-toimus-plahvatus\" role=\"link\" rel=\"nofollow noopener\" target=\"_blank\">Postimees-lehti<\/a>.<\/p>\n<p class=\"aw-1gybjub aw-1p7kakr kEtdKx cEmitX yle__article__paragraph\">R\u00e4j\u00e4hdyksen syyt\u00e4 ei viel\u00e4 tiedet\u00e4. Viranomaiset ovat tyhjent\u00e4neet kauppakeskuksen.<\/p>\n<p class=\"aw-1gybjub aw-1p7kakr kEtdKx cEmitX yle__article__paragraph\">Mediat kertovat, ett\u00e4 kirjakaupan edess\u00e4 oleva roska-astia olisi mahdollisesti r\u00e4j\u00e4ht\u00e4nyt.<\/p>\n<p class=\"aw-1gybjub aw-1p7kakr kEtdKx cEmitX yle__article__paragraph\">\u00dclemisten keskus sijaitsee Tallinnan lentokent\u00e4n l\u00e4hell\u00e4. Se on yksi Tallinnan suurimmista kauppakeskuksista.<\/p>\n","protected":false},"excerpt":{"rendered":"R\u00e4j\u00e4hdyksen syyt\u00e4 ei viel\u00e4 tiedet\u00e4. Viranomaiset ovat tyhjent\u00e4neet kauppakeskuksen. Tallinnalaisessa kauppakeskuksessa tapahtui r\u00e4j\u00e4hdys lauantaina. 19:45\u2022P\u00e4ivitetty 20:35 Tallinnalaisessa \u00dclemisten&hellip;\n","protected":false},"author":2,"featured_media":121716,"comment_status":"","ping_status":"","sticky":false,"template":"","format":"standard","meta":{"footnotes":""},"categories":[12],"tags":[22,23,26,27,33,31,30,17,24,25,28,29,15,837,18,21,1472,32,3129,3144,19,20,56,16,4029],"class_list":{"0":"post-121715","1":"post","2":"type-post","3":"status-publish","4":"format-standard","5":"has-post-thumbnail","7":"category-suomi","8":"tag-breaking-news","9":"tag-breakingnews","10":"tag-featured-news","11":"tag-featurednews","12":"tag-fi","13":"tag-finland","14":"tag-finnish","15":"tag-headlines","16":"tag-latest-news","17":"tag-latestnews","18":"tag-main-news","19":"tag-mainnews","20":"tag-news","21":"tag-onnettomuudet","22":"tag-otsikot","23":"tag-paauutiset","24":"tag-rajahdykset","25":"tag-suomi","26":"tag-tallinna","27":"tag-tavaratalot-ostoskeskukset","28":"tag-top-stories","29":"tag-topstories","30":"tag-ulkomaat","31":"tag-uutiset","32":"tag-viro"},"share_on_mastodon":{"url":"https:\/\/pubeurope.com\/@fi\/115753491117135025","error":""},"_links":{"self":[{"href":"https:\/\/www.europesays.com\/fi\/wp-json\/wp\/v2\/posts\/121715","targetHints":{"allow":["GET"]}}],"collection":[{"href":"https:\/\/www.europesays.com\/fi\/wp-json\/wp\/v2\/posts"}],"about":[{"href":"https:\/\/www.europesays.com\/fi\/wp-json\/wp\/v2\/types\/post"}],"author":[{"embeddable":true,"href":"https:\/\/www.europesays.com\/fi\/wp-json\/wp\/v2\/users\/2"}],"replies":[{"embeddable":true,"href":"https:\/\/www.europesays.com\/fi\/wp-json\/wp\/v2\/comments?post=121715"}],"version-history":[{"count":0,"href":"https:\/\/www.europesays.com\/fi\/wp-json\/wp\/v2\/posts\/121715\/revisions"}],"wp:featuredmedia":[{"embeddable":true,"href":"https:\/\/www.europesays.com\/fi\/wp-json\/wp\/v2\/media\/121716"}],"wp:attachment":[{"href":"https:\/\/www.europesays.com\/fi\/wp-json\/wp\/v2\/media?parent=121715"}],"wp:term":[{"taxonomy":"category","embeddable":true,"href":"https:\/\/www.europesays.com\/fi\/wp-json\/wp\/v2\/categories?post=121715"},{"taxonomy":"post_tag","embeddable":true,"href":"https:\/\/www.europesays.com\/fi\/wp-json\/wp\/v2\/tags?post=121715"}],"curies":[{"name":"wp","href":"https:\/\/api.w.org\/{rel}","templated":true}]}}