{"id":121717,"date":"2025-12-20T19:14:09","date_gmt":"2025-12-20T19:14:09","guid":{"rendered":"https:\/\/www.europesays.com\/fi\/121717\/"},"modified":"2025-12-20T19:14:09","modified_gmt":"2025-12-20T19:14:09","slug":"pelicans-patrik-bartosak-jatkaa-ilta-sanomat","status":"publish","type":"post","link":"https:\/\/www.europesays.com\/fi\/121717\/","title":{"rendered":"Pelicans: Patrik Bartosak jatkaa &#8211; Ilta-Sanomat"},"content":{"rendered":"<p>Lahden Pelicans kiinnitti tshekkivahdin kahdeksi vuodeksi.<\/p>\n<p>Videotuomio: Jokerit pullistelee, K\u00e4rp\u00e4t kynt\u00e4\u00e4Video: IS<\/p>\n<p class=\"article-body mb-nof-24 px-nof-16\">SM-liigajoukkue Pelicans on tehnyt jatkosopimuksen tshekkimaalivahti <a class=\"article-personlink\" href=\"https:\/\/www.is.fi\/haku\/?query=Patrik%20Bartosakin\" rel=\"nofollow noopener\" target=\"_blank\">Patrik Bartosakin <\/a>kanssa. Seura tiedottaa asiasta sosiaalisessa mediassa jakamallaan videolla.<\/p>\n<p class=\"article-body mb-nof-24 px-nof-16\">Videolla Bartosak astelee Pelicansin toimistolle ja ilmoittaa, ett\u00e4 \u201dWhat\u2019s up, daddy is home\u201d eli mit\u00e4 kuuluu, isukki on kotona.<\/p>\n<p class=\"article-body mb-nof-24 px-nof-16\">Videolta k\u00e4y ilmi, ett\u00e4 sopimus on kaksivuotinen.<\/p>\n<p class=\"article-body mb-nof-24 px-nof-16\">Bartosak on pelannut vahvaa kautta ollen yksi SM-liigan parhaimmista maalivahdeista. Ennen lauantai-iltaa Bartosak on torjunut 22 ottelussa 92,4 torjuntaprosentilla.<\/p>\n<p class=\"article-body mb-nof-24 px-nof-16\">Kuumaverinen 32-vuotias tshekkivahti on l\u00f6yt\u00e4nyt pelillisen kotinsa Lahdesta. K\u00e4ynniss\u00e4 oleva kausi on Bartosakille jo viides Lahden Pelicansin paidassa.<\/p>\n<p class=\"article-body mb-nof-24 px-nof-16\">Bartosak on pelannut SM-liigan lis\u00e4ksi Ruotsin Allsvenskanissa, Tshekin liigassa ja KHL:ss\u00e4. H\u00e4n on my\u00f6s ollut mukana Tshekin maajoukkueessa.<\/p>\n","protected":false},"excerpt":{"rendered":"Lahden Pelicans kiinnitti tshekkivahdin kahdeksi vuodeksi. Videotuomio: Jokerit pullistelee, K\u00e4rp\u00e4t kynt\u00e4\u00e4Video: IS SM-liigajoukkue Pelicans on tehnyt jatkosopimuksen tshekkimaalivahti&hellip;\n","protected":false},"author":2,"featured_media":121718,"comment_status":"","ping_status":"","sticky":false,"template":"","format":"standard","meta":{"footnotes":""},"categories":[5],"tags":[22,23,26,27,33,31,30,17,34,24,25,28,29,15,18,21,32,19,20,16],"class_list":{"0":"post-121717","1":"post","2":"type-post","3":"status-publish","4":"format-standard","5":"has-post-thumbnail","7":"category-otsikot","8":"tag-breaking-news","9":"tag-breakingnews","10":"tag-featured-news","11":"tag-featurednews","12":"tag-fi","13":"tag-finland","14":"tag-finnish","15":"tag-headlines","16":"tag-ilta-sanomat","17":"tag-latest-news","18":"tag-latestnews","19":"tag-main-news","20":"tag-mainnews","21":"tag-news","22":"tag-otsikot","23":"tag-paauutiset","24":"tag-suomi","25":"tag-top-stories","26":"tag-topstories","27":"tag-uutiset"},"share_on_mastodon":{"url":"https:\/\/pubeurope.com\/@fi\/115753494985757501","error":""},"_links":{"self":[{"href":"https:\/\/www.europesays.com\/fi\/wp-json\/wp\/v2\/posts\/121717","targetHints":{"allow":["GET"]}}],"collection":[{"href":"https:\/\/www.europesays.com\/fi\/wp-json\/wp\/v2\/posts"}],"about":[{"href":"https:\/\/www.europesays.com\/fi\/wp-json\/wp\/v2\/types\/post"}],"author":[{"embeddable":true,"href":"https:\/\/www.europesays.com\/fi\/wp-json\/wp\/v2\/users\/2"}],"replies":[{"embeddable":true,"href":"https:\/\/www.europesays.com\/fi\/wp-json\/wp\/v2\/comments?post=121717"}],"version-history":[{"count":0,"href":"https:\/\/www.europesays.com\/fi\/wp-json\/wp\/v2\/posts\/121717\/revisions"}],"wp:featuredmedia":[{"embeddable":true,"href":"https:\/\/www.europesays.com\/fi\/wp-json\/wp\/v2\/media\/121718"}],"wp:attachment":[{"href":"https:\/\/www.europesays.com\/fi\/wp-json\/wp\/v2\/media?parent=121717"}],"wp:term":[{"taxonomy":"category","embeddable":true,"href":"https:\/\/www.europesays.com\/fi\/wp-json\/wp\/v2\/categories?post=121717"},{"taxonomy":"post_tag","embeddable":true,"href":"https:\/\/www.europesays.com\/fi\/wp-json\/wp\/v2\/tags?post=121717"}],"curies":[{"name":"wp","href":"https:\/\/api.w.org\/{rel}","templated":true}]}}