{"id":121719,"date":"2025-12-20T19:26:12","date_gmt":"2025-12-20T19:26:12","guid":{"rendered":"https:\/\/www.europesays.com\/fi\/121719\/"},"modified":"2025-12-20T19:26:12","modified_gmt":"2025-12-20T19:26:12","slug":"saara-aalto-julkaisi-huiman-varpunen-jouluaamuna-videon-some-rajahti","status":"publish","type":"post","link":"https:\/\/www.europesays.com\/fi\/121719\/","title":{"rendered":"Saara Aalto julkaisi huiman Varpunen jouluaamuna -videon \u2013 some r\u00e4j\u00e4hti"},"content":{"rendered":"<p class=\"has-drop-cap\"><strong><a href=\"https:\/\/www.tanssiin.fi\/tag\/saara-aalto\/\" title=\"saara aalto\" rel=\"nofollow noopener\" target=\"_blank\">Saara Aalto<\/a><\/strong>, 38, on lahjakas, maailmallakin menestynyt laulaja ja \u00e4\u00e4nin\u00e4yttelij\u00e4, joka muistetaan my\u00f6s tangokuningas <strong>Teemu Roivaisen<\/strong> ex-rakkaana. Suomea Euroviisuissakin edustanut Saara julkaisi nyt poikkeuksellisen videon, miss\u00e4 h\u00e4n laulaa Varpunen jouluaamuna -klassikon eri ik\u00e4isen\u00e4, 14 vuoden v\u00e4lein: videolla kuullaan Saaran tulkintaa 9-vuotiaana, 23-vuotiaana ja 37-vuotiaana.<\/p>\n<p>Voit katsoa huiman videon t\u00e4m\u00e4n artikkelin <strong>lopusta<\/strong>.<\/p>\n<p>Tanssiin.fi julkaisi syyskuussa 2025 harvinaiset kuvat ja videot Saaran ja Teemun nuoruuden rakkaustarinaan liittyen: <a href=\"https:\/\/www.tanssiin.fi\/harvinaiset-kuvat-ja-video-teemu-roivainen-ja-saara-aalto-paljastivat-rakkaustarinansa\/\" title=\"Harvinaiset kuvat ja video: Teemu Roivainen ja Saara Aalto paljastivat rakkaustarinansa\" rel=\"nofollow noopener\" target=\"_blank\">Harvinaiset kuvat ja video: Teemu Roivainen ja Saara Aalto paljastivat rakkaustarinansa<\/a>.<\/p>\n<p><img loading=\"lazy\" data-lazyloaded=\"1\" title=\"Saara Aalto ja Teemu Roivainen lokakuu 2025\" decoding=\"async\" width=\"768\" height=\"1024\" data-attachment-id=\"68509\" data-permalink=\"https:\/\/www.tanssiin.fi\/saara-aalto-julkaisi-huiman-varpunen-jouluaamuna-videon-some-rajahti\/saara-aalto-ja-teemu-roivainen-lokakuu-2025\/\" data-orig-file=\"https:\/\/www.tanssiin.fi\/wp-content\/uploads\/2025\/12\/Saara-Aalto-ja-Teemu-Roivainen-lokakuu-2025.jpg\" data-orig-size=\"1440,1920\" data-comments-opened=\"1\" data-image-meta=\"{&quot;aperture&quot;:&quot;0&quot;,&quot;credit&quot;:&quot;&quot;,&quot;camera&quot;:&quot;&quot;,&quot;caption&quot;:&quot;&quot;,&quot;created_timestamp&quot;:&quot;0&quot;,&quot;copyright&quot;:&quot;&quot;,&quot;focal_length&quot;:&quot;0&quot;,&quot;iso&quot;:&quot;0&quot;,&quot;shutter_speed&quot;:&quot;0&quot;,&quot;title&quot;:&quot;&quot;,&quot;orientation&quot;:&quot;0&quot;}\" data-image-title=\"Saara Aalto ja Teemu Roivainen lokakuu 2025\" data-image-description=\"\" data-image-caption=\"\" data-medium-file=\"https:\/\/www.tanssiin.fi\/wp-content\/uploads\/2025\/12\/Saara-Aalto-ja-Teemu-Roivainen-lokakuu-2025-225x300.jpg\" data-large-file=\"https:\/\/www.europesays.com\/fi\/wp-content\/uploads\/2025\/12\/Saara-Aalto-ja-Teemu-Roivainen-lokakuu-2025-768x1024.jpg\" data- src=\"https:\/\/www.europesays.com\/fi\/wp-content\/uploads\/2025\/12\/Saara-Aalto-ja-Teemu-Roivainen-lokakuu-2025-768x1024.jpg\" alt=\"Laulajat saara aalto ja teemu roivainen seisovat toisiaan halaten kahdestaan lokakuussa 2025\" class=\"wp-image-68509\" style=\"aspect-ratio:0.7499961852445258;width:598px;height:auto\" \/>Saara Aalto ja Teemu Roivainen lokakuussa 2025.Teemu ja Saara ovat yh\u00e4 l\u00e4heisi\u00e4 perheyst\u00e4vi\u00e4<\/p>\n<p>Oululaisl\u00e4ht\u00f6iset <a href=\"https:\/\/www.tanssiin.fi\/tag\/teemu-roivainen\/\" title=\"teemu roivainen\" rel=\"nofollow noopener\" target=\"_blank\">Teemu<\/a> ja Saara seurustelivat nuorina pitk\u00e4\u00e4n.<\/p>\n<p>\u201dTapasimme\u00a0Saaran\u00a0kanssa musiikkilukion ekalla luokalla vuoden 2002 syksyll\u00e4\u201d, Teemu on muistellut.<\/p>\n<p>Teini-i\u00e4ss\u00e4 alkanut parisuhde kesti yhdeks\u00e4n vuotta ja tuli p\u00e4\u00e4t\u00f6kseens\u00e4 vuonna 2013. He ovat yh\u00e4 hyvi\u00e4 yst\u00e4vi\u00e4 ja tehneet my\u00f6s keikkoja sittemmin kahdestaan.  Entisten rakastavaisten l\u00e4heisist\u00e4 ja l\u00e4mpimist\u00e4 v\u00e4leist\u00e4 kertoo sekin, ett\u00e4 Saara on Teemun\u00a0<strong>Mimi<\/strong>-tytt\u00e4ren kummit\u00e4ti.<\/p>\n<p>Kuluneena syksyn\u00e4 he kiersiv\u00e4t yhdess\u00e4\u00a0Rakkaustarina\u00a0\u2013 20-vuotisjuhlakiertueella.<\/p>\n<p>Saara yhdisti eri-ik\u00e4isten Saarojen \u00e4\u00e4net<\/p>\n<p>Saara julkaisi somessa videon, miss\u00e4 h\u00e4n selvitt\u00e4\u00e4, kuinka h\u00e4nen \u00e4\u00e4nens\u00e4 on muuttunut 28 vuoden aikana.<\/p>\n<p>\u201dMun arkistot on t\u00e4ynn\u00e4 kaikenlaisia helmi\u00e4 vuosien varrelta ja on mahtavaa, kun vahingossa tajuaa, ett\u00e4 on levytt\u00e4nyt Varpunen jouluaamuna -kappaleen 14\u00a0vuoden v\u00e4lein ja samasta s\u00e4vellajista. Mit\u00e4\u00e4?\u201d Saara \u00e4llistelee.<\/p>\n<p>\u201dMilt\u00e4 kuulostaa eri vuosikymmenill\u00e4 lauletut versiot? Aika iso muutos, eik\u00f6?\u00a0 Mutta edelleen laulaminen on ihanaa!\u201d<\/p>\n<p><strong>Lue my\u00f6s:<\/strong> <a href=\"https:\/\/www.tanssiin.fi\/teemu-roivainen-avautuu-perheestaan-annassa-vaimon-pappa-on-niilo-tarvajarvi-ja-tyttaren-kummitati-saara-aalto\/\" title=\"Teemu Roivainen avautuu perheest\u00e4\u00e4n Annassa: vaimon pappa on Niilo Tarvaj\u00e4rvi ja tytt\u00e4ren kummit\u00e4ti Saara Aalto\" rel=\"nofollow noopener\" target=\"_blank\">Teemu Roivainen avautuu perheest\u00e4\u00e4n Annassa: vaimon pappa on Niilo Tarvaj\u00e4rvi ja tytt\u00e4ren kummit\u00e4ti Saara Aalto<\/a><\/p>\n<p>Saara laulaa Varpusen jouluaamuna 9-vuotiaana 1996, 23-vuotiaana 2010 ja 37-vuotiaana 2024.<\/p>\n<p>\u201dP\u00e4\u00e4tin yhdist\u00e4\u00e4 eri-ik\u00e4isten Saarojen \u00e4\u00e4net ja tehd\u00e4 meist\u00e4 trion.\u201d<\/p>\n<p>Videon lopussa kaikki kolme laulavat yht\u00e4 aikaa.<\/p>\n<p>Saaran perjantaina 19. joulukuuta julkaisema video on suorastaan r\u00e4j\u00e4ytt\u00e4nyt somen, sill\u00e4 se on ker\u00e4nnyt kymmeni\u00e4tuhansia katseluja ja ihastelevia kommentteja lyhyess\u00e4 ajassa.<\/p>\n<p><strong>Katso<\/strong> Saara Aallon Varpunen jouluaamuna 1996, 2010 ja 2024:<\/p>\n<p>Kirjoittanut:<br \/>\n<img loading=\"lazy\" data-lazyloaded=\"1\" width=\"512\" height=\"512\" decoding=\"async\" class=\"aioseo-author-image\" src=\"https:\/\/www.europesays.com\/fi\/wp-content\/uploads\/2025\/10\/cropped-tanssiin-logo.jpg\" alt=\"author avatar\"\/><\/p>\n<p>Tanssiin.fi<\/p>\n<p>\nTanssi- ja iskelm\u00e4musiikin uutiset asiantuntevasti.<\/p>\n<p><img loading=\"lazy\" decoding=\"async\" data-lazyloaded=\"1\" width=\"512\" height=\"512\" class=\"aioseo-author-bio-compact-image\" src=\"https:\/\/www.europesays.com\/fi\/wp-content\/uploads\/2025\/10\/cropped-tanssiin-logo.jpg\" alt=\"author avatar\"\/><br \/>\nTanssi- ja iskelm\u00e4musiikin uutiset asiantuntevasti.<\/p>\n<p>67%<br \/>\nIhana<\/p>\n<p>8%<br \/>\nHauska<\/p>\n<p>8%<br \/>\nVau<\/p>\n<p>8%<br \/>\nSurullinen<\/p>\n<p>8%<br \/>\nVihainen\n<\/p>\n<p>Post navigation<\/p>\n","protected":false},"excerpt":{"rendered":"Saara Aalto, 38, on lahjakas, maailmallakin menestynyt laulaja ja \u00e4\u00e4nin\u00e4yttelij\u00e4, joka muistetaan my\u00f6s tangokuningas Teemu Roivaisen ex-rakkaana. Suomea&hellip;\n","protected":false},"author":2,"featured_media":121720,"comment_status":"","ping_status":"","sticky":false,"template":"","format":"standard","meta":{"footnotes":""},"categories":[136],"tags":[407,137,33,31,30,408,1243,5508,32,12422,16,21892,193,109],"class_list":{"0":"post-121719","1":"post","2":"type-post","3":"status-publish","4":"format-standard","5":"has-post-thumbnail","7":"category-julkkikset","8":"tag-celebrities","9":"tag-entertainment","10":"tag-fi","11":"tag-finland","12":"tag-finnish","13":"tag-julkkikset","14":"tag-musiikkivideo","15":"tag-saara-aalto","16":"tag-suomi","17":"tag-teemu-roivainen","18":"tag-uutiset","19":"tag-varpunen-jouluaamuna","20":"tag-video","21":"tag-viihde"},"share_on_mastodon":{"url":"https:\/\/pubeurope.com\/@fi\/115753542440573180","error":""},"_links":{"self":[{"href":"https:\/\/www.europesays.com\/fi\/wp-json\/wp\/v2\/posts\/121719","targetHints":{"allow":["GET"]}}],"collection":[{"href":"https:\/\/www.europesays.com\/fi\/wp-json\/wp\/v2\/posts"}],"about":[{"href":"https:\/\/www.europesays.com\/fi\/wp-json\/wp\/v2\/types\/post"}],"author":[{"embeddable":true,"href":"https:\/\/www.europesays.com\/fi\/wp-json\/wp\/v2\/users\/2"}],"replies":[{"embeddable":true,"href":"https:\/\/www.europesays.com\/fi\/wp-json\/wp\/v2\/comments?post=121719"}],"version-history":[{"count":0,"href":"https:\/\/www.europesays.com\/fi\/wp-json\/wp\/v2\/posts\/121719\/revisions"}],"wp:featuredmedia":[{"embeddable":true,"href":"https:\/\/www.europesays.com\/fi\/wp-json\/wp\/v2\/media\/121720"}],"wp:attachment":[{"href":"https:\/\/www.europesays.com\/fi\/wp-json\/wp\/v2\/media?parent=121719"}],"wp:term":[{"taxonomy":"category","embeddable":true,"href":"https:\/\/www.europesays.com\/fi\/wp-json\/wp\/v2\/categories?post=121719"},{"taxonomy":"post_tag","embeddable":true,"href":"https:\/\/www.europesays.com\/fi\/wp-json\/wp\/v2\/tags?post=121719"}],"curies":[{"name":"wp","href":"https:\/\/api.w.org\/{rel}","templated":true}]}}