{"id":121721,"date":"2025-12-20T19:32:08","date_gmt":"2025-12-20T19:32:08","guid":{"rendered":"https:\/\/www.europesays.com\/fi\/121721\/"},"modified":"2025-12-20T19:32:08","modified_gmt":"2025-12-20T19:32:08","slug":"joulun-popovaroitus-influenssaa-koronaa-ja-norovirusta-liikkeella-toimi-nain-jos-sairastut","status":"publish","type":"post","link":"https:\/\/www.europesays.com\/fi\/121721\/","title":{"rendered":"Joulun p\u00f6p\u00f6varoitus: influenssaa, koronaa ja norovirusta liikkeell\u00e4 &#8211; toimi n\u00e4in jos sairastut"},"content":{"rendered":"<p>Joulun ihmisvilin\u00e4 lis\u00e4\u00e4 riski\u00e4 sairastua, ja p\u00f6p\u00f6t voivat pilata vuodenvaihteen lomailut. Pohjois-Pohjanmaan hyvinvointialue Pohde varoittaakin, ett\u00e4 alueella on liikkeell\u00e4 parhaillaan runsaasti erilaisia taudinaiheuttajia.<\/p>\n<p>Pohde kertoo, ett\u00e4 influenssan ja koronaviruksen lis\u00e4ksi my\u00f6s norovirustapaukset ovat lis\u00e4\u00e4ntyneet. Norovirukset ovat \u00e4rh\u00e4k\u00f6it\u00e4 vatsataudin aiheuttajia, jotka tunnetaan rajuista oksennus- ja ripulioireistaan. Virus tarttuu eritt\u00e4in herk\u00e4sti joko suoraan ihmisest\u00e4 toiseen tai saastuneen ruoan ja veden kautta. Erityisesti joulun kaltaisissa ihmisruuhkissa ja yhteisten ruokap\u00f6ytien \u00e4\u00e4rell\u00e4 norovirus levi\u00e4\u00e4 vauhdilla.<\/p>\n<p>Valtaosa sairastuneista p\u00e4rj\u00e4\u00e4 kotona levolla ja omahoidolla. Pohteen mukaan kotihoito riitt\u00e4\u00e4 yleens\u00e4 silloin, kun yleisvointi on kohtuullinen, kuume ja kivut laskevat kuumel\u00e4\u00e4kkeill\u00e4 ja juominen sek\u00e4 sy\u00f6minen onnistuvat. Oireet helpottavat useimmiten muutaman p\u00e4iv\u00e4n kuluessa.<\/p>\n<p>Lue my\u00f6s: <a href=\"https:\/\/www.voice.fi\/hyvinvointi\/thl-laake-epaselvyyksia-ja-tyontekijoiden-puutetta-kaikki-eivat-saa-yhteisollisessa-asumisessa-riittavasti-apua\" title=\"THL: L\u00e4\u00e4ke-ep\u00e4selvyyksi\u00e4 ja ty\u00f6ntekij\u00f6iden puutetta \u2013 kaikki eiv\u00e4t saa yhteis\u00f6llisess\u00e4 asumisessa riitt\u00e4v\u00e4sti apua\" class=\"underline-custom !font-montserrat !font-bold !underline-offset-4 !decoration-4 !decoration-tilt-light !text-md\" rel=\"nofollow noopener\" target=\"_blank\">THL: L\u00e4\u00e4ke-ep\u00e4selvyyksi\u00e4 ja ty\u00f6ntekij\u00f6iden puutetta \u2013 kaikki eiv\u00e4t saa yhteis\u00f6llisess\u00e4 asumisessa riitt\u00e4v\u00e4sti apua<\/a><\/p>\n<p>Hoidossa riitt\u00e4\u00e4 muutamat perusasiat. Kannattaa huolehtia riitt\u00e4v\u00e4st\u00e4 levosta, nesteytyksest\u00e4 sek\u00e4 kuume- ja kipul\u00e4\u00e4kkeiden ottamisesta ohjeiden mukaan. Vatsataudin yhteydess\u00e4 suositellaan kevytt\u00e4 ruokavaliota ja nesteiden nauttimista pienin\u00e4 annoksina. Hyv\u00e4 k\u00e4sihygienia on t\u00e4rke\u00e4\u00e4 tartuntojen ehk\u00e4isemiseksi.<\/p>\n<p>Pohde muistuttaa my\u00f6s digipalveluiden hy\u00f6dynt\u00e4misest\u00e4 lieviss\u00e4 oireissa. Digitaalisen sote-keskuksen chat palvelee arkisin kello 7\u201321 sek\u00e4 viikonloppuisin ja juhlapyhin\u00e4 kello 8\u201318. Palveluun kirjaudutaan OmaPohteen kautta verkkosivuilla tai sovelluksessa. My\u00f6s muilta hyvinvointialueilta l\u00f6ytyy nykyisin digipalveluita kuten Pirkanmaan OmaPirha ja Helsingiss\u00e4 Maisa. H\u00e4t\u00e4tilanteissa tulee soittaa aina h\u00e4t\u00e4numeroon 112.<\/p>\n<p>Hoitoon kehotetaan hakeutumaan, jos vointi heikkenee nopeasti, ilmenee hengitysvaikeuksia tai rintakipua, korkea kuume jatkuu useita p\u00e4ivi\u00e4 eik\u00e4 laske l\u00e4\u00e4kkeill\u00e4, nesteiden nauttiminen ei onnistu tai henkil\u00f6 kuuluu riskiryhm\u00e4\u00e4n esimerkiksi i\u00e4n tai perussairauden vuoksi.<\/p>\n<p>Lue my\u00f6s: <a href=\"https:\/\/www.voice.fi\/hyvinvointi\/a-238418\" title=\"Suomalaiset ovat tyytym\u00e4tt\u00f6mi\u00e4 terveydenhuoltoon \u2013 etenkin n\u00e4m\u00e4 asiat korostuvat\" class=\"underline-custom !font-montserrat !font-bold !underline-offset-4 !decoration-4 !decoration-tilt-light !text-md\" rel=\"nofollow noopener\" target=\"_blank\">Suomalaiset ovat tyytym\u00e4tt\u00f6mi\u00e4 terveydenhuoltoon \u2013 etenkin n\u00e4m\u00e4 asiat korostuvat<\/a><\/p>\n<p>L\u00e4hde: <a href=\"https:\/\/pohde.fi\/ajankohtaista\/uutiset\/influenssaa-koronaa-ja-vatsatauteja-liikkeella\/\" target=\"_blank\" rel=\"noreferrer noopener nofollow\">Pohde<\/a>, <a href=\"https:\/\/fi.wikipedia.org\/wiki\/Norovirukset\" target=\"_blank\" rel=\"noreferrer noopener nofollow\">Wikipedia<\/a><\/p>\n","protected":false},"excerpt":{"rendered":"Joulun ihmisvilin\u00e4 lis\u00e4\u00e4 riski\u00e4 sairastua, ja p\u00f6p\u00f6t voivat pilata vuodenvaihteen lomailut. Pohjois-Pohjanmaan hyvinvointialue Pohde varoittaakin, ett\u00e4 alueella on&hellip;\n","protected":false},"author":2,"featured_media":121722,"comment_status":"","ping_status":"","sticky":false,"template":"","format":"standard","meta":{"footnotes":""},"categories":[165],"tags":[33,31,30,166,6313,17739,21893,21894,9141,32,167],"class_list":{"0":"post-121721","1":"post","2":"type-post","3":"status-publish","4":"format-standard","5":"has-post-thumbnail","7":"category-terveys","8":"tag-fi","9":"tag-finland","10":"tag-finnish","11":"tag-health","12":"tag-influenssa","13":"tag-korona","14":"tag-norovirus","15":"tag-pohde","16":"tag-pohjois-pohjanmaan-hyvinvointialue","17":"tag-suomi","18":"tag-terveys"},"share_on_mastodon":{"url":"https:\/\/pubeurope.com\/@fi\/115753565843782224","error":""},"_links":{"self":[{"href":"https:\/\/www.europesays.com\/fi\/wp-json\/wp\/v2\/posts\/121721","targetHints":{"allow":["GET"]}}],"collection":[{"href":"https:\/\/www.europesays.com\/fi\/wp-json\/wp\/v2\/posts"}],"about":[{"href":"https:\/\/www.europesays.com\/fi\/wp-json\/wp\/v2\/types\/post"}],"author":[{"embeddable":true,"href":"https:\/\/www.europesays.com\/fi\/wp-json\/wp\/v2\/users\/2"}],"replies":[{"embeddable":true,"href":"https:\/\/www.europesays.com\/fi\/wp-json\/wp\/v2\/comments?post=121721"}],"version-history":[{"count":0,"href":"https:\/\/www.europesays.com\/fi\/wp-json\/wp\/v2\/posts\/121721\/revisions"}],"wp:featuredmedia":[{"embeddable":true,"href":"https:\/\/www.europesays.com\/fi\/wp-json\/wp\/v2\/media\/121722"}],"wp:attachment":[{"href":"https:\/\/www.europesays.com\/fi\/wp-json\/wp\/v2\/media?parent=121721"}],"wp:term":[{"taxonomy":"category","embeddable":true,"href":"https:\/\/www.europesays.com\/fi\/wp-json\/wp\/v2\/categories?post=121721"},{"taxonomy":"post_tag","embeddable":true,"href":"https:\/\/www.europesays.com\/fi\/wp-json\/wp\/v2\/tags?post=121721"}],"curies":[{"name":"wp","href":"https:\/\/api.w.org\/{rel}","templated":true}]}}