{"id":121728,"date":"2025-12-20T19:38:08","date_gmt":"2025-12-20T19:38:08","guid":{"rendered":"https:\/\/www.europesays.com\/fi\/121728\/"},"modified":"2025-12-20T19:38:08","modified_gmt":"2025-12-20T19:38:08","slug":"ukrainan-droonit-yltavat-nyt-merille-jossa-venaja-luuli-olevansa-turvassa","status":"publish","type":"post","link":"https:\/\/www.europesays.com\/fi\/121728\/","title":{"rendered":"Ukrainan droonit ylt\u00e4v\u00e4t nyt merille, jossa Ven\u00e4j\u00e4 luuli olevansa turvassa"},"content":{"rendered":"<p>HS-analyysi|Ukrainan iskut Kaspianmerell\u00e4 ja V\u00e4limerell\u00e4 ovat vahva viesti niin Ven\u00e4j\u00e4lle kuin Ukrainan liittolaisillekin, kirjoittaa HS ulkomaantoimittaja John Helin.<\/p>\n<p class=\"article-body mb-nof-24 px-nof-16\">Ven\u00e4j\u00e4 on saanut j\u00e4lleen Ukrainalta muistutuksen siit\u00e4, ett\u00e4 sen \u00f6ljyteollisuus ja \u00f6ljylaivat eiv\u00e4t ole turvassa Ukrainalta yht\u00e4\u00e4n miss\u00e4\u00e4n.<\/p>\n<p class=\"article-body mb-nof-24 px-nof-16\">Selkein merkki t\u00e4st\u00e4 n\u00e4htiin perjantaina, kun Ukraina julkaisi videon drooni-iskusta V\u00e4limerell\u00e4 purjehtivaan Ven\u00e4j\u00e4n varjolaivastoon kuuluvaan \u00f6ljytankkeriin. Isku tapahtui yli 2\u202f000 kilometrin p\u00e4\u00e4ss\u00e4 Ukrainasta, Libyan ja Kreikan v\u00e4lisell\u00e4 merialueella.<\/p>\n","protected":false},"excerpt":{"rendered":"HS-analyysi|Ukrainan iskut Kaspianmerell\u00e4 ja V\u00e4limerell\u00e4 ovat vahva viesti niin Ven\u00e4j\u00e4lle kuin Ukrainan liittolaisillekin, kirjoittaa HS ulkomaantoimittaja John Helin.&hellip;\n","protected":false},"author":2,"featured_media":121729,"comment_status":"","ping_status":"","sticky":false,"template":"","format":"standard","meta":{"footnotes":""},"categories":[14],"tags":[22,23,26,27,33,31,30,17,46,24,25,28,29,15,18,21,32,19,20,56,16,59,60,61],"class_list":{"0":"post-121728","1":"post","2":"type-post","3":"status-publish","4":"format-standard","5":"has-post-thumbnail","7":"category-ulkomaat","8":"tag-breaking-news","9":"tag-breakingnews","10":"tag-featured-news","11":"tag-featurednews","12":"tag-fi","13":"tag-finland","14":"tag-finnish","15":"tag-headlines","16":"tag-helsingin-sanomat","17":"tag-latest-news","18":"tag-latestnews","19":"tag-main-news","20":"tag-mainnews","21":"tag-news","22":"tag-otsikot","23":"tag-paauutiset","24":"tag-suomi","25":"tag-top-stories","26":"tag-topstories","27":"tag-ulkomaat","28":"tag-uutiset","29":"tag-world","30":"tag-world-news","31":"tag-worldnews"},"share_on_mastodon":{"url":"https:\/\/pubeurope.com\/@fi\/115753589452856582","error":""},"_links":{"self":[{"href":"https:\/\/www.europesays.com\/fi\/wp-json\/wp\/v2\/posts\/121728","targetHints":{"allow":["GET"]}}],"collection":[{"href":"https:\/\/www.europesays.com\/fi\/wp-json\/wp\/v2\/posts"}],"about":[{"href":"https:\/\/www.europesays.com\/fi\/wp-json\/wp\/v2\/types\/post"}],"author":[{"embeddable":true,"href":"https:\/\/www.europesays.com\/fi\/wp-json\/wp\/v2\/users\/2"}],"replies":[{"embeddable":true,"href":"https:\/\/www.europesays.com\/fi\/wp-json\/wp\/v2\/comments?post=121728"}],"version-history":[{"count":0,"href":"https:\/\/www.europesays.com\/fi\/wp-json\/wp\/v2\/posts\/121728\/revisions"}],"wp:featuredmedia":[{"embeddable":true,"href":"https:\/\/www.europesays.com\/fi\/wp-json\/wp\/v2\/media\/121729"}],"wp:attachment":[{"href":"https:\/\/www.europesays.com\/fi\/wp-json\/wp\/v2\/media?parent=121728"}],"wp:term":[{"taxonomy":"category","embeddable":true,"href":"https:\/\/www.europesays.com\/fi\/wp-json\/wp\/v2\/categories?post=121728"},{"taxonomy":"post_tag","embeddable":true,"href":"https:\/\/www.europesays.com\/fi\/wp-json\/wp\/v2\/tags?post=121728"}],"curies":[{"name":"wp","href":"https:\/\/api.w.org\/{rel}","templated":true}]}}