{"id":121730,"date":"2025-12-20T19:39:08","date_gmt":"2025-12-20T19:39:08","guid":{"rendered":"https:\/\/www.europesays.com\/fi\/121730\/"},"modified":"2025-12-20T19:39:08","modified_gmt":"2025-12-20T19:39:08","slug":"henkilo-putosi-radiomastosta-ja-kuoli-tampereella-uutissuomalainen","status":"publish","type":"post","link":"https:\/\/www.europesays.com\/fi\/121730\/","title":{"rendered":"Henkil\u00f6 putosi radiomastosta ja kuoli Tampereella | Uutissuomalainen"},"content":{"rendered":"<p>Tampereen Teiskossa tapahtui lauantaina iltap\u00e4iv\u00e4ll\u00e4 onnettomuus, jossa menehtyi yksi henkil\u00f6.<\/p>\n<p>Sis\u00e4-Suomen poliisi ja Pirkanmaan pelastuslaitos saivat ilmoituksen kello 13.45 radiomastosta pudonneesta ihmisest\u00e4.<\/p>\n<p>Poliisitiedotteen mukaan paikalla henkil\u00f6n todettiin menehtyneen v\u00e4litt\u00f6m\u00e4sti putoamisen seurauksena.<\/p>\n<p>Putoamiseen liittyen ei poliisin mukaan ep\u00e4ill\u00e4 rikosta.. Tapauksen tutkinta jatkuu kuolemansyyn selvitt\u00e4misen\u00e4.<\/p>\n","protected":false},"excerpt":{"rendered":"Tampereen Teiskossa tapahtui lauantaina iltap\u00e4iv\u00e4ll\u00e4 onnettomuus, jossa menehtyi yksi henkil\u00f6. Sis\u00e4-Suomen poliisi ja Pirkanmaan pelastuslaitos saivat ilmoituksen kello&hellip;\n","protected":false},"author":2,"featured_media":983,"comment_status":"","ping_status":"","sticky":false,"template":"","format":"standard","meta":{"footnotes":""},"categories":[12],"tags":[22,23,26,27,33,31,30,17,683,24,25,28,29,15,18,21,122,54,103,32,551,712,19,20,546,16],"class_list":{"0":"post-121730","1":"post","2":"type-post","3":"status-publish","4":"format-standard","5":"has-post-thumbnail","7":"category-suomi","8":"tag-breaking-news","9":"tag-breakingnews","10":"tag-featured-news","11":"tag-featurednews","12":"tag-fi","13":"tag-finland","14":"tag-finnish","15":"tag-headlines","16":"tag-kuolema","17":"tag-latest-news","18":"tag-latestnews","19":"tag-main-news","20":"tag-mainnews","21":"tag-news","22":"tag-otsikot","23":"tag-paauutiset","24":"tag-pelastaminen","25":"tag-pelastuspalvelut","26":"tag-sosiaalikysymykset","27":"tag-suomi","28":"tag-tampere","29":"tag-tampereen-seutukunta","30":"tag-top-stories","31":"tag-topstories","32":"tag-turvallisuus","33":"tag-uutiset"},"share_on_mastodon":{"url":"https:\/\/pubeurope.com\/@fi\/115753593477450559","error":""},"_links":{"self":[{"href":"https:\/\/www.europesays.com\/fi\/wp-json\/wp\/v2\/posts\/121730","targetHints":{"allow":["GET"]}}],"collection":[{"href":"https:\/\/www.europesays.com\/fi\/wp-json\/wp\/v2\/posts"}],"about":[{"href":"https:\/\/www.europesays.com\/fi\/wp-json\/wp\/v2\/types\/post"}],"author":[{"embeddable":true,"href":"https:\/\/www.europesays.com\/fi\/wp-json\/wp\/v2\/users\/2"}],"replies":[{"embeddable":true,"href":"https:\/\/www.europesays.com\/fi\/wp-json\/wp\/v2\/comments?post=121730"}],"version-history":[{"count":0,"href":"https:\/\/www.europesays.com\/fi\/wp-json\/wp\/v2\/posts\/121730\/revisions"}],"wp:featuredmedia":[{"embeddable":true,"href":"https:\/\/www.europesays.com\/fi\/wp-json\/wp\/v2\/media\/983"}],"wp:attachment":[{"href":"https:\/\/www.europesays.com\/fi\/wp-json\/wp\/v2\/media?parent=121730"}],"wp:term":[{"taxonomy":"category","embeddable":true,"href":"https:\/\/www.europesays.com\/fi\/wp-json\/wp\/v2\/categories?post=121730"},{"taxonomy":"post_tag","embeddable":true,"href":"https:\/\/www.europesays.com\/fi\/wp-json\/wp\/v2\/tags?post=121730"}],"curies":[{"name":"wp","href":"https:\/\/api.w.org\/{rel}","templated":true}]}}