{"id":121731,"date":"2025-12-20T19:40:08","date_gmt":"2025-12-20T19:40:08","guid":{"rendered":"https:\/\/www.europesays.com\/fi\/121731\/"},"modified":"2025-12-20T19:40:08","modified_gmt":"2025-12-20T19:40:08","slug":"joel-pohjanpalo-jatkoi-hurjaa-maalivirettaan-serie-bssa","status":"publish","type":"post","link":"https:\/\/www.europesays.com\/fi\/121731\/","title":{"rendered":"Joel Pohjanpalo jatkoi hurjaa maalivirett\u00e4\u00e4n Serie B:ss\u00e4"},"content":{"rendered":"<p>Jalkapallo|Suomalaisen edustama Palermo j\u00e4i tasapeliin.<\/p>\n<p class=\"article-body mb-nof-24 px-nof-16\">Joel Pohjanpalo onnistui j\u00e4lleen maalinteossa, kun h\u00e4nen edustamansa Palermo haki 2\u20132-tasapelin Serie B:n vierasottelussa keskikastissa majailevaa Avellinoa vastaan.<\/p>\n<p class=\"article-body mb-nof-24 px-nof-16\">Pohjanpalo onnistui t\u00e4ll\u00e4 kertaa rangaistuspotkusta, joka tuomittiin vastustajan k\u00e4sivirheest\u00e4 ottelun 83. minuutilla. Suomalainen sijoitti varmasti vasempaan kulmaan maalin, jolla Palermo siirtyi 2\u20131-johtoon.<\/p>\n<p class=\"article-body mb-nof-24 px-nof-16\">Kotijoukkue meni avauspuoliajalla johtoon <a class=\"article-personlink\" href=\"https:\/\/www.hs.fi\/haku\/?query=Tommaso%20Biascin\" rel=\"nofollow noopener\" target=\"_blank\">Tommaso Biascin<\/a> osumalla. Palermon tasoitusmaalista vastasi ottelun 69. minuutilla kauden avausosumansa tehnyt <a class=\"article-personlink\" href=\"https:\/\/www.hs.fi\/haku\/?query=Filippo%20Ranocchia\" rel=\"nofollow noopener\" target=\"_blank\">Filippo Ranocchia<\/a>.<\/p>\n<p class=\"article-body mb-nof-24 px-nof-16\">Vain nelj\u00e4 minuuttia Pohjanpalon maalin j\u00e4lkeen ottelu sai dramaattisen k\u00e4\u00e4nteen, kun <a class=\"article-personlink\" href=\"https:\/\/www.hs.fi\/haku\/?query=Salim%20Diakite\" rel=\"nofollow noopener\" target=\"_blank\">Salim Diakite<\/a> ajettiin kent\u00e4lt\u00e4 toisen keltaisen kortin seurauksena. Heti seuraavasta hy\u00f6kk\u00e4yksest\u00e4 <a class=\"article-personlink\" href=\"https:\/\/www.hs.fi\/haku\/?query=Martin%20Palumbo\" rel=\"nofollow noopener\" target=\"_blank\">Martin Palumbo<\/a> viimeisteli Avellinon tasoitusmaalin.<\/p>\n<p class=\"article-body mb-nof-24 px-nof-16\">Pohjanpalo johtaa 11 maalillaan Serie B:n maalip\u00f6rssi\u00e4 kolmen maalin erolla <a class=\"article-personlink\" href=\"https:\/\/www.hs.fi\/haku\/?query=Massimo%20Codaan\" rel=\"nofollow noopener\" target=\"_blank\">Massimo Codaan<\/a> ja<a class=\"article-personlink\" href=\"https:\/\/www.hs.fi\/haku\/?query=%20Ettore%20Gliozziin\" rel=\"nofollow noopener\" target=\"_blank\"> Ettore Gliozziin<\/a>. Viidess\u00e4 viime ottelussaan Pohjanpalo on tehnyt seitsem\u00e4n maalia.<\/p>\n<p class=\"article-body mb-nof-24 px-nof-16\">Palermo on t\u00e4ll\u00e4 hetkell\u00e4 sarjassa viidenten\u00e4, nelj\u00e4n pisteen p\u00e4\u00e4ss\u00e4 kakkosena ja suoralla nousijanpaikalla olevasta Monzasta.<\/p>\n","protected":false},"excerpt":{"rendered":"Jalkapallo|Suomalaisen edustama Palermo j\u00e4i tasapeliin. Joel Pohjanpalo onnistui j\u00e4lleen maalinteossa, kun h\u00e4nen edustamansa Palermo haki 2\u20132-tasapelin Serie B:n&hellip;\n","protected":false},"author":2,"featured_media":121732,"comment_status":"","ping_status":"","sticky":false,"template":"","format":"standard","meta":{"footnotes":""},"categories":[5],"tags":[22,23,26,27,33,31,30,17,46,24,25,28,29,15,18,21,32,19,20,16],"class_list":{"0":"post-121731","1":"post","2":"type-post","3":"status-publish","4":"format-standard","5":"has-post-thumbnail","7":"category-otsikot","8":"tag-breaking-news","9":"tag-breakingnews","10":"tag-featured-news","11":"tag-featurednews","12":"tag-fi","13":"tag-finland","14":"tag-finnish","15":"tag-headlines","16":"tag-helsingin-sanomat","17":"tag-latest-news","18":"tag-latestnews","19":"tag-main-news","20":"tag-mainnews","21":"tag-news","22":"tag-otsikot","23":"tag-paauutiset","24":"tag-suomi","25":"tag-top-stories","26":"tag-topstories","27":"tag-uutiset"},"share_on_mastodon":{"url":"https:\/\/pubeurope.com\/@fi\/115753597176523127","error":""},"_links":{"self":[{"href":"https:\/\/www.europesays.com\/fi\/wp-json\/wp\/v2\/posts\/121731","targetHints":{"allow":["GET"]}}],"collection":[{"href":"https:\/\/www.europesays.com\/fi\/wp-json\/wp\/v2\/posts"}],"about":[{"href":"https:\/\/www.europesays.com\/fi\/wp-json\/wp\/v2\/types\/post"}],"author":[{"embeddable":true,"href":"https:\/\/www.europesays.com\/fi\/wp-json\/wp\/v2\/users\/2"}],"replies":[{"embeddable":true,"href":"https:\/\/www.europesays.com\/fi\/wp-json\/wp\/v2\/comments?post=121731"}],"version-history":[{"count":0,"href":"https:\/\/www.europesays.com\/fi\/wp-json\/wp\/v2\/posts\/121731\/revisions"}],"wp:featuredmedia":[{"embeddable":true,"href":"https:\/\/www.europesays.com\/fi\/wp-json\/wp\/v2\/media\/121732"}],"wp:attachment":[{"href":"https:\/\/www.europesays.com\/fi\/wp-json\/wp\/v2\/media?parent=121731"}],"wp:term":[{"taxonomy":"category","embeddable":true,"href":"https:\/\/www.europesays.com\/fi\/wp-json\/wp\/v2\/categories?post=121731"},{"taxonomy":"post_tag","embeddable":true,"href":"https:\/\/www.europesays.com\/fi\/wp-json\/wp\/v2\/tags?post=121731"}],"curies":[{"name":"wp","href":"https:\/\/api.w.org\/{rel}","templated":true}]}}