{"id":121733,"date":"2025-12-20T19:52:09","date_gmt":"2025-12-20T19:52:09","guid":{"rendered":"https:\/\/www.europesays.com\/fi\/121733\/"},"modified":"2025-12-20T19:52:09","modified_gmt":"2025-12-20T19:52:09","slug":"laura-haimila-olen-alkoholisti","status":"publish","type":"post","link":"https:\/\/www.europesays.com\/fi\/121733\/","title":{"rendered":"Laura Haimila: Olen alkoholisti"},"content":{"rendered":"<p>Juontaja Laura Haimila kertoo podcastissaan olevansa alkoholisti. <\/p>\n<p><img decoding=\"async\" class=\"image image-show image-preview\" src=\"https:\/\/www.europesays.com\/fi\/wp-content\/uploads\/2025\/12\/f28f35fbac4e342a22b53ba8161a4e3ac3adfd5ec9713edc5ee8b1c97888c368.jpg\" alt=\"\"\/><img decoding=\"async\" class=\"image image-show\" src=\"https:\/\/www.europesays.com\/fi\/wp-content\/uploads\/2025\/12\/1766260329_134_f28f35fbac4e342a22b53ba8161a4e3ac3adfd5ec9713edc5ee8b1c97888c368.jpg\" alt=\"\"\/><\/p>\n<p>Laura Haimila Suuri Seikkailu -ohjelman lehdist\u00f6tilaisuudessa.  Henri K\u00e4rkk\u00e4inen<\/p>\n<p class=\"paragraph\">Juotantaja, toimittaja <a href=\"https:\/\/www.iltalehti.fi\/henkilot\/Laura Haimila\" class=\"article-link-person-page\" rel=\"nofollow noopener\" target=\"_blank\">Laura Haimila<\/a> kertoo <a href=\"https:\/\/www.youtube.com\/watch?v=yXUu2BFS6d0&amp;t=2730s\" rel=\"noopener nofollow\" target=\"_blank\">Haimilan kuplassa -podcastissaan<\/a> olevansa alkoholisti.<\/p>\n<p class=\"paragraph\">Nuorena alkoholink\u00e4ytt\u00f6 oli viel\u00e4 maltillista ja samanlaista kuin muillakin ik\u00e4tovereilla. Haimila joi olutta ja k\u00e4vi viikonloppuisin baareissa. Haimila sanoo olleensa porukkansa viihdytt\u00e4j\u00e4 ja paljon \u00e4\u00e4ness\u00e4.<\/p>\n<p class=\"paragraph\">Tammikuussa 2013 tilanne muuttui.<\/p>\n<p class=\"paragraph\">\u2013 Koin el\u00e4m\u00e4ni t\u00e4h\u00e4n asti suurimman tragedian, kun kumppani l\u00e4hti t\u00e4st\u00e4 maailmasta ajasta ikuisuuteen. H\u00e4n teki p\u00e4\u00e4t\u00f6ksen itse kuukausi eromme j\u00e4lkeen, Haimila kertoo ja lis\u00e4\u00e4 el\u00e4neens\u00e4 siihen asti melko lailla pumpulissa.<\/p>\n<p class=\"paragraph\">Haimilalla oli hauskuuttajan rooli, josta h\u00e4n ei halunnut surusta huolimatta luopua.<\/p>\n<p class=\"paragraph\">\u2013 Ajattelin, ett\u00e4 pys\u00e4hdy edes vaikean asian \u00e4\u00e4rell\u00e4. Bailasin mink\u00e4 kerkesin. Kaiken a ja o oli, ett\u00e4 mulla olisi koko ajan hauskaa. Jos ei ollut hauskaa, se luotiin, Haimila sanoo viitaten hauskuuden luomiseen alkoholin avulla.<\/p>\n<p class=\"paragraph\">H\u00e4n joi aluksi muutamana p\u00e4iv\u00e4n\u00e4 viikossa ja sitten joka p\u00e4iv\u00e4.<\/p>\n<p class=\"paragraph\">\u2013 Alkoholik\u00e4ytt\u00e4ytyminen muuttui t\u00e4ysin, viina alkoi vied\u00e4, juominen oli t\u00e4ysin humalahakuista.<\/p>\n<p class=\"paragraph\">Haimila joi usein aamuy\u00f6h\u00f6n asti ja meni sitten t\u00f6ihin. H\u00e4n juonsi tuolloin NRJ:n iltap\u00e4iv\u00e4\u00e4.<\/p>\n<p class=\"paragraph\">\u2013 Ty\u00f6p\u00e4iv\u00e4t alkoivat kympilt\u00e4, sinne mentiin silm\u00e4t punaisina k\u00e4det t\u00e4risten.<\/p>\n<p class=\"paragraph\">Syyskuussa 2013 Haimila oli uuden yst\u00e4v\u00e4ns\u00e4 levyjulkkaribileiss\u00e4, kuten h\u00e4n itse kuvailee. Illan aikana Haimila hukkasi sek\u00e4 lompakkonsa ett\u00e4 puhelimensa ja muistikin p\u00e4tki. K\u00e4ym\u00e4st\u00e4\u00e4n keskustelusta uuden yst\u00e4v\u00e4ns\u00e4 kanssa Haimila ei muistanut mit\u00e4\u00e4n.<\/p>\n<p class=\"paragraph\">Haimila sanoo seuraavana p\u00e4iv\u00e4n\u00e4 ymm\u00e4rt\u00e4neens\u00e4, ett\u00e4 jotain on pieless\u00e4. Haimila yritti hakea apua j\u00e4rjest\u00f6ilt\u00e4, mutta ei sit\u00e4 saanut.<\/p>\n<p class=\"paragraph\">Haimila kutsui l\u00e4himm\u00e4t yst\u00e4v\u00e4ns\u00e4 iltateelle, jossa h\u00e4n kertoi ongelmastaan.<\/p>\n<p class=\"paragraph\">\u2013 K\u00e4ytin ensimm\u00e4isen kerran itsest\u00e4ni termi\u00e4 alkoholisti. Sanoin, ett\u00e4 minulle on syntynyt ongelmallinen suhde alkoholiin, tarvitsen teit\u00e4.<\/p>\n<p class=\"paragraph\">Haimila on ollut siit\u00e4 l\u00e4htien juomatta.<\/p>\n<p class=\"paragraph\">\u2013 El\u00e4m\u00e4 jatkui ennallaan, en vain ollut jurrissa.<\/p>\n<p class=\"paragraph\">L\u00e4hde: <a href=\"https:\/\/www.youtube.com\/watch?v=yXUu2BFS6d0&amp;t=2730s\" rel=\"noopener nofollow\" target=\"_blank\">Haimilan kuplassa<\/a><\/p>\n","protected":false},"excerpt":{"rendered":"Juontaja Laura Haimila kertoo podcastissaan olevansa alkoholisti. Laura Haimila Suuri Seikkailu -ohjelman lehdist\u00f6tilaisuudessa. Henri K\u00e4rkk\u00e4inen Juotantaja, toimittaja Laura&hellip;\n","protected":false},"author":2,"featured_media":121734,"comment_status":"","ping_status":"","sticky":false,"template":"","format":"standard","meta":{"footnotes":""},"categories":[136],"tags":[35,3039,138,407,137,33,31,30,408,695,694,2331,32,109],"class_list":{"0":"post-121733","1":"post","2":"type-post","3":"status-publish","4":"format-standard","5":"has-post-thumbnail","7":"category-julkkikset","8":"tag-24h","9":"tag-alkoholijuomat","10":"tag-audio","11":"tag-celebrities","12":"tag-entertainment","13":"tag-fi","14":"tag-finland","15":"tag-finnish","16":"tag-julkkikset","17":"tag-juomat","18":"tag-paihteet","19":"tag-ruoka-ja-juoma","20":"tag-suomi","21":"tag-viihde"},"share_on_mastodon":{"url":"https:\/\/pubeurope.com\/@fi\/115753644649528686","error":""},"_links":{"self":[{"href":"https:\/\/www.europesays.com\/fi\/wp-json\/wp\/v2\/posts\/121733","targetHints":{"allow":["GET"]}}],"collection":[{"href":"https:\/\/www.europesays.com\/fi\/wp-json\/wp\/v2\/posts"}],"about":[{"href":"https:\/\/www.europesays.com\/fi\/wp-json\/wp\/v2\/types\/post"}],"author":[{"embeddable":true,"href":"https:\/\/www.europesays.com\/fi\/wp-json\/wp\/v2\/users\/2"}],"replies":[{"embeddable":true,"href":"https:\/\/www.europesays.com\/fi\/wp-json\/wp\/v2\/comments?post=121733"}],"version-history":[{"count":0,"href":"https:\/\/www.europesays.com\/fi\/wp-json\/wp\/v2\/posts\/121733\/revisions"}],"wp:featuredmedia":[{"embeddable":true,"href":"https:\/\/www.europesays.com\/fi\/wp-json\/wp\/v2\/media\/121734"}],"wp:attachment":[{"href":"https:\/\/www.europesays.com\/fi\/wp-json\/wp\/v2\/media?parent=121733"}],"wp:term":[{"taxonomy":"category","embeddable":true,"href":"https:\/\/www.europesays.com\/fi\/wp-json\/wp\/v2\/categories?post=121733"},{"taxonomy":"post_tag","embeddable":true,"href":"https:\/\/www.europesays.com\/fi\/wp-json\/wp\/v2\/tags?post=121733"}],"curies":[{"name":"wp","href":"https:\/\/api.w.org\/{rel}","templated":true}]}}