{"id":121739,"date":"2025-12-20T20:03:07","date_gmt":"2025-12-20T20:03:07","guid":{"rendered":"https:\/\/www.europesays.com\/fi\/121739\/"},"modified":"2025-12-20T20:03:07","modified_gmt":"2025-12-20T20:03:07","slug":"yle-tulikivi-jatkaa-edelleen-kauppaa-venajalla","status":"publish","type":"post","link":"https:\/\/www.europesays.com\/fi\/121739\/","title":{"rendered":"Yle: Tulikivi jatkaa edelleen kauppaa Ven\u00e4j\u00e4ll\u00e4"},"content":{"rendered":"<p>Osakkeen\u00adomistajat eiv\u00e4t tienneet asiasta ennen Ylen yhteydenottoa.<\/p>\n<p class=\"article-body mb-nof-24 px-nof-16\">Pohjois-Karjalan Juuassa varaavia tulisijoja valmistava Tulikivi on jatkanut aktiivista liiketoimintaa Ven\u00e4j\u00e4ll\u00e4 vuosina 2023\u20132025. Viennin arvo on noin 2,5 miljoonaa euroa, <a class=\"article-genericlink\" href=\"https:\/\/yle.fi\/a\/74-20200823\" rel=\"nofollow noopener\" target=\"_blank\">kertoo Yle<\/a>.<\/p>\n<p class=\"article-body mb-nof-24 px-nof-16\">Tulikivi ilmoitti vuonna 2022 ajavansa Ven\u00e4j\u00e4n toiminnat alas heti Ven\u00e4j\u00e4n hy\u00f6kk\u00e4yssodan alettua.<\/p>\n<p class=\"article-body mb-nof-24 px-nof-16\">P\u00e4\u00e4t\u00f6ksest\u00e4 huolimatta Ven\u00e4j\u00e4lle on viety vuolukive\u00e4, keraamista kive\u00e4, niist\u00e4 tehtyj\u00e4 takkoja sek\u00e4 takan ja kiukaan osia. Tuotteita voi vied\u00e4 Ven\u00e4j\u00e4lle, koska ne eiv\u00e4t kuulu Ven\u00e4j\u00e4n vastaisten pakotteiden alaisuuteen.<\/p>\n<p class=\"article-body mb-nof-24 px-nof-16\">Yhti\u00f6ll\u00e4 on Ven\u00e4j\u00e4ll\u00e4 vuonna 2005 perustettu oma tyt\u00e4ryhti\u00f6 Ven\u00e4j\u00e4n liiketoimintaa varten. Tulikiven toimitusjohtaja sanoo Ylelle, ett\u00e4 sen toiminta on tarkoitus ajaa alas 2026.<\/p>\n<p class=\"article-body mb-nof-24 px-nof-16\">Yle tavoitti joitakin yhti\u00f6n suurimpia osakkeenomistajia, joista monelle tieto tuli yll\u00e4tyksen\u00e4. Esimerkiksi Suomen kulttuurirahasto kertoo harkitsevansa Tulikiven osakkeenomistusta uudelleen.<\/p>\n","protected":false},"excerpt":{"rendered":"Osakkeen\u00adomistajat eiv\u00e4t tienneet asiasta ennen Ylen yhteydenottoa. Pohjois-Karjalan Juuassa varaavia tulisijoja valmistava Tulikivi on jatkanut aktiivista liiketoimintaa Ven\u00e4j\u00e4ll\u00e4&hellip;\n","protected":false},"author":2,"featured_media":121740,"comment_status":"","ping_status":"","sticky":false,"template":"","format":"standard","meta":{"footnotes":""},"categories":[76],"tags":[79,77,33,31,30,34,32,78],"class_list":{"0":"post-121739","1":"post","2":"type-post","3":"status-publish","4":"format-standard","5":"has-post-thumbnail","7":"category-talous","8":"tag-business","9":"tag-economy","10":"tag-fi","11":"tag-finland","12":"tag-finnish","13":"tag-ilta-sanomat","14":"tag-suomi","15":"tag-talous"},"share_on_mastodon":{"url":"https:\/\/pubeurope.com\/@fi\/115753687707425621","error":""},"_links":{"self":[{"href":"https:\/\/www.europesays.com\/fi\/wp-json\/wp\/v2\/posts\/121739","targetHints":{"allow":["GET"]}}],"collection":[{"href":"https:\/\/www.europesays.com\/fi\/wp-json\/wp\/v2\/posts"}],"about":[{"href":"https:\/\/www.europesays.com\/fi\/wp-json\/wp\/v2\/types\/post"}],"author":[{"embeddable":true,"href":"https:\/\/www.europesays.com\/fi\/wp-json\/wp\/v2\/users\/2"}],"replies":[{"embeddable":true,"href":"https:\/\/www.europesays.com\/fi\/wp-json\/wp\/v2\/comments?post=121739"}],"version-history":[{"count":0,"href":"https:\/\/www.europesays.com\/fi\/wp-json\/wp\/v2\/posts\/121739\/revisions"}],"wp:featuredmedia":[{"embeddable":true,"href":"https:\/\/www.europesays.com\/fi\/wp-json\/wp\/v2\/media\/121740"}],"wp:attachment":[{"href":"https:\/\/www.europesays.com\/fi\/wp-json\/wp\/v2\/media?parent=121739"}],"wp:term":[{"taxonomy":"category","embeddable":true,"href":"https:\/\/www.europesays.com\/fi\/wp-json\/wp\/v2\/categories?post=121739"},{"taxonomy":"post_tag","embeddable":true,"href":"https:\/\/www.europesays.com\/fi\/wp-json\/wp\/v2\/tags?post=121739"}],"curies":[{"name":"wp","href":"https:\/\/api.w.org\/{rel}","templated":true}]}}